{"id":1015,"date":"2015-10-05T01:40:36","date_gmt":"2015-10-04T23:40:36","guid":{"rendered":"http:\/\/www.segunda-feira.de\/?p=1015"},"modified":"2015-10-05T01:56:39","modified_gmt":"2015-10-04T23:56:39","slug":"bilder-bilder-bilder","status":"publish","type":"post","link":"http:\/\/www.segunda-feira.de\/?p=1015","title":{"rendered":"Bilder, Bilder, Bilder"},"content":{"rendered":"<p>Vier Mitfahrer gleich viermal mehr Fotos. Eine Auswahl&#8230;<\/p>\n<p>Fortaleza:<\/p>\n<div class='polaroid-gallery galleryid-1015' style='width:auto;'>\n\t\t\t<a href=\"http:\/\/www.segunda-feira.de\/wp-content\/uploads\/2015\/10\/Es-gibt-Menschen-die-m\u00f6gen-so-etwas-1024x768.jpg\" title=\"Es gibt Menschen die m\u00f6gen so etwas\" rel=\"polaroid_1888759871\" class=\"polaroid-gallery-item showcaption\"><span class=\"polaroid-gallery-image\" title=\"\" style=\"background-image: url(http:\/\/www.segunda-feira.de\/wp-content\/uploads\/2015\/10\/Es-gibt-Menschen-die-m\u00f6gen-so-etwas-140x140.jpg); width: 140px; height: 140px;\"><\/span><\/a>\n\t\t\t<a href=\"http:\/\/www.segunda-feira.de\/wp-content\/uploads\/2015\/10\/Fortaleza-vom-Pier-1024x225.jpg\" title=\"Fortaleza vom Pier\" rel=\"polaroid_1888759871\" class=\"polaroid-gallery-item showcaption\"><span class=\"polaroid-gallery-image\" title=\"\" style=\"background-image: url(http:\/\/www.segunda-feira.de\/wp-content\/uploads\/2015\/10\/Fortaleza-vom-Pier-140x140.jpg); width: 140px; height: 140px;\"><\/span><\/a>\n\t\t\t<a href=\"http:\/\/www.segunda-feira.de\/wp-content\/uploads\/2015\/10\/Hochhausstrand-1024x768.jpg\" title=\"Hochhausstrand\" rel=\"polaroid_1888759871\" class=\"polaroid-gallery-item showcaption\"><span class=\"polaroid-gallery-image\" title=\"\" style=\"background-image: url(http:\/\/www.segunda-feira.de\/wp-content\/uploads\/2015\/10\/Hochhausstrand-140x140.jpg); width: 140px; height: 140px;\"><\/span><\/a>\n\t\t\t<a href=\"http:\/\/www.segunda-feira.de\/wp-content\/uploads\/2015\/10\/Stra\u00dfenzug-1024x768.jpg\" title=\"Stra\u00dfenzug\" rel=\"polaroid_1888759871\" class=\"polaroid-gallery-item showcaption\"><span class=\"polaroid-gallery-image\" title=\"\" style=\"background-image: url(http:\/\/www.segunda-feira.de\/wp-content\/uploads\/2015\/10\/Stra\u00dfenzug-140x140.jpg); width: 140px; height: 140px;\"><\/span><\/a>\n\t\t\t<a href=\"http:\/\/www.segunda-feira.de\/wp-content\/uploads\/2015\/10\/Zimmer-mit-Aussicht-1024x768.jpg\" title=\"Zimmer mit Aussicht\" rel=\"polaroid_1888759871\" class=\"polaroid-gallery-item showcaption\"><span class=\"polaroid-gallery-image\" title=\"\" style=\"background-image: url(http:\/\/www.segunda-feira.de\/wp-content\/uploads\/2015\/10\/Zimmer-mit-Aussicht-140x140.jpg); width: 140px; height: 140px;\"><\/span><\/a>\n\t\t\t<a href=\"http:\/\/www.segunda-feira.de\/wp-content\/uploads\/2015\/10\/Ung\u00fcnstige-Perspektive-1024x768.jpg\" title=\"Ung\u00fcnstige Perspektive\" rel=\"polaroid_1888759871\" class=\"polaroid-gallery-item showcaption\"><span class=\"polaroid-gallery-image\" title=\"\" style=\"background-image: url(http:\/\/www.segunda-feira.de\/wp-content\/uploads\/2015\/10\/Ung\u00fcnstige-Perspektive-140x140.jpg); width: 140px; height: 140px;\"><\/span><\/a>\n\t\t\t<br style=\"clear: both;\" \/><\/div>\n\n<p>Der 300-Kilometer-Ritt nach Jericoacoara:<\/p>\n<div class='polaroid-gallery galleryid-1015' style='width:auto;'>\n\t\t\t<a href=\"http:\/\/www.segunda-feira.de\/wp-content\/uploads\/2015\/10\/01_Im-Cockpit-1024x768.jpg\" title=\"01_Im Cockpit\" rel=\"polaroid_1686786831\" class=\"polaroid-gallery-item showcaption\"><span class=\"polaroid-gallery-image\" title=\"\" style=\"background-image: url(http:\/\/www.segunda-feira.de\/wp-content\/uploads\/2015\/10\/01_Im-Cockpit-140x140.jpg); width: 140px; height: 140px;\"><\/span><\/a>\n\t\t\t<a href=\"http:\/\/www.segunda-feira.de\/wp-content\/uploads\/2015\/10\/01_Endlich-fahr-ich-mal-nicht-1024x768.jpg\" title=\"01_Endlich fahr ich mal nicht\" rel=\"polaroid_1686786831\" class=\"polaroid-gallery-item showcaption\"><span class=\"polaroid-gallery-image\" title=\"\" style=\"background-image: url(http:\/\/www.segunda-feira.de\/wp-content\/uploads\/2015\/10\/01_Endlich-fahr-ich-mal-nicht-140x140.jpg); width: 140px; height: 140px;\"><\/span><\/a>\n\t\t\t<a href=\"http:\/\/www.segunda-feira.de\/wp-content\/uploads\/2015\/10\/01_Orientierungslos-1024x768.jpg\" title=\"01_Orientierungslos\" rel=\"polaroid_1686786831\" class=\"polaroid-gallery-item showcaption\"><span class=\"polaroid-gallery-image\" title=\"\" style=\"background-image: url(http:\/\/www.segunda-feira.de\/wp-content\/uploads\/2015\/10\/01_Orientierungslos-140x140.jpg); width: 140px; height: 140px;\"><\/span><\/a>\n\t\t\t<a href=\"http:\/\/www.segunda-feira.de\/wp-content\/uploads\/2015\/10\/01_Fernfahrermen\u00fc-1024x768.jpg\" title=\"01_Fernfahrermen\u00fc\" rel=\"polaroid_1686786831\" class=\"polaroid-gallery-item showcaption\"><span class=\"polaroid-gallery-image\" title=\"\" style=\"background-image: url(http:\/\/www.segunda-feira.de\/wp-content\/uploads\/2015\/10\/01_Fernfahrermen\u00fc-140x140.jpg); width: 140px; height: 140px;\"><\/span><\/a>\n\t\t\t<br style=\"clear: both;\" \/><\/div>\n\n<p>Angekommen in unserer Unterkunft in Jericoacoara:<\/p>\n<div class='polaroid-gallery galleryid-1015' style='width:auto;'>\n\t\t\t<a href=\"http:\/\/www.segunda-feira.de\/wp-content\/uploads\/2015\/10\/02_Angekommen-1024x682.jpg\" title=\"02_Angekommen\" rel=\"polaroid_224033142\" class=\"polaroid-gallery-item showcaption\"><span class=\"polaroid-gallery-image\" title=\"\" style=\"background-image: url(http:\/\/www.segunda-feira.de\/wp-content\/uploads\/2015\/10\/02_Angekommen-140x140.jpg); width: 140px; height: 140px;\"><\/span><\/a>\n\t\t\t<a href=\"http:\/\/www.segunda-feira.de\/wp-content\/uploads\/2015\/10\/02_Veranda-1024x768.jpg\" title=\"02_Veranda\" rel=\"polaroid_224033142\" class=\"polaroid-gallery-item showcaption\"><span class=\"polaroid-gallery-image\" title=\"\" style=\"background-image: url(http:\/\/www.segunda-feira.de\/wp-content\/uploads\/2015\/10\/02_Veranda-140x140.jpg); width: 140px; height: 140px;\"><\/span><\/a>\n\t\t\t<a href=\"http:\/\/www.segunda-feira.de\/wp-content\/uploads\/2015\/10\/02_Noch-mehr-Veranda-1024x768.jpg\" title=\"02_Noch mehr Veranda\" rel=\"polaroid_224033142\" class=\"polaroid-gallery-item showcaption\"><span class=\"polaroid-gallery-image\" title=\"\" style=\"background-image: url(http:\/\/www.segunda-feira.de\/wp-content\/uploads\/2015\/10\/02_Noch-mehr-Veranda-140x140.jpg); width: 140px; height: 140px;\"><\/span><\/a>\n\t\t\t<a href=\"http:\/\/www.segunda-feira.de\/wp-content\/uploads\/2015\/10\/02_Buggy-1024x768.jpg\" title=\"02_Buggy\" rel=\"polaroid_224033142\" class=\"polaroid-gallery-item showcaption\"><span class=\"polaroid-gallery-image\" title=\"\" style=\"background-image: url(http:\/\/www.segunda-feira.de\/wp-content\/uploads\/2015\/10\/02_Buggy-140x140.jpg); width: 140px; height: 140px;\"><\/span><\/a>\n\t\t\t<a href=\"http:\/\/www.segunda-feira.de\/wp-content\/uploads\/2015\/10\/02_Heldenfr\u00fchst\u00fcck-1024x768.jpg\" title=\"02_Heldenfr\u00fchst\u00fcck\" rel=\"polaroid_224033142\" class=\"polaroid-gallery-item showcaption\"><span class=\"polaroid-gallery-image\" title=\"\" style=\"background-image: url(http:\/\/www.segunda-feira.de\/wp-content\/uploads\/2015\/10\/02_Heldenfr\u00fchst\u00fcck-140x140.jpg); width: 140px; height: 140px;\"><\/span><\/a>\n\t\t\t<br style=\"clear: both;\" \/><\/div>\n\n<p>Eine der Attraktion soll der Sonnenuntergang in Jericoacoara sein, weil er laut Lonely Planet einen Gr\u00fcnstich haben soll. Hatte er aber nicht. Hier die Beweisfotos im Falle einer Geldr\u00fcckforderung:<\/p>\n<div class='polaroid-gallery galleryid-1015' style='width:auto;'>\n\t\t\t<a href=\"http:\/\/www.segunda-feira.de\/wp-content\/uploads\/2015\/10\/03_Jericoacoara-Strand-1024x682.jpg\" title=\"03_Jericoacoara Strand\" rel=\"polaroid_1765283400\" class=\"polaroid-gallery-item showcaption\"><span class=\"polaroid-gallery-image\" title=\"\" style=\"background-image: url(http:\/\/www.segunda-feira.de\/wp-content\/uploads\/2015\/10\/03_Jericoacoara-Strand-140x140.jpg); width: 140px; height: 140px;\"><\/span><\/a>\n\t\t\t<a href=\"http:\/\/www.segunda-feira.de\/wp-content\/uploads\/2015\/10\/03_Pilgern-zum-Sonnenuntergang-1024x682.jpg\" title=\"03_Pilgern zum Sonnenuntergang\" rel=\"polaroid_1765283400\" class=\"polaroid-gallery-item showcaption\"><span class=\"polaroid-gallery-image\" title=\"\" style=\"background-image: url(http:\/\/www.segunda-feira.de\/wp-content\/uploads\/2015\/10\/03_Pilgern-zum-Sonnenuntergang-140x140.jpg); width: 140px; height: 140px;\"><\/span><\/a>\n\t\t\t<a href=\"http:\/\/www.segunda-feira.de\/wp-content\/uploads\/2015\/10\/03_Pilgerer-1024x768.jpg\" title=\"03_Pilgerer\" rel=\"polaroid_1765283400\" class=\"polaroid-gallery-item showcaption\"><span class=\"polaroid-gallery-image\" title=\"\" style=\"background-image: url(http:\/\/www.segunda-feira.de\/wp-content\/uploads\/2015\/10\/03_Pilgerer-140x140.jpg); width: 140px; height: 140px;\"><\/span><\/a>\n\t\t\t<a href=\"http:\/\/www.segunda-feira.de\/wp-content\/uploads\/2015\/10\/03_Man-wartet-1024x682.jpg\" title=\"03_Man wartet\" rel=\"polaroid_1765283400\" class=\"polaroid-gallery-item showcaption\"><span class=\"polaroid-gallery-image\" title=\"\" style=\"background-image: url(http:\/\/www.segunda-feira.de\/wp-content\/uploads\/2015\/10\/03_Man-wartet-140x140.jpg); width: 140px; height: 140px;\"><\/span><\/a>\n\t\t\t<a href=\"http:\/\/www.segunda-feira.de\/wp-content\/uploads\/2015\/10\/03_Warten-mit-Caipi-1024x682.jpg\" title=\"03_Warten mit Caipi\" rel=\"polaroid_1765283400\" class=\"polaroid-gallery-item showcaption\"><span class=\"polaroid-gallery-image\" title=\"\" style=\"background-image: url(http:\/\/www.segunda-feira.de\/wp-content\/uploads\/2015\/10\/03_Warten-mit-Caipi-140x140.jpg); width: 140px; height: 140px;\"><\/span><\/a>\n\t\t\t<a href=\"http:\/\/www.segunda-feira.de\/wp-content\/uploads\/2015\/10\/03_Und-wartet-1024x768.jpg\" title=\"03_Und wartet\" rel=\"polaroid_1765283400\" class=\"polaroid-gallery-item showcaption\"><span class=\"polaroid-gallery-image\" title=\"\" style=\"background-image: url(http:\/\/www.segunda-feira.de\/wp-content\/uploads\/2015\/10\/03_Und-wartet-140x140.jpg); width: 140px; height: 140px;\"><\/span><\/a>\n\t\t\t<a href=\"http:\/\/www.segunda-feira.de\/wp-content\/uploads\/2015\/10\/03_Sonnenuntergang-ohne-Gr\u00fcnstich-1024x682.jpg\" title=\"03_Sonnenuntergang ohne Gr\u00fcnstich\" rel=\"polaroid_1765283400\" class=\"polaroid-gallery-item showcaption\"><span class=\"polaroid-gallery-image\" title=\"\" style=\"background-image: url(http:\/\/www.segunda-feira.de\/wp-content\/uploads\/2015\/10\/03_Sonnenuntergang-ohne-Gr\u00fcnstich-140x140.jpg); width: 140px; height: 140px;\"><\/span><\/a>\n\t\t\t<a href=\"http:\/\/www.segunda-feira.de\/wp-content\/uploads\/2015\/10\/03_Kehrtmarsch-1024x682.jpg\" title=\"03_Kehrtmarsch\" rel=\"polaroid_1765283400\" class=\"polaroid-gallery-item showcaption\"><span class=\"polaroid-gallery-image\" title=\"\" style=\"background-image: url(http:\/\/www.segunda-feira.de\/wp-content\/uploads\/2015\/10\/03_Kehrtmarsch-140x140.jpg); width: 140px; height: 140px;\"><\/span><\/a>\n\t\t\t<a href=\"http:\/\/www.segunda-feira.de\/wp-content\/uploads\/2015\/10\/03_Gesch\u00e4ft-beendet-1024x682.jpg\" title=\"03_Gesch\u00e4ft beendet\" rel=\"polaroid_1765283400\" class=\"polaroid-gallery-item showcaption\"><span class=\"polaroid-gallery-image\" title=\"\" style=\"background-image: url(http:\/\/www.segunda-feira.de\/wp-content\/uploads\/2015\/10\/03_Gesch\u00e4ft-beendet-140x140.jpg); width: 140px; height: 140px;\"><\/span><\/a>\n\t\t\t<a href=\"http:\/\/www.segunda-feira.de\/wp-content\/uploads\/2015\/10\/03_Capuera-f\u00fcr-die-R\u00fcckkehrer-1024x682.jpg\" title=\"03_Capuera f\u00fcr die R\u00fcckkehrer\" rel=\"polaroid_1765283400\" class=\"polaroid-gallery-item showcaption\"><span class=\"polaroid-gallery-image\" title=\"\" style=\"background-image: url(http:\/\/www.segunda-feira.de\/wp-content\/uploads\/2015\/10\/03_Capuera-f\u00fcr-die-R\u00fcckkehrer-140x140.jpg); width: 140px; height: 140px;\"><\/span><\/a>\n\t\t\t<br style=\"clear: both;\" \/><\/div>\n\n<p>Was man den Fotos nie ansieht, ist der Wind, der an der gesamten K\u00fcste tags\u00fcber weht.<\/p>\n<p><iframe loading=\"lazy\" src=\"http:\/\/www.youtube.com\/embed\/J25j8Tf8A_M?rel=0&amp;modestbranding=1\" width=\"560\" height=\"315\" frameborder=\"0\" allowfullscreen=\"allowfullscreen\"><\/iframe><\/p>\n<p>Weitere Strandimpressionen:<\/p>\n<div class='polaroid-gallery galleryid-1015' style='width:auto;'>\n\t\t\t<a href=\"http:\/\/www.segunda-feira.de\/wp-content\/uploads\/2015\/10\/04_Dramatischer-Sonnenaufgang-1024x682.jpg\" title=\"04_Dramatischer Sonnenaufgang\" rel=\"polaroid_913479754\" class=\"polaroid-gallery-item showcaption\"><span class=\"polaroid-gallery-image\" title=\"\" style=\"background-image: url(http:\/\/www.segunda-feira.de\/wp-content\/uploads\/2015\/10\/04_Dramatischer-Sonnenaufgang-140x140.jpg); width: 140px; height: 140px;\"><\/span><\/a>\n\t\t\t<a href=\"http:\/\/www.segunda-feira.de\/wp-content\/uploads\/2015\/10\/04_D\u00fcnenreiter-1024x768.jpg\" title=\"04_D\u00fcnenreiter\" rel=\"polaroid_913479754\" class=\"polaroid-gallery-item showcaption\"><span class=\"polaroid-gallery-image\" title=\"\" style=\"background-image: url(http:\/\/www.segunda-feira.de\/wp-content\/uploads\/2015\/10\/04_D\u00fcnenreiter-140x140.jpg); width: 140px; height: 140px;\"><\/span><\/a>\n\t\t\t<a href=\"http:\/\/www.segunda-feira.de\/wp-content\/uploads\/2015\/10\/04_Kiterparadis-1024x768.jpg\" title=\"04_Kiterparadis\" rel=\"polaroid_913479754\" class=\"polaroid-gallery-item showcaption\"><span class=\"polaroid-gallery-image\" title=\"\" style=\"background-image: url(http:\/\/www.segunda-feira.de\/wp-content\/uploads\/2015\/10\/04_Kiterparadis-140x140.jpg); width: 140px; height: 140px;\"><\/span><\/a>\n\t\t\t<a href=\"http:\/\/www.segunda-feira.de\/wp-content\/uploads\/2015\/10\/04_Noch-mehr-Strand-1024x682.jpg\" title=\"04_Noch mehr Strand\" rel=\"polaroid_913479754\" class=\"polaroid-gallery-item showcaption\"><span class=\"polaroid-gallery-image\" title=\"\" style=\"background-image: url(http:\/\/www.segunda-feira.de\/wp-content\/uploads\/2015\/10\/04_Noch-mehr-Strand-140x140.jpg); width: 140px; height: 140px;\"><\/span><\/a>\n\t\t\t<a href=\"http:\/\/www.segunda-feira.de\/wp-content\/uploads\/2015\/10\/04_Strandkulisse-1024x682.jpg\" title=\"04_Strandkulisse\" rel=\"polaroid_913479754\" class=\"polaroid-gallery-item showcaption\"><span class=\"polaroid-gallery-image\" title=\"\" style=\"background-image: url(http:\/\/www.segunda-feira.de\/wp-content\/uploads\/2015\/10\/04_Strandkulisse-140x140.jpg); width: 140px; height: 140px;\"><\/span><\/a>\n\t\t\t<br style=\"clear: both;\" \/><\/div>\n\n<p>Nach zwei N\u00e4chten in Jericoacoara ging es weiter nach Tatajuba, das nur 20 Kilometer weiter westlich den Strand entlag lag:<\/p>\n<div class='polaroid-gallery galleryid-1015' style='width:auto;'>\n\t\t\t<a href=\"http:\/\/www.segunda-feira.de\/wp-content\/uploads\/2015\/10\/01_Dicht-gepackt-1024x682.jpg\" title=\"01_Dicht gepackt\" rel=\"polaroid_623129832\" class=\"polaroid-gallery-item showcaption\"><span class=\"polaroid-gallery-image\" title=\"\" style=\"background-image: url(http:\/\/www.segunda-feira.de\/wp-content\/uploads\/2015\/10\/01_Dicht-gepackt-140x140.jpg); width: 140px; height: 140px;\"><\/span><\/a>\n\t\t\t<a href=\"http:\/\/www.segunda-feira.de\/wp-content\/uploads\/2015\/10\/01_Fotoshooting-1024x768.jpg\" title=\"01_Fotoshooting\" rel=\"polaroid_623129832\" class=\"polaroid-gallery-item showcaption\"><span class=\"polaroid-gallery-image\" title=\"\" style=\"background-image: url(http:\/\/www.segunda-feira.de\/wp-content\/uploads\/2015\/10\/01_Fotoshooting-140x140.jpg); width: 140px; height: 140px;\"><\/span><\/a>\n\t\t\t<a href=\"http:\/\/www.segunda-feira.de\/wp-content\/uploads\/2015\/10\/01_F\u00e4hrm\u00e4nner-1024x682.jpg\" title=\"01_F\u00e4hrm\u00e4nner\" rel=\"polaroid_623129832\" class=\"polaroid-gallery-item showcaption\"><span class=\"polaroid-gallery-image\" title=\"\" style=\"background-image: url(http:\/\/www.segunda-feira.de\/wp-content\/uploads\/2015\/10\/01_F\u00e4hrm\u00e4nner-140x140.jpg); width: 140px; height: 140px;\"><\/span><\/a>\n\t\t\t<a href=\"http:\/\/www.segunda-feira.de\/wp-content\/uploads\/2015\/10\/01_Jetzt-nur-nicht-von-der-Kupplung-rutschen-1024x682.jpg\" title=\"01_Jetzt nur nicht von der Kupplung rutschen\" rel=\"polaroid_623129832\" class=\"polaroid-gallery-item showcaption\"><span class=\"polaroid-gallery-image\" title=\"\" style=\"background-image: url(http:\/\/www.segunda-feira.de\/wp-content\/uploads\/2015\/10\/01_Jetzt-nur-nicht-von-der-Kupplung-rutschen-140x140.jpg); width: 140px; height: 140px;\"><\/span><\/a>\n\t\t\t<a href=\"http:\/\/www.segunda-feira.de\/wp-content\/uploads\/2015\/10\/01_\u00dcberfahrt-1024x768.jpg\" title=\"01_\u00dcberfahrt\" rel=\"polaroid_623129832\" class=\"polaroid-gallery-item showcaption\"><span class=\"polaroid-gallery-image\" title=\"\" style=\"background-image: url(http:\/\/www.segunda-feira.de\/wp-content\/uploads\/2015\/10\/01_\u00dcberfahrt-140x140.jpg); width: 140px; height: 140px;\"><\/span><\/a>\n\t\t\t<a href=\"http:\/\/www.segunda-feira.de\/wp-content\/uploads\/2015\/10\/01_Leerfahrt-1024x682.jpg\" title=\"01_Leerfahrt\" rel=\"polaroid_623129832\" class=\"polaroid-gallery-item showcaption\"><span class=\"polaroid-gallery-image\" title=\"\" style=\"background-image: url(http:\/\/www.segunda-feira.de\/wp-content\/uploads\/2015\/10\/01_Leerfahrt-140x140.jpg); width: 140px; height: 140px;\"><\/span><\/a>\n\t\t\t<a href=\"http:\/\/www.segunda-feira.de\/wp-content\/uploads\/2015\/10\/01_Mangrovendurchfahrt-1024x682.jpg\" title=\"01_Mangrovendurchfahrt\" rel=\"polaroid_623129832\" class=\"polaroid-gallery-item showcaption\"><span class=\"polaroid-gallery-image\" title=\"\" style=\"background-image: url(http:\/\/www.segunda-feira.de\/wp-content\/uploads\/2015\/10\/01_Mangrovendurchfahrt-140x140.jpg); width: 140px; height: 140px;\"><\/span><\/a>\n\t\t\t<a href=\"http:\/\/www.segunda-feira.de\/wp-content\/uploads\/2015\/10\/01_Mangroven-1024x682.jpg\" title=\"01_Mangroven\" rel=\"polaroid_623129832\" class=\"polaroid-gallery-item showcaption\"><span class=\"polaroid-gallery-image\" title=\"\" style=\"background-image: url(http:\/\/www.segunda-feira.de\/wp-content\/uploads\/2015\/10\/01_Mangroven-140x140.jpg); width: 140px; height: 140px;\"><\/span><\/a>\n\t\t\t<a href=\"http:\/\/www.segunda-feira.de\/wp-content\/uploads\/2015\/10\/01_Noch-mehr-Mangroven-1024x768.jpg\" title=\"01_Noch mehr Mangroven\" rel=\"polaroid_623129832\" class=\"polaroid-gallery-item showcaption\"><span class=\"polaroid-gallery-image\" title=\"\" style=\"background-image: url(http:\/\/www.segunda-feira.de\/wp-content\/uploads\/2015\/10\/01_Noch-mehr-Mangroven-140x140.jpg); width: 140px; height: 140px;\"><\/span><\/a>\n\t\t\t<a href=\"http:\/\/www.segunda-feira.de\/wp-content\/uploads\/2015\/10\/01_Mit-80-\u00fcber-den-Strand-1024x768.jpg\" title=\"01_Mit 80 \u00fcber den Strand\" rel=\"polaroid_623129832\" class=\"polaroid-gallery-item showcaption\"><span class=\"polaroid-gallery-image\" title=\"\" style=\"background-image: url(http:\/\/www.segunda-feira.de\/wp-content\/uploads\/2015\/10\/01_Mit-80-\u00fcber-den-Strand-140x140.jpg); width: 140px; height: 140px;\"><\/span><\/a>\n\t\t\t<a href=\"http:\/\/www.segunda-feira.de\/wp-content\/uploads\/2015\/10\/01_Pause-1024x682.jpg\" title=\"01_Pause\" rel=\"polaroid_623129832\" class=\"polaroid-gallery-item showcaption\"><span class=\"polaroid-gallery-image\" title=\"\" style=\"background-image: url(http:\/\/www.segunda-feira.de\/wp-content\/uploads\/2015\/10\/01_Pause-140x140.jpg); width: 140px; height: 140px;\"><\/span><\/a>\n\t\t\t<br style=\"clear: both;\" \/><\/div>\n\n<p>Ankunft an Dalmiras Bar in Tatajuba:<\/p>\n<div class='polaroid-gallery galleryid-1015' style='width:auto;'>\n\t\t\t<a href=\"http:\/\/www.segunda-feira.de\/wp-content\/uploads\/2015\/10\/02_Dalmiras-Bar-1024x768.jpg\" title=\"02_Dalmiras Bar\" rel=\"polaroid_863118300\" class=\"polaroid-gallery-item showcaption\"><span class=\"polaroid-gallery-image\" title=\"\" style=\"background-image: url(http:\/\/www.segunda-feira.de\/wp-content\/uploads\/2015\/10\/02_Dalmiras-Bar-140x140.jpg); width: 140px; height: 140px;\"><\/span><\/a>\n\t\t\t<a href=\"http:\/\/www.segunda-feira.de\/wp-content\/uploads\/2015\/10\/02_Dalmira-1024x682.jpg\" title=\"02_Dalmira\" rel=\"polaroid_863118300\" class=\"polaroid-gallery-item showcaption\"><span class=\"polaroid-gallery-image\" title=\"\" style=\"background-image: url(http:\/\/www.segunda-feira.de\/wp-content\/uploads\/2015\/10\/02_Dalmira-140x140.jpg); width: 140px; height: 140px;\"><\/span><\/a>\n\t\t\t<a href=\"http:\/\/www.segunda-feira.de\/wp-content\/uploads\/2015\/10\/02_Erz\u00e4hlstunde-in-Dalmiras-Bar-1024x682.jpg\" title=\"02_Erz\u00e4hlstunde in Dalmiras Bar\" rel=\"polaroid_863118300\" class=\"polaroid-gallery-item showcaption\"><span class=\"polaroid-gallery-image\" title=\"\" style=\"background-image: url(http:\/\/www.segunda-feira.de\/wp-content\/uploads\/2015\/10\/02_Erz\u00e4hlstunde-in-Dalmiras-Bar-140x140.jpg); width: 140px; height: 140px;\"><\/span><\/a>\n\t\t\t<a href=\"http:\/\/www.segunda-feira.de\/wp-content\/uploads\/2015\/10\/02_Vogelkunde-1024x768.jpg\" title=\"02_Vogelkunde\" rel=\"polaroid_863118300\" class=\"polaroid-gallery-item showcaption\"><span class=\"polaroid-gallery-image\" title=\"\" style=\"background-image: url(http:\/\/www.segunda-feira.de\/wp-content\/uploads\/2015\/10\/02_Vogelkunde-140x140.jpg); width: 140px; height: 140px;\"><\/span><\/a>\n\t\t\t<a href=\"http:\/\/www.segunda-feira.de\/wp-content\/uploads\/2015\/10\/02_Vogel-auf-der-Schulter-1024x768.jpg\" title=\"02_Vogel auf der Schulter\" rel=\"polaroid_863118300\" class=\"polaroid-gallery-item showcaption\"><span class=\"polaroid-gallery-image\" title=\"\" style=\"background-image: url(http:\/\/www.segunda-feira.de\/wp-content\/uploads\/2015\/10\/02_Vogel-auf-der-Schulter-140x140.jpg); width: 140px; height: 140px;\"><\/span><\/a>\n\t\t\t<br style=\"clear: both;\" \/><\/div>\n\n<p>Der Strand von Tatajuba ist im Vergleich zum 20 Kilometer entfernten Jericoacoara eher unbelebt:<\/p>\n<div class='polaroid-gallery galleryid-1015' style='width:auto;'>\n\t\t\t<a href=\"http:\/\/www.segunda-feira.de\/wp-content\/uploads\/2015\/10\/03_Strandbars-1024x614.jpg\" title=\"03_Strandbars\" rel=\"polaroid_543272415\" class=\"polaroid-gallery-item showcaption\"><span class=\"polaroid-gallery-image\" title=\"\" style=\"background-image: url(http:\/\/www.segunda-feira.de\/wp-content\/uploads\/2015\/10\/03_Strandbars-140x140.jpg); width: 140px; height: 140px;\"><\/span><\/a>\n\t\t\t<a href=\"http:\/\/www.segunda-feira.de\/wp-content\/uploads\/2015\/10\/03_Am-Strand-von-Tatajuba-1024x614.jpg\" title=\"03_Am Strand von Tatajuba\" rel=\"polaroid_543272415\" class=\"polaroid-gallery-item showcaption\"><span class=\"polaroid-gallery-image\" title=\"\" style=\"background-image: url(http:\/\/www.segunda-feira.de\/wp-content\/uploads\/2015\/10\/03_Am-Strand-von-Tatajuba-140x140.jpg); width: 140px; height: 140px;\"><\/span><\/a>\n\t\t\t<a href=\"http:\/\/www.segunda-feira.de\/wp-content\/uploads\/2015\/10\/03_Diese-Weiten-1024x682.jpg\" title=\"03_Diese Weiten\" rel=\"polaroid_543272415\" class=\"polaroid-gallery-item showcaption\"><span class=\"polaroid-gallery-image\" title=\"\" style=\"background-image: url(http:\/\/www.segunda-feira.de\/wp-content\/uploads\/2015\/10\/03_Diese-Weiten-140x140.jpg); width: 140px; height: 140px;\"><\/span><\/a>\n\t\t\t<br style=\"clear: both;\" \/><\/div>\n\n<p>Teil der Rundfahrt durch den Ort war die gro\u00dfe D\u00fcne von Tatajuba:<\/p>\n<div class='polaroid-gallery galleryid-1015' style='width:auto;'>\n\t\t\t<a href=\"http:\/\/www.segunda-feira.de\/wp-content\/uploads\/2015\/10\/04_Posen-auf-der-D\u00fcne-1024x682.jpg\" title=\"04_Posen auf der D\u00fcne\" rel=\"polaroid_1823395225\" class=\"polaroid-gallery-item showcaption\"><span class=\"polaroid-gallery-image\" title=\"\" style=\"background-image: url(http:\/\/www.segunda-feira.de\/wp-content\/uploads\/2015\/10\/04_Posen-auf-der-D\u00fcne-140x140.jpg); width: 140px; height: 140px;\"><\/span><\/a>\n\t\t\t<a href=\"http:\/\/www.segunda-feira.de\/wp-content\/uploads\/2015\/10\/04_D\u00fcnenwind-1024x682.jpg\" title=\"04_D\u00fcnenwind\" rel=\"polaroid_1823395225\" class=\"polaroid-gallery-item showcaption\"><span class=\"polaroid-gallery-image\" title=\"\" style=\"background-image: url(http:\/\/www.segunda-feira.de\/wp-content\/uploads\/2015\/10\/04_D\u00fcnenwind-140x140.jpg); width: 140px; height: 140px;\"><\/span><\/a>\n\t\t\t<a href=\"http:\/\/www.segunda-feira.de\/wp-content\/uploads\/2015\/10\/04_Ebbe-1024x682.jpg\" title=\"04_Ebbe\" rel=\"polaroid_1823395225\" class=\"polaroid-gallery-item showcaption\"><span class=\"polaroid-gallery-image\" title=\"\" style=\"background-image: url(http:\/\/www.segunda-feira.de\/wp-content\/uploads\/2015\/10\/04_Ebbe-140x140.jpg); width: 140px; height: 140px;\"><\/span><\/a>\n\t\t\t<a href=\"http:\/\/www.segunda-feira.de\/wp-content\/uploads\/2015\/10\/04_Gegend-1024x682.jpg\" title=\"04_Gegend\" rel=\"polaroid_1823395225\" class=\"polaroid-gallery-item showcaption\"><span class=\"polaroid-gallery-image\" title=\"\" style=\"background-image: url(http:\/\/www.segunda-feira.de\/wp-content\/uploads\/2015\/10\/04_Gegend-140x140.jpg); width: 140px; height: 140px;\"><\/span><\/a>\n\t\t\t<a href=\"http:\/\/www.segunda-feira.de\/wp-content\/uploads\/2015\/10\/04_Noch-mehr-Gegend-1024x682.jpg\" title=\"04_Noch mehr Gegend\" rel=\"polaroid_1823395225\" class=\"polaroid-gallery-item showcaption\"><span class=\"polaroid-gallery-image\" title=\"\" style=\"background-image: url(http:\/\/www.segunda-feira.de\/wp-content\/uploads\/2015\/10\/04_Noch-mehr-Gegend-140x140.jpg); width: 140px; height: 140px;\"><\/span><\/a>\n\t\t\t<a href=\"http:\/\/www.segunda-feira.de\/wp-content\/uploads\/2015\/10\/04_Und-noch-mehr-Gegend-1024x682.jpg\" title=\"04_Und noch mehr Gegend\" rel=\"polaroid_1823395225\" class=\"polaroid-gallery-item showcaption\"><span class=\"polaroid-gallery-image\" title=\"\" style=\"background-image: url(http:\/\/www.segunda-feira.de\/wp-content\/uploads\/2015\/10\/04_Und-noch-mehr-Gegend-140x140.jpg); width: 140px; height: 140px;\"><\/span><\/a>\n\t\t\t<a href=\"http:\/\/www.segunda-feira.de\/wp-content\/uploads\/2015\/10\/04_Und-jetzt-1024x768.jpg\" title=\"04_Und jetzt\" rel=\"polaroid_1823395225\" class=\"polaroid-gallery-item showcaption\"><span class=\"polaroid-gallery-image\" title=\"\" style=\"background-image: url(http:\/\/www.segunda-feira.de\/wp-content\/uploads\/2015\/10\/04_Und-jetzt-140x140.jpg); width: 140px; height: 140px;\"><\/span><\/a>\n\t\t\t<a href=\"http:\/\/www.segunda-feira.de\/wp-content\/uploads\/2015\/10\/04_Runter-geht-schneller-1024x682.jpg\" title=\"04_Runter geht schneller\" rel=\"polaroid_1823395225\" class=\"polaroid-gallery-item showcaption\"><span class=\"polaroid-gallery-image\" title=\"\" style=\"background-image: url(http:\/\/www.segunda-feira.de\/wp-content\/uploads\/2015\/10\/04_Runter-geht-schneller-140x140.jpg); width: 140px; height: 140px;\"><\/span><\/a>\n\t\t\t<a href=\"http:\/\/www.segunda-feira.de\/wp-content\/uploads\/2015\/10\/04_Und-sieht-auch-besser-aus-1024x682.jpg\" title=\"04_Und sieht auch besser aus\" rel=\"polaroid_1823395225\" class=\"polaroid-gallery-item showcaption\"><span class=\"polaroid-gallery-image\" title=\"\" style=\"background-image: url(http:\/\/www.segunda-feira.de\/wp-content\/uploads\/2015\/10\/04_Und-sieht-auch-besser-aus-140x140.jpg); width: 140px; height: 140px;\"><\/span><\/a>\n\t\t\t<br style=\"clear: both;\" \/><\/div>\n\n<p>Der D\u00fcnenlauf im bewegten Bild:<\/p>\n<p><iframe loading=\"lazy\" src=\"http:\/\/www.youtube.com\/embed\/Jj920SL4yMs?rel=0&amp;modestbranding=1\" width=\"560\" height=\"315\" frameborder=\"0\" allowfullscreen=\"allowfullscreen\"><\/iframe><\/p>\n<p>Am Abend dann die erste \u00dcbernachtung im Auto vor den H\u00e4usern der Fischer:<\/p>\n<div class='polaroid-gallery galleryid-1015' style='width:auto;'>\n\t\t\t<a href=\"http:\/\/www.segunda-feira.de\/wp-content\/uploads\/2015\/10\/05_Zelt-aufbauen-1-1024x768.jpg\" title=\"05_Zelt aufbauen 1\" rel=\"polaroid_1029466931\" class=\"polaroid-gallery-item showcaption\"><span class=\"polaroid-gallery-image\" title=\"\" style=\"background-image: url(http:\/\/www.segunda-feira.de\/wp-content\/uploads\/2015\/10\/05_Zelt-aufbauen-1-140x140.jpg); width: 140px; height: 140px;\"><\/span><\/a>\n\t\t\t<a href=\"http:\/\/www.segunda-feira.de\/wp-content\/uploads\/2015\/10\/05_Zelt-aufbauen-2-1024x768.jpg\" title=\"05_Zelt aufbauen 2\" rel=\"polaroid_1029466931\" class=\"polaroid-gallery-item showcaption\"><span class=\"polaroid-gallery-image\" title=\"\" style=\"background-image: url(http:\/\/www.segunda-feira.de\/wp-content\/uploads\/2015\/10\/05_Zelt-aufbauen-2-140x140.jpg); width: 140px; height: 140px;\"><\/span><\/a>\n\t\t\t<a href=\"http:\/\/www.segunda-feira.de\/wp-content\/uploads\/2015\/10\/05_Zelt-aufbauen-3-1024x768.jpg\" title=\"05_Zelt aufbauen 3\" rel=\"polaroid_1029466931\" class=\"polaroid-gallery-item showcaption\"><span class=\"polaroid-gallery-image\" title=\"\" style=\"background-image: url(http:\/\/www.segunda-feira.de\/wp-content\/uploads\/2015\/10\/05_Zelt-aufbauen-3-140x140.jpg); width: 140px; height: 140px;\"><\/span><\/a>\n\t\t\t<a href=\"http:\/\/www.segunda-feira.de\/wp-content\/uploads\/2015\/10\/05_Zelt-aufbauen-4-1024x768.jpg\" title=\"05_Zelt aufbauen 4\" rel=\"polaroid_1029466931\" class=\"polaroid-gallery-item showcaption\"><span class=\"polaroid-gallery-image\" title=\"\" style=\"background-image: url(http:\/\/www.segunda-feira.de\/wp-content\/uploads\/2015\/10\/05_Zelt-aufbauen-4-140x140.jpg); width: 140px; height: 140px;\"><\/span><\/a>\n\t\t\t<a href=\"http:\/\/www.segunda-feira.de\/wp-content\/uploads\/2015\/10\/05_Zelt-aufbauen-5-1024x768.jpg\" title=\"05_Zelt aufbauen 5\" rel=\"polaroid_1029466931\" class=\"polaroid-gallery-item showcaption\"><span class=\"polaroid-gallery-image\" title=\"\" style=\"background-image: url(http:\/\/www.segunda-feira.de\/wp-content\/uploads\/2015\/10\/05_Zelt-aufbauen-5-140x140.jpg); width: 140px; height: 140px;\"><\/span><\/a>\n\t\t\t<a href=\"http:\/\/www.segunda-feira.de\/wp-content\/uploads\/2015\/10\/05_Zelt-gut-1024x768.jpg\" title=\"05_Zelt gut\" rel=\"polaroid_1029466931\" class=\"polaroid-gallery-item showcaption\"><span class=\"polaroid-gallery-image\" title=\"\" style=\"background-image: url(http:\/\/www.segunda-feira.de\/wp-content\/uploads\/2015\/10\/05_Zelt-gut-140x140.jpg); width: 140px; height: 140px;\"><\/span><\/a>\n\t\t\t<a href=\"http:\/\/www.segunda-feira.de\/wp-content\/uploads\/2015\/10\/05_Probeliegen-1024x768.jpg\" title=\"05_Probeliegen\" rel=\"polaroid_1029466931\" class=\"polaroid-gallery-item showcaption\"><span class=\"polaroid-gallery-image\" title=\"\" style=\"background-image: url(http:\/\/www.segunda-feira.de\/wp-content\/uploads\/2015\/10\/05_Probeliegen-140x140.jpg); width: 140px; height: 140px;\"><\/span><\/a>\n\t\t\t<a href=\"http:\/\/www.segunda-feira.de\/wp-content\/uploads\/2015\/10\/05_Bett-aufbauen-1-1024x768.jpg\" title=\"05_Bett aufbauen 1\" rel=\"polaroid_1029466931\" class=\"polaroid-gallery-item showcaption\"><span class=\"polaroid-gallery-image\" title=\"\" style=\"background-image: url(http:\/\/www.segunda-feira.de\/wp-content\/uploads\/2015\/10\/05_Bett-aufbauen-1-140x140.jpg); width: 140px; height: 140px;\"><\/span><\/a>\n\t\t\t<a href=\"http:\/\/www.segunda-feira.de\/wp-content\/uploads\/2015\/10\/05_Bett-aufbauen-2-1024x768.jpg\" title=\"05_Bett aufbauen 2\" rel=\"polaroid_1029466931\" class=\"polaroid-gallery-item showcaption\"><span class=\"polaroid-gallery-image\" title=\"\" style=\"background-image: url(http:\/\/www.segunda-feira.de\/wp-content\/uploads\/2015\/10\/05_Bett-aufbauen-2-140x140.jpg); width: 140px; height: 140px;\"><\/span><\/a>\n\t\t\t<a href=\"http:\/\/www.segunda-feira.de\/wp-content\/uploads\/2015\/10\/05_Bett-aufbauen-3-1024x768.jpg\" title=\"05_Bett aufbauen 3\" rel=\"polaroid_1029466931\" class=\"polaroid-gallery-item showcaption\"><span class=\"polaroid-gallery-image\" title=\"\" style=\"background-image: url(http:\/\/www.segunda-feira.de\/wp-content\/uploads\/2015\/10\/05_Bett-aufbauen-3-140x140.jpg); width: 140px; height: 140px;\"><\/span><\/a>\n\t\t\t<a href=\"http:\/\/www.segunda-feira.de\/wp-content\/uploads\/2015\/10\/05_Das-Klo-1024x768.jpg\" title=\"05_Das Klo\" rel=\"polaroid_1029466931\" class=\"polaroid-gallery-item showcaption\"><span class=\"polaroid-gallery-image\" title=\"\" style=\"background-image: url(http:\/\/www.segunda-feira.de\/wp-content\/uploads\/2015\/10\/05_Das-Klo-140x140.jpg); width: 140px; height: 140px;\"><\/span><\/a>\n\t\t\t<a href=\"http:\/\/www.segunda-feira.de\/wp-content\/uploads\/2015\/10\/05_Behelfsklo-1024x768.jpg\" title=\"05_Behelfsklo\" rel=\"polaroid_1029466931\" class=\"polaroid-gallery-item showcaption\"><span class=\"polaroid-gallery-image\" title=\"\" style=\"background-image: url(http:\/\/www.segunda-feira.de\/wp-content\/uploads\/2015\/10\/05_Behelfsklo-140x140.jpg); width: 140px; height: 140px;\"><\/span><\/a>\n\t\t\t<a href=\"http:\/\/www.segunda-feira.de\/wp-content\/uploads\/2015\/10\/05_Behelfsk\u00fcche-1024x768.jpg\" title=\"05_Behelfsk\u00fcche\" rel=\"polaroid_1029466931\" class=\"polaroid-gallery-item showcaption\"><span class=\"polaroid-gallery-image\" title=\"\" style=\"background-image: url(http:\/\/www.segunda-feira.de\/wp-content\/uploads\/2015\/10\/05_Behelfsk\u00fcche-140x140.jpg); width: 140px; height: 140px;\"><\/span><\/a>\n\t\t\t<a href=\"http:\/\/www.segunda-feira.de\/wp-content\/uploads\/2015\/10\/05_Normalerweise-bin-ich-immer-die-Kalkleiste-1024x768.jpg\" title=\"05_Normalerweise bin ich immer die Kalkleiste\" rel=\"polaroid_1029466931\" class=\"polaroid-gallery-item showcaption\"><span class=\"polaroid-gallery-image\" title=\"\" style=\"background-image: url(http:\/\/www.segunda-feira.de\/wp-content\/uploads\/2015\/10\/05_Normalerweise-bin-ich-immer-die-Kalkleiste-140x140.jpg); width: 140px; height: 140px;\"><\/span><\/a>\n\t\t\t<a href=\"http:\/\/www.segunda-feira.de\/wp-content\/uploads\/2015\/10\/05_Sonnenuntergang-\u00fcber-Tatajuba-1024x682.jpg\" title=\"05_Sonnenuntergang \u00fcber Tatajuba\" rel=\"polaroid_1029466931\" class=\"polaroid-gallery-item showcaption\"><span class=\"polaroid-gallery-image\" title=\"\" style=\"background-image: url(http:\/\/www.segunda-feira.de\/wp-content\/uploads\/2015\/10\/05_Sonnenuntergang-\u00fcber-Tatajuba-140x140.jpg); width: 140px; height: 140px;\"><\/span><\/a>\n\t\t\t<a href=\"http:\/\/www.segunda-feira.de\/wp-content\/uploads\/2015\/10\/05_Selfie-mit-Kindern-1024x768.jpg\" title=\"05_Selfie mit Kindern\" rel=\"polaroid_1029466931\" class=\"polaroid-gallery-item showcaption\"><span class=\"polaroid-gallery-image\" title=\"\" style=\"background-image: url(http:\/\/www.segunda-feira.de\/wp-content\/uploads\/2015\/10\/05_Selfie-mit-Kindern-140x140.jpg); width: 140px; height: 140px;\"><\/span><\/a>\n\t\t\t<a href=\"http:\/\/www.segunda-feira.de\/wp-content\/uploads\/2015\/10\/05_Abschied-1024x682.jpg\" title=\"05_Abschied\" rel=\"polaroid_1029466931\" class=\"polaroid-gallery-item showcaption\"><span class=\"polaroid-gallery-image\" title=\"\" style=\"background-image: url(http:\/\/www.segunda-feira.de\/wp-content\/uploads\/2015\/10\/05_Abschied-140x140.jpg); width: 140px; height: 140px;\"><\/span><\/a>\n\t\t\t<br style=\"clear: both;\" \/><\/div>\n\n<p>Der n\u00e4chste Tag verlief nicht so ganz nach Plan. Eigentlich wollten wir die 300 Kilometer weiter zum Fischerdorf <a href=\"https:\/\/maps.google.de\/maps?q=-2.570691,-42.746440&amp;t=h\" target=\"_blank\">Atins<\/a> am Rande des Nationalparks Lencois Maranhenses in einem Zug fahren. Doch der Wagen machte uns einen Strich durch die Rechnung. Mittags war pl\u00f6tzlich die Starterbatterie leer. Mithilfe des Multimeters fanden wir schnell heraus, das keine Ladespannung anlag. Grund war ein abgerissenes Kabel, das zur Lichtmaschine, die sich direkt unterhalb der Klimaanlage befand, f\u00fchrte. Offenbar hatten die Mechaniker dieses bei der Reparatur versehentlich getrennt. Mit einer ordentlichen Klemmverbindung war das Problem gel\u00f6st.<\/p>\n<p>Sp\u00e4ter auf dem 35 Kilometer langen Weg von <a href=\"https:\/\/maps.google.de\/maps?q=-2.721393,-42.539900&amp;t=h\" target=\"_blank\">Paulino Neves<\/a> nach <a href=\"https:\/\/maps.google.de\/maps?q=-2.743566,-42.826794&amp;t=h\" target=\"_blank\">Barreirinhas<\/a>, der komplett aus Sandstra\u00dfe bestand, blieben wir mitten in den D\u00fcnen ohne Bordspannung liegen. Grund war ein Plus-Kabel, das irgendwann einmal \u00e4u\u00dferst professionell verbunden wurde (zusammengezwirbelt und abisoliert). Die Isolierung war futsch und die offene Verzwirblung war auf Masse geraten. Das hatte dazu gef\u00fchrt, dass eine Sicherung durchgebrannt war. Auch die Sicherung wurde irgendwann einmal durch einen Eigenbau ersetzt (L\u00f6tverbindung). Diese zu reparieren, war relativ leicht, da ich einen L\u00f6tkolben sowie 220 Volt an Bord hatte.<\/p>\n<div class='polaroid-gallery galleryid-1015' style='width:auto;'>\n\t\t\t<a href=\"http:\/\/www.segunda-feira.de\/wp-content\/uploads\/2015\/10\/01_Piste-nach-Barreirinhas-1024x682.jpg\" title=\"01_Piste nach Barreirinhas\" rel=\"polaroid_1914425428\" class=\"polaroid-gallery-item showcaption\"><span class=\"polaroid-gallery-image\" title=\"\" style=\"background-image: url(http:\/\/www.segunda-feira.de\/wp-content\/uploads\/2015\/10\/01_Piste-nach-Barreirinhas-140x140.jpg); width: 140px; height: 140px;\"><\/span><\/a>\n\t\t\t<a href=\"http:\/\/www.segunda-feira.de\/wp-content\/uploads\/2015\/10\/01_Wo-geht-es-lang-1024x682.jpg\" title=\"01_Wo geht es lang\" rel=\"polaroid_1914425428\" class=\"polaroid-gallery-item showcaption\"><span class=\"polaroid-gallery-image\" title=\"\" style=\"background-image: url(http:\/\/www.segunda-feira.de\/wp-content\/uploads\/2015\/10\/01_Wo-geht-es-lang-140x140.jpg); width: 140px; height: 140px;\"><\/span><\/a>\n\t\t\t<a href=\"http:\/\/www.segunda-feira.de\/wp-content\/uploads\/2015\/10\/01_Panne-in-den-D\u00fcnen-1024x682.jpg\" title=\"01_Panne in den D\u00fcnen\" rel=\"polaroid_1914425428\" class=\"polaroid-gallery-item showcaption\"><span class=\"polaroid-gallery-image\" title=\"\" style=\"background-image: url(http:\/\/www.segunda-feira.de\/wp-content\/uploads\/2015\/10\/01_Panne-in-den-D\u00fcnen-140x140.jpg); width: 140px; height: 140px;\"><\/span><\/a>\n\t\t\t<a href=\"http:\/\/www.segunda-feira.de\/wp-content\/uploads\/2015\/10\/01_Fehlersuche-1024x682.jpg\" title=\"01_Fehlersuche\" rel=\"polaroid_1914425428\" class=\"polaroid-gallery-item showcaption\"><span class=\"polaroid-gallery-image\" title=\"\" style=\"background-image: url(http:\/\/www.segunda-feira.de\/wp-content\/uploads\/2015\/10\/01_Fehlersuche-140x140.jpg); width: 140px; height: 140px;\"><\/span><\/a>\n\t\t\t<a href=\"http:\/\/www.segunda-feira.de\/wp-content\/uploads\/2015\/10\/01_Reparatur-1024x682.jpg\" title=\"01_Reparatur\" rel=\"polaroid_1914425428\" class=\"polaroid-gallery-item showcaption\"><span class=\"polaroid-gallery-image\" title=\"\" style=\"background-image: url(http:\/\/www.segunda-feira.de\/wp-content\/uploads\/2015\/10\/01_Reparatur-140x140.jpg); width: 140px; height: 140px;\"><\/span><\/a>\n\t\t\t<a href=\"http:\/\/www.segunda-feira.de\/wp-content\/uploads\/2015\/10\/01_Schon-wieder-ein-Sonnenuntergang-1024x682.jpg\" title=\"01_Schon wieder ein Sonnenuntergang\" rel=\"polaroid_1914425428\" class=\"polaroid-gallery-item showcaption\"><span class=\"polaroid-gallery-image\" title=\"\" style=\"background-image: url(http:\/\/www.segunda-feira.de\/wp-content\/uploads\/2015\/10\/01_Schon-wieder-ein-Sonnenuntergang-140x140.jpg); width: 140px; height: 140px;\"><\/span><\/a>\n\t\t\t<br style=\"clear: both;\" \/><\/div>\n\n<p>Die Verz\u00f6gerungen f\u00fchrten dazu, dass wir von der Dunkelheit \u00fcberrascht wurden. Im Dunkeln war die richtige Sandstra\u00dfe kaum zu finden. Zudem standen uns nach Barreirinhas noch eine F\u00e4hre und weitere 35 Kilometer Sandstra\u00dfe nach <a href=\"https:\/\/maps.google.de\/maps?q=-2.570691,-42.746440&amp;t=h\" target=\"_blank\">Atins<\/a> bevor. Wir \u00fcbernachteten auf einer Wiese und fuhren am n\u00e4chsten Morgen weiter.<\/p>\n<div class='polaroid-gallery galleryid-1015' style='width:auto;'>\n\t\t\t<a href=\"http:\/\/www.segunda-feira.de\/wp-content\/uploads\/2015\/10\/02_Voll-beladen-1024x768.jpg\" title=\"02_Voll beladen\" rel=\"polaroid_812631994\" class=\"polaroid-gallery-item showcaption\"><span class=\"polaroid-gallery-image\" title=\"\" style=\"background-image: url(http:\/\/www.segunda-feira.de\/wp-content\/uploads\/2015\/10\/02_Voll-beladen-140x140.jpg); width: 140px; height: 140px;\"><\/span><\/a>\n\t\t\t<a href=\"http:\/\/www.segunda-feira.de\/wp-content\/uploads\/2015\/10\/02_F\u00e4hre-\u00fcber-den-faulen-Fluss-1024x682.jpg\" title=\"02_F\u00e4hre \u00fcber den faulen Fluss\" rel=\"polaroid_812631994\" class=\"polaroid-gallery-item showcaption\"><span class=\"polaroid-gallery-image\" title=\"\" style=\"background-image: url(http:\/\/www.segunda-feira.de\/wp-content\/uploads\/2015\/10\/02_F\u00e4hre-\u00fcber-den-faulen-Fluss-140x140.jpg); width: 140px; height: 140px;\"><\/span><\/a>\n\t\t\t<a href=\"http:\/\/www.segunda-feira.de\/wp-content\/uploads\/2015\/10\/02_Profiblick-1024x682.jpg\" title=\"02_Profiblick\" rel=\"polaroid_812631994\" class=\"polaroid-gallery-item showcaption\"><span class=\"polaroid-gallery-image\" title=\"\" style=\"background-image: url(http:\/\/www.segunda-feira.de\/wp-content\/uploads\/2015\/10\/02_Profiblick-140x140.jpg); width: 140px; height: 140px;\"><\/span><\/a>\n\t\t\t<a href=\"http:\/\/www.segunda-feira.de\/wp-content\/uploads\/2015\/10\/02_Das-andere-Ufer-1024x682.jpg\" title=\"02_Das andere Ufer\" rel=\"polaroid_812631994\" class=\"polaroid-gallery-item showcaption\"><span class=\"polaroid-gallery-image\" title=\"\" style=\"background-image: url(http:\/\/www.segunda-feira.de\/wp-content\/uploads\/2015\/10\/02_Das-andere-Ufer-140x140.jpg); width: 140px; height: 140px;\"><\/span><\/a>\n\t\t\t<a href=\"http:\/\/www.segunda-feira.de\/wp-content\/uploads\/2015\/10\/02_Einfahrt-1024x682.jpg\" title=\"02_Einfahrt\" rel=\"polaroid_812631994\" class=\"polaroid-gallery-item showcaption\"><span class=\"polaroid-gallery-image\" title=\"\" style=\"background-image: url(http:\/\/www.segunda-feira.de\/wp-content\/uploads\/2015\/10\/02_Einfahrt-140x140.jpg); width: 140px; height: 140px;\"><\/span><\/a>\n\t\t\t<a href=\"http:\/\/www.segunda-feira.de\/wp-content\/uploads\/2015\/10\/02_Fahrt-nach-Atins-1024x768.jpg\" title=\"02_Fahrt nach Atins\" rel=\"polaroid_812631994\" class=\"polaroid-gallery-item showcaption\"><span class=\"polaroid-gallery-image\" title=\"\" style=\"background-image: url(http:\/\/www.segunda-feira.de\/wp-content\/uploads\/2015\/10\/02_Fahrt-nach-Atins-140x140.jpg); width: 140px; height: 140px;\"><\/span><\/a>\n\t\t\t<a href=\"http:\/\/www.segunda-feira.de\/wp-content\/uploads\/2015\/10\/02_Hundeperspektiven-1024x768.jpg\" title=\"02_Hundeperspektiven\" rel=\"polaroid_812631994\" class=\"polaroid-gallery-item showcaption\"><span class=\"polaroid-gallery-image\" title=\"\" style=\"background-image: url(http:\/\/www.segunda-feira.de\/wp-content\/uploads\/2015\/10\/02_Hundeperspektiven-140x140.jpg); width: 140px; height: 140px;\"><\/span><\/a>\n\t\t\t<br style=\"clear: both;\" \/><\/div>\n\n<p>Kleiner Eindruck der 35 Kilometer zwischen Barreirinhas und Atins:<\/p>\n<p><iframe loading=\"lazy\" src=\"http:\/\/www.youtube.com\/embed\/N0AeGg4OoSs?rel=0&amp;modestbranding=1\" width=\"560\" height=\"315\" frameborder=\"0\" allowfullscreen=\"allowfullscreen\"><\/iframe><\/p>\n<p>Gegen fr\u00fchen Vormittag kamen wir dann in Atins und unserer Unterkunft an:<\/p>\n<div class='polaroid-gallery galleryid-1015' style='width:auto;'>\n\t\t\t<a href=\"http:\/\/www.segunda-feira.de\/wp-content\/uploads\/2015\/10\/03_Fr\u00fchst\u00fcck-in-Atins-1024x768.jpg\" title=\"03_Fr\u00fchst\u00fcck in Atins\" rel=\"polaroid_1927363047\" class=\"polaroid-gallery-item showcaption\"><span class=\"polaroid-gallery-image\" title=\"\" style=\"background-image: url(http:\/\/www.segunda-feira.de\/wp-content\/uploads\/2015\/10\/03_Fr\u00fchst\u00fcck-in-Atins-140x140.jpg); width: 140px; height: 140px;\"><\/span><\/a>\n\t\t\t<a href=\"http:\/\/www.segunda-feira.de\/wp-content\/uploads\/2015\/10\/03_M\u00e4nner-mit-barer-Brust-1-1024x768.jpg\" title=\"03_M\u00e4nner mit barer Brust 1\" rel=\"polaroid_1927363047\" class=\"polaroid-gallery-item showcaption\"><span class=\"polaroid-gallery-image\" title=\"\" style=\"background-image: url(http:\/\/www.segunda-feira.de\/wp-content\/uploads\/2015\/10\/03_M\u00e4nner-mit-barer-Brust-1-140x140.jpg); width: 140px; height: 140px;\"><\/span><\/a>\n\t\t\t<a href=\"http:\/\/www.segunda-feira.de\/wp-content\/uploads\/2015\/10\/03_M\u00e4nner-mit-barer-Brust-2-1024x768.jpg\" title=\"03_M\u00e4nner mit barer Brust 2\" rel=\"polaroid_1927363047\" class=\"polaroid-gallery-item showcaption\"><span class=\"polaroid-gallery-image\" title=\"\" style=\"background-image: url(http:\/\/www.segunda-feira.de\/wp-content\/uploads\/2015\/10\/03_M\u00e4nner-mit-barer-Brust-2-140x140.jpg); width: 140px; height: 140px;\"><\/span><\/a>\n\t\t\t<br style=\"clear: both;\" \/><\/div>\n\n","protected":false},"excerpt":{"rendered":"<p>Vier Mitfahrer gleich viermal mehr Fotos. Eine Auswahl&#8230; Fortaleza: Der 300-Kilometer-Ritt nach Jericoacoara: Angekommen in unserer Unterkunft in Jericoacoara: Eine der Attraktion soll der Sonnenuntergang in Jericoacoara sein, weil er laut Lonely Planet einen Gr\u00fcnstich haben soll. Hatte er aber &hellip; <a href=\"http:\/\/www.segunda-feira.de\/?p=1015\">Weiterlesen <span class=\"meta-nav\">&rarr;<\/span><\/a><\/p>\n","protected":false},"author":1,"featured_media":0,"comment_status":"open","ping_status":"open","sticky":false,"template":"","format":"standard","meta":{"jetpack_post_was_ever_published":false,"_jetpack_newsletter_access":"","_jetpack_dont_email_post_to_subs":false,"_jetpack_newsletter_tier_id":0,"_jetpack_memberships_contains_paywalled_content":false,"_jetpack_memberships_contains_paid_content":false,"footnotes":"","jetpack_publicize_message":"","jetpack_publicize_feature_enabled":true,"jetpack_social_post_already_shared":true,"jetpack_social_options":{"image_generator_settings":{"template":"highway","default_image_id":0,"font":"","enabled":false},"version":2}},"categories":[1,9],"tags":[],"class_list":["post-1015","post","type-post","status-publish","format-standard","hentry","category-allgemein","category-reise-entdeckungen"],"jetpack_publicize_connections":[],"jetpack_featured_media_url":"","jetpack_sharing_enabled":true,"jetpack_shortlink":"https:\/\/wp.me\/p64WYd-gn","jetpack_likes_enabled":true,"_links":{"self":[{"href":"http:\/\/www.segunda-feira.de\/index.php?rest_route=\/wp\/v2\/posts\/1015","targetHints":{"allow":["GET"]}}],"collection":[{"href":"http:\/\/www.segunda-feira.de\/index.php?rest_route=\/wp\/v2\/posts"}],"about":[{"href":"http:\/\/www.segunda-feira.de\/index.php?rest_route=\/wp\/v2\/types\/post"}],"author":[{"embeddable":true,"href":"http:\/\/www.segunda-feira.de\/index.php?rest_route=\/wp\/v2\/users\/1"}],"replies":[{"embeddable":true,"href":"http:\/\/www.segunda-feira.de\/index.php?rest_route=%2Fwp%2Fv2%2Fcomments&post=1015"}],"version-history":[{"count":6,"href":"http:\/\/www.segunda-feira.de\/index.php?rest_route=\/wp\/v2\/posts\/1015\/revisions"}],"predecessor-version":[{"id":1112,"href":"http:\/\/www.segunda-feira.de\/index.php?rest_route=\/wp\/v2\/posts\/1015\/revisions\/1112"}],"wp:attachment":[{"href":"http:\/\/www.segunda-feira.de\/index.php?rest_route=%2Fwp%2Fv2%2Fmedia&parent=1015"}],"wp:term":[{"taxonomy":"category","embeddable":true,"href":"http:\/\/www.segunda-feira.de\/index.php?rest_route=%2Fwp%2Fv2%2Fcategories&post=1015"},{"taxonomy":"post_tag","embeddable":true,"href":"http:\/\/www.segunda-feira.de\/index.php?rest_route=%2Fwp%2Fv2%2Ftags&post=1015"}],"curies":[{"name":"wp","href":"https:\/\/api.w.org\/{rel}","templated":true}]}}