{"id":103,"date":"2015-04-07T02:04:44","date_gmt":"2015-04-07T00:04:44","guid":{"rendered":"http:\/\/www.segunda-feira.de\/?p=103"},"modified":"2015-05-30T21:18:18","modified_gmt":"2015-05-30T19:18:18","slug":"dschungelcamp","status":"publish","type":"post","link":"http:\/\/www.segunda-feira.de\/?p=103","title":{"rendered":"Dschungelcamp"},"content":{"rendered":"<p>Bevor ich mich zu sehr an den Dschungel hinter unserer Haust\u00fcre gew\u00f6hne, noch ein paar Impressionen von unseren Hundespazierg\u00e4ngen:<\/p>\n<p><a href=\"http:\/\/www.segunda-feira.de\/wp-content\/uploads\/2015\/04\/Amazonas.jpg\"><img loading=\"lazy\" decoding=\"async\" class=\"alignnone  wp-image-107\" src=\"http:\/\/www.segunda-feira.de\/wp-content\/uploads\/2015\/04\/Amazonas-300x225.jpg\" alt=\"Amazonas\" width=\"270\" height=\"205\" \/><\/a><a href=\"http:\/\/www.segunda-feira.de\/wp-content\/uploads\/2015\/04\/Amazonasquelle.jpg\"><img loading=\"lazy\" decoding=\"async\" class=\"alignnone  wp-image-108\" src=\"http:\/\/www.segunda-feira.de\/wp-content\/uploads\/2015\/04\/Amazonasquelle-300x225.jpg\" alt=\"Amazonasquelle\" width=\"270\" height=\"205\" \/><\/a><a href=\"http:\/\/www.segunda-feira.de\/wp-content\/uploads\/2015\/04\/Landschaft.jpg\"><img loading=\"lazy\" decoding=\"async\" class=\"alignnone  wp-image-111\" src=\"http:\/\/www.segunda-feira.de\/wp-content\/uploads\/2015\/04\/Landschaft-300x225.jpg\" alt=\"Landschaft\" width=\"270\" height=\"205\" \/><\/a><a href=\"http:\/\/www.segunda-feira.de\/wp-content\/uploads\/2015\/04\/Richard-Francis-Burton.jpg\"><img loading=\"lazy\" decoding=\"async\" class=\"alignnone  wp-image-115\" src=\"http:\/\/www.segunda-feira.de\/wp-content\/uploads\/2015\/04\/Richard-Francis-Burton-300x225.jpg\" alt=\"Richard Francis Burton\" width=\"270\" height=\"205\" \/><\/a><a href=\"http:\/\/www.segunda-feira.de\/wp-content\/uploads\/2015\/04\/Maulwurfshuegel.jpg\"><img loading=\"lazy\" decoding=\"async\" class=\"alignnone  wp-image-112\" src=\"http:\/\/www.segunda-feira.de\/wp-content\/uploads\/2015\/04\/Maulwurfshuegel-300x225.jpg\" alt=\"Maulwurfshuegel\" width=\"270\" height=\"205\" \/><\/a><a href=\"http:\/\/www.segunda-feira.de\/wp-content\/uploads\/2015\/04\/Home.jpg\"><img loading=\"lazy\" decoding=\"async\" class=\"alignnone  wp-image-110\" src=\"http:\/\/www.segunda-feira.de\/wp-content\/uploads\/2015\/04\/Home-300x225.jpg\" alt=\"Home\" width=\"270\" height=\"205\" \/><\/a><\/p>\n<p>Das letzte Bild zeigt die H\u00e4user des Condominios, in dem wir wohnen.<\/p>\n<p>Besonders spannend sind die Begegnungen mit der lokalen Fauna:<\/p>\n<p><iframe loading=\"lazy\" src=\"http:\/\/www.youtube.com\/embed\/HEvZ0s9HDs8?rel=0&amp;modestbranding=1\" width=\"560\" height=\"315\" frameborder=\"0\" allowfullscreen=\"allowfullscreen\"><\/iframe><\/p>\n<p>Zu Sylvias Geburtstag hat sich die Fauna ein besonderes Geschenk f\u00fcr sie ausgedacht und sie mit Verdacht auf <a href=\"http:\/\/de.wikipedia.org\/wiki\/Denguefieber\" target=\"_blank\">Denguefieber <\/a>in diverse Notaufnahmen geschickt:<\/p>\n<p><a href=\"http:\/\/www.segunda-feira.de\/wp-content\/uploads\/2015\/04\/Notaufnahme01.jpg\"><img loading=\"lazy\" decoding=\"async\" class=\"alignnone  wp-image-113\" src=\"http:\/\/www.segunda-feira.de\/wp-content\/uploads\/2015\/04\/Notaufnahme01-300x225.jpg\" alt=\"Notaufnahme01\" width=\"270\" height=\"205\" \/><\/a><a href=\"http:\/\/www.segunda-feira.de\/wp-content\/uploads\/2015\/04\/Notaufnahme02.jpg\"><img loading=\"lazy\" decoding=\"async\" class=\"alignnone  wp-image-114\" src=\"http:\/\/www.segunda-feira.de\/wp-content\/uploads\/2015\/04\/Notaufnahme02-300x225.jpg\" alt=\"Notaufnahme02\" width=\"270\" height=\"205\" \/><\/a><\/p>\n<p>War aber Fehlalarm. Nur ein Geburtstags-Magen-Darmvirus.<\/p>\n","protected":false},"excerpt":{"rendered":"<p>Bevor ich mich zu sehr an den Dschungel hinter unserer Haust\u00fcre gew\u00f6hne, noch ein paar Impressionen von unseren Hundespazierg\u00e4ngen: Das letzte Bild zeigt die H\u00e4user des Condominios, in dem wir wohnen. Besonders spannend sind die Begegnungen mit der lokalen Fauna: &hellip; <a href=\"http:\/\/www.segunda-feira.de\/?p=103\">Weiterlesen <span class=\"meta-nav\">&rarr;<\/span><\/a><\/p>\n","protected":false},"author":1,"featured_media":0,"comment_status":"open","ping_status":"open","sticky":false,"template":"","format":"standard","meta":{"jetpack_post_was_ever_published":false,"_jetpack_newsletter_access":"","_jetpack_dont_email_post_to_subs":false,"_jetpack_newsletter_tier_id":0,"_jetpack_memberships_contains_paywalled_content":false,"_jetpack_memberships_contains_paid_content":false,"footnotes":"","jetpack_publicize_message":"","jetpack_publicize_feature_enabled":true,"jetpack_social_post_already_shared":false,"jetpack_social_options":{"image_generator_settings":{"template":"highway","default_image_id":0,"font":"","enabled":false},"version":2}},"categories":[1,9],"tags":[],"class_list":["post-103","post","type-post","status-publish","format-standard","hentry","category-allgemein","category-reise-entdeckungen"],"jetpack_publicize_connections":[],"jetpack_featured_media_url":"","jetpack_sharing_enabled":true,"jetpack_shortlink":"https:\/\/wp.me\/p64WYd-1F","jetpack_likes_enabled":true,"_links":{"self":[{"href":"http:\/\/www.segunda-feira.de\/index.php?rest_route=\/wp\/v2\/posts\/103","targetHints":{"allow":["GET"]}}],"collection":[{"href":"http:\/\/www.segunda-feira.de\/index.php?rest_route=\/wp\/v2\/posts"}],"about":[{"href":"http:\/\/www.segunda-feira.de\/index.php?rest_route=\/wp\/v2\/types\/post"}],"author":[{"embeddable":true,"href":"http:\/\/www.segunda-feira.de\/index.php?rest_route=\/wp\/v2\/users\/1"}],"replies":[{"embeddable":true,"href":"http:\/\/www.segunda-feira.de\/index.php?rest_route=%2Fwp%2Fv2%2Fcomments&post=103"}],"version-history":[{"count":8,"href":"http:\/\/www.segunda-feira.de\/index.php?rest_route=\/wp\/v2\/posts\/103\/revisions"}],"predecessor-version":[{"id":592,"href":"http:\/\/www.segunda-feira.de\/index.php?rest_route=\/wp\/v2\/posts\/103\/revisions\/592"}],"wp:attachment":[{"href":"http:\/\/www.segunda-feira.de\/index.php?rest_route=%2Fwp%2Fv2%2Fmedia&parent=103"}],"wp:term":[{"taxonomy":"category","embeddable":true,"href":"http:\/\/www.segunda-feira.de\/index.php?rest_route=%2Fwp%2Fv2%2Fcategories&post=103"},{"taxonomy":"post_tag","embeddable":true,"href":"http:\/\/www.segunda-feira.de\/index.php?rest_route=%2Fwp%2Fv2%2Ftags&post=103"}],"curies":[{"name":"wp","href":"https:\/\/api.w.org\/{rel}","templated":true}]}}