{"id":1119,"date":"2015-10-12T03:33:34","date_gmt":"2015-10-12T01:33:34","guid":{"rendered":"http:\/\/www.segunda-feira.de\/?p=1119"},"modified":"2015-10-12T03:33:34","modified_gmt":"2015-10-12T01:33:34","slug":"parque-nacional-dos-lencois-maranhenses","status":"publish","type":"post","link":"http:\/\/www.segunda-feira.de\/?p=1119","title":{"rendered":"Parque Nacional dos Len\u00e7\u00f3is Maranhenses"},"content":{"rendered":"<p>Wir hatten es schon geahnt: Unser finales Ziel an der K\u00fcste, der <a href=\"https:\/\/maps.google.de\/maps?q=-2.499081,-43.054941&amp;t=h\" target=\"_blank\">Parque Nacional dos Len\u00e7\u00f3is Maranhenses<\/a>, konnte uns nicht mehr mit Sensationen \u00fcberraschen. Alles hatten wir auf der Fahrt dorthin an der K\u00fcste bereits in irgendeiner Form gesehen. Nur die fast ausgetrockneten S\u00fc\u00dfwassereinschl\u00fcsse in den D\u00fcnen waren neu, aber eher unspektakul\u00e4r.<\/p>\n<div class='polaroid-gallery galleryid-1119' style='width:auto;'>\n\t\t\t<a href=\"http:\/\/www.segunda-feira.de\/wp-content\/uploads\/2015\/10\/Unspektakul\u00e4rer-Ausflug-1024x768.jpg\" title=\"Unspektakul\u00e4rer Ausflug\" rel=\"polaroid_1182165676\" class=\"polaroid-gallery-item showcaption\"><span class=\"polaroid-gallery-image\" title=\"\" style=\"background-image: url(http:\/\/www.segunda-feira.de\/wp-content\/uploads\/2015\/10\/Unspektakul\u00e4rer-Ausflug-140x140.jpg); width: 140px; height: 140px;\"><\/span><\/a>\n\t\t\t<a href=\"http:\/\/www.segunda-feira.de\/wp-content\/uploads\/2015\/10\/S\u00fc\u00dfwasserpf\u00fctze-1024x682.jpg\" title=\"S\u00fc\u00dfwasserpf\u00fctze\" rel=\"polaroid_1182165676\" class=\"polaroid-gallery-item showcaption\"><span class=\"polaroid-gallery-image\" title=\"\" style=\"background-image: url(http:\/\/www.segunda-feira.de\/wp-content\/uploads\/2015\/10\/S\u00fc\u00dfwasserpf\u00fctze-140x140.jpg); width: 140px; height: 140px;\"><\/span><\/a>\n\t\t\t<a href=\"http:\/\/www.segunda-feira.de\/wp-content\/uploads\/2015\/10\/Noch-mehr-S\u00fc\u00dfwasser-1024x682.jpg\" title=\"Noch mehr S\u00fc\u00dfwasser\" rel=\"polaroid_1182165676\" class=\"polaroid-gallery-item showcaption\"><span class=\"polaroid-gallery-image\" title=\"\" style=\"background-image: url(http:\/\/www.segunda-feira.de\/wp-content\/uploads\/2015\/10\/Noch-mehr-S\u00fc\u00dfwasser-140x140.jpg); width: 140px; height: 140px;\"><\/span><\/a>\n\t\t\t<a href=\"http:\/\/www.segunda-feira.de\/wp-content\/uploads\/2015\/10\/Tipps-von-Toyota-Fahrer-zu-Toyota-Fahrer-1024x768.jpg\" title=\"Tipps von Toyota-Fahrer zu Toyota-Fahrer\" rel=\"polaroid_1182165676\" class=\"polaroid-gallery-item showcaption\"><span class=\"polaroid-gallery-image\" title=\"\" style=\"background-image: url(http:\/\/www.segunda-feira.de\/wp-content\/uploads\/2015\/10\/Tipps-von-Toyota-Fahrer-zu-Toyota-Fahrer-140x140.jpg); width: 140px; height: 140px;\"><\/span><\/a>\n\t\t\t<a href=\"http:\/\/www.segunda-feira.de\/wp-content\/uploads\/2015\/10\/Kiten-for-Runaways-1024x768.jpg\" title=\"Kiten for Runaways\" rel=\"polaroid_1182165676\" class=\"polaroid-gallery-item showcaption\"><span class=\"polaroid-gallery-image\" title=\"\" style=\"background-image: url(http:\/\/www.segunda-feira.de\/wp-content\/uploads\/2015\/10\/Kiten-for-Runaways-140x140.jpg); width: 140px; height: 140px;\"><\/span><\/a>\n\t\t\t<a href=\"http:\/\/www.segunda-feira.de\/wp-content\/uploads\/2015\/10\/Alles-schon-gesehen-1024x682.jpg\" title=\"Alles schon gesehen\" rel=\"polaroid_1182165676\" class=\"polaroid-gallery-item showcaption\"><span class=\"polaroid-gallery-image\" title=\"\" style=\"background-image: url(http:\/\/www.segunda-feira.de\/wp-content\/uploads\/2015\/10\/Alles-schon-gesehen-140x140.jpg); width: 140px; height: 140px;\"><\/span><\/a>\n\t\t\t<br style=\"clear: both;\" \/><\/div>\n\n","protected":false},"excerpt":{"rendered":"<p>Wir hatten es schon geahnt: Unser finales Ziel an der K\u00fcste, der Parque Nacional dos Len\u00e7\u00f3is Maranhenses, konnte uns nicht mehr mit Sensationen \u00fcberraschen. Alles hatten wir auf der Fahrt dorthin an der K\u00fcste bereits in irgendeiner Form gesehen. Nur &hellip; <a href=\"http:\/\/www.segunda-feira.de\/?p=1119\">Weiterlesen <span class=\"meta-nav\">&rarr;<\/span><\/a><\/p>\n","protected":false},"author":1,"featured_media":0,"comment_status":"open","ping_status":"open","sticky":false,"template":"","format":"standard","meta":{"jetpack_post_was_ever_published":false,"_jetpack_newsletter_access":"","_jetpack_dont_email_post_to_subs":false,"_jetpack_newsletter_tier_id":0,"_jetpack_memberships_contains_paywalled_content":false,"_jetpack_memberships_contains_paid_content":false,"footnotes":"","jetpack_publicize_message":"","jetpack_publicize_feature_enabled":true,"jetpack_social_post_already_shared":true,"jetpack_social_options":{"image_generator_settings":{"template":"highway","default_image_id":0,"font":"","enabled":false},"version":2}},"categories":[1,9],"tags":[],"class_list":["post-1119","post","type-post","status-publish","format-standard","hentry","category-allgemein","category-reise-entdeckungen"],"jetpack_publicize_connections":[],"jetpack_featured_media_url":"","jetpack_sharing_enabled":true,"jetpack_shortlink":"https:\/\/wp.me\/p64WYd-i3","jetpack_likes_enabled":true,"_links":{"self":[{"href":"http:\/\/www.segunda-feira.de\/index.php?rest_route=\/wp\/v2\/posts\/1119","targetHints":{"allow":["GET"]}}],"collection":[{"href":"http:\/\/www.segunda-feira.de\/index.php?rest_route=\/wp\/v2\/posts"}],"about":[{"href":"http:\/\/www.segunda-feira.de\/index.php?rest_route=\/wp\/v2\/types\/post"}],"author":[{"embeddable":true,"href":"http:\/\/www.segunda-feira.de\/index.php?rest_route=\/wp\/v2\/users\/1"}],"replies":[{"embeddable":true,"href":"http:\/\/www.segunda-feira.de\/index.php?rest_route=%2Fwp%2Fv2%2Fcomments&post=1119"}],"version-history":[{"count":1,"href":"http:\/\/www.segunda-feira.de\/index.php?rest_route=\/wp\/v2\/posts\/1119\/revisions"}],"predecessor-version":[{"id":1126,"href":"http:\/\/www.segunda-feira.de\/index.php?rest_route=\/wp\/v2\/posts\/1119\/revisions\/1126"}],"wp:attachment":[{"href":"http:\/\/www.segunda-feira.de\/index.php?rest_route=%2Fwp%2Fv2%2Fmedia&parent=1119"}],"wp:term":[{"taxonomy":"category","embeddable":true,"href":"http:\/\/www.segunda-feira.de\/index.php?rest_route=%2Fwp%2Fv2%2Fcategories&post=1119"},{"taxonomy":"post_tag","embeddable":true,"href":"http:\/\/www.segunda-feira.de\/index.php?rest_route=%2Fwp%2Fv2%2Ftags&post=1119"}],"curies":[{"name":"wp","href":"https:\/\/api.w.org\/{rel}","templated":true}]}}