{"id":1127,"date":"2015-10-12T06:59:41","date_gmt":"2015-10-12T04:59:41","guid":{"rendered":"http:\/\/www.segunda-feira.de\/?p=1127"},"modified":"2015-10-12T06:59:41","modified_gmt":"2015-10-12T04:59:41","slug":"gaensehaut-im-parque-nacional-serra-da-capivara","status":"publish","type":"post","link":"http:\/\/www.segunda-feira.de\/?p=1127","title":{"rendered":"G\u00e4nsehaut im Parque Nacional Serra da Capivara"},"content":{"rendered":"<p>Nach einer Woche entlang der K\u00fcste des Nordosten Brasiliens machten wir uns auf die \u00fcber 2.000 Kilometer lange Strecke Richtung Brasilia. Nach einem unspektakul\u00e4ren Nachtlager in einem Hotel in <a href=\"https:\/\/maps.google.de\/maps?q=-5.094656,-42.813454&amp;t=h\" target=\"_blank\">Teresina <\/a>wollten wir am zweiten Tag der R\u00fcckreise noch einen Nationalpark ungef\u00e4hr auf der H\u00e4lfte des Heimwegs erreichen. Auf der Fahrt dorthin kreuzten wir eine riesige Anbaufl\u00e4che von Eukalyptusb\u00e4umen.<\/p>\n<p><iframe loading=\"lazy\" src=\"http:\/\/www.youtube.com\/embed\/rj5kVYEV-Us?rel=0&amp;modestbranding=1\" width=\"560\" height=\"315\" frameborder=\"0\" allowfullscreen=\"allowfullscreen\"><\/iframe><\/p>\n<p>Der <a href=\"http:\/\/www.waldwissen.net\/lernen\/weltforstwirtschaft\/wsl_eukalyptusplantagen_brasilien\/index_DE\" target=\"_blank\">Anbau von Eukalyptusb\u00e4umen<\/a> ist hinsichtlich seiner \u00f6kologischen Nachhaltigkeit umstritten.<\/p>\n<p>Gegen Abend erreichten wir unser Ziel: <a href=\"https:\/\/maps.google.de\/maps?q=-8.844506,-42.559114&amp;t=h\" target=\"_blank\">einen Campingplatz<\/a> am Rande des <a href=\"https:\/\/de.wikipedia.org\/wiki\/Serra_da_Capivara\" target=\"_blank\">Parque Nacional Serra da Capivara<\/a>.<\/p>\n<div class='polaroid-gallery galleryid-1127' style='width:auto;'>\n\t\t\t<a href=\"http:\/\/www.segunda-feira.de\/wp-content\/uploads\/2015\/10\/Camping-Pedra-Furada-1024x682.jpg\" title=\"Camping Pedra Furada\" rel=\"polaroid_1313887044\" class=\"polaroid-gallery-item showcaption\"><span class=\"polaroid-gallery-image\" title=\"\" style=\"background-image: url(http:\/\/www.segunda-feira.de\/wp-content\/uploads\/2015\/10\/Camping-Pedra-Furada-140x140.jpg); width: 140px; height: 140px;\"><\/span><\/a>\n\t\t\t<a href=\"http:\/\/www.segunda-feira.de\/wp-content\/uploads\/2015\/10\/Camping-zum-durchbohrten-Stein-1024x682.jpg\" title=\"Camping zum durchbohrten Stein\" rel=\"polaroid_1313887044\" class=\"polaroid-gallery-item showcaption\"><span class=\"polaroid-gallery-image\" title=\"\" style=\"background-image: url(http:\/\/www.segunda-feira.de\/wp-content\/uploads\/2015\/10\/Camping-zum-durchbohrten-Stein-140x140.jpg); width: 140px; height: 140px;\"><\/span><\/a>\n\t\t\t<a href=\"http:\/\/www.segunda-feira.de\/wp-content\/uploads\/2015\/10\/Vor-dem-Camping-1024x768.jpg\" title=\"Vor dem Camping\" rel=\"polaroid_1313887044\" class=\"polaroid-gallery-item showcaption\"><span class=\"polaroid-gallery-image\" title=\"\" style=\"background-image: url(http:\/\/www.segunda-feira.de\/wp-content\/uploads\/2015\/10\/Vor-dem-Camping-140x140.jpg); width: 140px; height: 140px;\"><\/span><\/a>\n\t\t\t<br style=\"clear: both;\" \/><\/div>\n\n<p>Der Park ist bekannt f\u00fcr seine H\u00f6hlenmalereien, die vor 12.000 bis 6.000 Jahren von Steinzeitmenschen angefertigt wurden. Zudem wurden auch \u00dcberreste von Feuerstellen entdeckt, die bis zu 50.000 Jahre alt sein sollen. Um die Feuerstellen herum wurden versteinerte Exkremente gefunden, die \u00dcberreste von Parasiten enthalten, die zu der Zeit nicht in S\u00fcdamerika vorgekommen sein sollen. Daraus schlie\u00dft ein Teil heutiger Forscher, dass bereits zu dieser Zeit Menschen diesen Kontinent besiedelt haben. Dieser Schluss ist jedoch sehr umstritten und widerspricht der <a href=\"https:\/\/de.wikipedia.org\/wiki\/Besiedlung_Amerikas\" target=\"_blank\">relativ gesicherten These<\/a>, dass Amerika von Norden \u00fcber die Beringstra\u00dfe vor circa 15.000 Jahren besiedelt wurde.<\/p>\n<p>Seisa, die P\u00e4chterin des Campingplatzes, entpuppte sich nicht nur als \u00e4u\u00dferst nette Gastgeberin, sondern auch als studierte Historikerin und gut ausgebildete Nationalparkf\u00fchrerin. Mit ihr zogen wir am darauffolgenden Tag los, um den Park zu erkunden.<\/p>\n<p>Die H\u00f6hlen- bzw. Wandmalereien liegen unterhalb von Gesteinsformationen aus Meeresboden und Sedimentablagerungen, die durch Erosion gebildet wurden.<\/p>\n<div class='polaroid-gallery galleryid-1127' style='width:auto;'>\n\t\t\t<a href=\"http:\/\/www.segunda-feira.de\/wp-content\/uploads\/2015\/10\/Seisa-und-die-anderen-1024x682.jpg\" title=\"Seisa und die anderen\" rel=\"polaroid_1699037796\" class=\"polaroid-gallery-item showcaption\"><span class=\"polaroid-gallery-image\" title=\"\" style=\"background-image: url(http:\/\/www.segunda-feira.de\/wp-content\/uploads\/2015\/10\/Seisa-und-die-anderen-140x140.jpg); width: 140px; height: 140px;\"><\/span><\/a>\n\t\t\t<a href=\"http:\/\/www.segunda-feira.de\/wp-content\/uploads\/2015\/10\/Felsformationen-1024x682.jpg\" title=\"Felsformationen\" rel=\"polaroid_1699037796\" class=\"polaroid-gallery-item showcaption\"><span class=\"polaroid-gallery-image\" title=\"\" style=\"background-image: url(http:\/\/www.segunda-feira.de\/wp-content\/uploads\/2015\/10\/Felsformationen-140x140.jpg); width: 140px; height: 140px;\"><\/span><\/a>\n\t\t\t<a href=\"http:\/\/www.segunda-feira.de\/wp-content\/uploads\/2015\/10\/Sedimentablagerungen-1024x682.jpg\" title=\"Sedimentablagerungen\" rel=\"polaroid_1699037796\" class=\"polaroid-gallery-item showcaption\"><span class=\"polaroid-gallery-image\" title=\"\" style=\"background-image: url(http:\/\/www.segunda-feira.de\/wp-content\/uploads\/2015\/10\/Sedimentablagerungen-140x140.jpg); width: 140px; height: 140px;\"><\/span><\/a>\n\t\t\t<a href=\"http:\/\/www.segunda-feira.de\/wp-content\/uploads\/2015\/10\/Ehemalige-Bachl\u00e4ufe-1024x682.jpg\" title=\"Ehemalige Bachl\u00e4ufe\" rel=\"polaroid_1699037796\" class=\"polaroid-gallery-item showcaption\"><span class=\"polaroid-gallery-image\" title=\"\" style=\"background-image: url(http:\/\/www.segunda-feira.de\/wp-content\/uploads\/2015\/10\/Ehemalige-Bachl\u00e4ufe-140x140.jpg); width: 140px; height: 140px;\"><\/span><\/a>\n\t\t\t<a href=\"http:\/\/www.segunda-feira.de\/wp-content\/uploads\/2015\/10\/Felsen-1024x768.jpg\" title=\"Felsen\" rel=\"polaroid_1699037796\" class=\"polaroid-gallery-item showcaption\"><span class=\"polaroid-gallery-image\" title=\"\" style=\"background-image: url(http:\/\/www.segunda-feira.de\/wp-content\/uploads\/2015\/10\/Felsen-140x140.jpg); width: 140px; height: 140px;\"><\/span><\/a>\n\t\t\t<a href=\"http:\/\/www.segunda-feira.de\/wp-content\/uploads\/2015\/10\/Felslandschaft-1024x768.jpg\" title=\"Felslandschaft\" rel=\"polaroid_1699037796\" class=\"polaroid-gallery-item showcaption\"><span class=\"polaroid-gallery-image\" title=\"\" style=\"background-image: url(http:\/\/www.segunda-feira.de\/wp-content\/uploads\/2015\/10\/Felslandschaft-140x140.jpg); width: 140px; height: 140px;\"><\/span><\/a>\n\t\t\t<a href=\"http:\/\/www.segunda-feira.de\/wp-content\/uploads\/2015\/10\/Noch-mehr-Felsen-1024x682.jpg\" title=\"Noch mehr Felsen\" rel=\"polaroid_1699037796\" class=\"polaroid-gallery-item showcaption\"><span class=\"polaroid-gallery-image\" title=\"\" style=\"background-image: url(http:\/\/www.segunda-feira.de\/wp-content\/uploads\/2015\/10\/Noch-mehr-Felsen-140x140.jpg); width: 140px; height: 140px;\"><\/span><\/a>\n\t\t\t<a href=\"http:\/\/www.segunda-feira.de\/wp-content\/uploads\/2015\/10\/Pedra-Furada-Der-durchbohrte-Stein-1024x768.jpg\" title=\"Pedra Furada &#8211; Der durchbohrte Stein\" rel=\"polaroid_1699037796\" class=\"polaroid-gallery-item showcaption\"><span class=\"polaroid-gallery-image\" title=\"\" style=\"background-image: url(http:\/\/www.segunda-feira.de\/wp-content\/uploads\/2015\/10\/Pedra-Furada-Der-durchbohrte-Stein-140x140.jpg); width: 140px; height: 140px;\"><\/span><\/a>\n\t\t\t<br style=\"clear: both;\" \/><\/div>\n\n<p>Die Wandmalereien liegen gesch\u00fctzt vor Sonne und Regen unter Fels\u00fcberh\u00e4ngen. Sie stellen Jagd-, Sex-, Tanz- und Ritualszenen dar.<\/p>\n<div class='polaroid-gallery galleryid-1127' style='width:auto;'>\n\t\t\t<a href=\"http:\/\/www.segunda-feira.de\/wp-content\/uploads\/2015\/10\/Der-Geschlechtsakt-und-deren-Anzahl-1024x682.jpg\" title=\"Der Geschlechtsakt und deren Anzahl\" rel=\"polaroid_163569003\" class=\"polaroid-gallery-item showcaption\"><span class=\"polaroid-gallery-image\" title=\"\" style=\"background-image: url(http:\/\/www.segunda-feira.de\/wp-content\/uploads\/2015\/10\/Der-Geschlechtsakt-und-deren-Anzahl-140x140.jpg); width: 140px; height: 140px;\"><\/span><\/a>\n\t\t\t<a href=\"http:\/\/www.segunda-feira.de\/wp-content\/uploads\/2015\/10\/Gejagtes-Tier-1024x682.jpg\" title=\"Gejagtes Tier\" rel=\"polaroid_163569003\" class=\"polaroid-gallery-item showcaption\"><span class=\"polaroid-gallery-image\" title=\"\" style=\"background-image: url(http:\/\/www.segunda-feira.de\/wp-content\/uploads\/2015\/10\/Gejagtes-Tier-140x140.jpg); width: 140px; height: 140px;\"><\/span><\/a>\n\t\t\t<a href=\"http:\/\/www.segunda-feira.de\/wp-content\/uploads\/2015\/10\/Hirsche-und-Mensch-1024x682.jpg\" title=\"Hirsche und Mensch\" rel=\"polaroid_163569003\" class=\"polaroid-gallery-item showcaption\"><span class=\"polaroid-gallery-image\" title=\"\" style=\"background-image: url(http:\/\/www.segunda-feira.de\/wp-content\/uploads\/2015\/10\/Hirsche-und-Mensch-140x140.jpg); width: 140px; height: 140px;\"><\/span><\/a>\n\t\t\t<a href=\"http:\/\/www.segunda-feira.de\/wp-content\/uploads\/2015\/10\/Jagd-und-Sexszene-1024x682.jpg\" title=\"Jagd- und Sexszene\" rel=\"polaroid_163569003\" class=\"polaroid-gallery-item showcaption\"><span class=\"polaroid-gallery-image\" title=\"\" style=\"background-image: url(http:\/\/www.segunda-feira.de\/wp-content\/uploads\/2015\/10\/Jagd-und-Sexszene-140x140.jpg); width: 140px; height: 140px;\"><\/span><\/a>\n\t\t\t<a href=\"http:\/\/www.segunda-feira.de\/wp-content\/uploads\/2015\/10\/Kamasutra-1024x768.jpg\" title=\"Kamasutra\" rel=\"polaroid_163569003\" class=\"polaroid-gallery-item showcaption\"><span class=\"polaroid-gallery-image\" title=\"\" style=\"background-image: url(http:\/\/www.segunda-feira.de\/wp-content\/uploads\/2015\/10\/Kamasutra-140x140.jpg); width: 140px; height: 140px;\"><\/span><\/a>\n\t\t\t<a href=\"http:\/\/www.segunda-feira.de\/wp-content\/uploads\/2015\/10\/K\u00fcsschen-1024x682.jpg\" title=\"K\u00fcsschen\" rel=\"polaroid_163569003\" class=\"polaroid-gallery-item showcaption\"><span class=\"polaroid-gallery-image\" title=\"\" style=\"background-image: url(http:\/\/www.segunda-feira.de\/wp-content\/uploads\/2015\/10\/K\u00fcsschen-140x140.jpg); width: 140px; height: 140px;\"><\/span><\/a>\n\t\t\t<a href=\"http:\/\/www.segunda-feira.de\/wp-content\/uploads\/2015\/10\/Orgie-1024x682.jpg\" title=\"Orgie\" rel=\"polaroid_163569003\" class=\"polaroid-gallery-item showcaption\"><span class=\"polaroid-gallery-image\" title=\"\" style=\"background-image: url(http:\/\/www.segunda-feira.de\/wp-content\/uploads\/2015\/10\/Orgie-140x140.jpg); width: 140px; height: 140px;\"><\/span><\/a>\n\t\t\t<a href=\"http:\/\/www.segunda-feira.de\/wp-content\/uploads\/2015\/10\/Party-1024x768.jpg\" title=\"Party\" rel=\"polaroid_163569003\" class=\"polaroid-gallery-item showcaption\"><span class=\"polaroid-gallery-image\" title=\"\" style=\"background-image: url(http:\/\/www.segunda-feira.de\/wp-content\/uploads\/2015\/10\/Party-140x140.jpg); width: 140px; height: 140px;\"><\/span><\/a>\n\t\t\t<a href=\"http:\/\/www.segunda-feira.de\/wp-content\/uploads\/2015\/10\/Sexszene-1024x682.jpg\" title=\"Sexszene\" rel=\"polaroid_163569003\" class=\"polaroid-gallery-item showcaption\"><span class=\"polaroid-gallery-image\" title=\"\" style=\"background-image: url(http:\/\/www.segunda-feira.de\/wp-content\/uploads\/2015\/10\/Sexszene-140x140.jpg); width: 140px; height: 140px;\"><\/span><\/a>\n\t\t\t<a href=\"http:\/\/www.segunda-feira.de\/wp-content\/uploads\/2015\/10\/Tanz-und-Ausschweifung-1024x768.jpg\" title=\"Tanz und Ausschweifung\" rel=\"polaroid_163569003\" class=\"polaroid-gallery-item showcaption\"><span class=\"polaroid-gallery-image\" title=\"\" style=\"background-image: url(http:\/\/www.segunda-feira.de\/wp-content\/uploads\/2015\/10\/Tanz-und-Ausschweifung-140x140.jpg); width: 140px; height: 140px;\"><\/span><\/a>\n\t\t\t<a href=\"http:\/\/www.segunda-feira.de\/wp-content\/uploads\/2015\/10\/Von-Orgien-und-Eidechsen-1024x682.jpg\" title=\"Von Orgien und Eidechsen\" rel=\"polaroid_163569003\" class=\"polaroid-gallery-item showcaption\"><span class=\"polaroid-gallery-image\" title=\"\" style=\"background-image: url(http:\/\/www.segunda-feira.de\/wp-content\/uploads\/2015\/10\/Von-Orgien-und-Eidechsen-140x140.jpg); width: 140px; height: 140px;\"><\/span><\/a>\n\t\t\t<a href=\"http:\/\/www.segunda-feira.de\/wp-content\/uploads\/2015\/10\/Was-ist-das-f\u00fcr-ein-Tier-1024x768.jpg\" title=\"Was ist das f\u00fcr ein Tier\" rel=\"polaroid_163569003\" class=\"polaroid-gallery-item showcaption\"><span class=\"polaroid-gallery-image\" title=\"\" style=\"background-image: url(http:\/\/www.segunda-feira.de\/wp-content\/uploads\/2015\/10\/Was-ist-das-f\u00fcr-ein-Tier-140x140.jpg); width: 140px; height: 140px;\"><\/span><\/a>\n\t\t\t<br style=\"clear: both;\" \/><\/div>\n\n<p>Die Bilder vermitteln nur bedingt den Eindruck, den man bekommt, wenn man an Ort und Stelle davor steht. Man muss die Hitze und die Abwesenheit von Schatten und Wasser am eigenen Leib erfahren, um zu verstehen, warum sich unsere Vorfahren genau an diesem Platz getroffen haben, um Geschichten auszutauschen und Partys zu feiern. Vor 12.000 Jahren, gegen Ende der letzten Kaltzeit, war der Ort noch sehr gr\u00fcn und von Wasserl\u00e4ufen durchzogen. F\u00fcr die Menschen, die als Nomaden ihren Beutetieren hinterherzogen, m\u00fcssen die schattigen und vor Regen gesch\u00fctzten Pl\u00e4tze mit Wasser und Fr\u00fcchten wie ein Paradies erschienen sein, das sie regelm\u00e4\u00dfig aufsuchten.<\/p>\n<p>Ich bekam beim Betrachten der Kritzeleien eine G\u00e4nsehaut. Menschen, die seit Tausenden von Jahren tot waren, kommunizierten mit mir. Sie teilten mir mit, wie ihr Arbeitsalltag aussah, wie sie Feste feierten und welche sexuellen Vorstellungen sie hatten. Obwohl der Ort heute ausgetrocknet und karg erschien, konnte ich beinahe f\u00fchlen, wie ihre Welt ausgesehen haben muss. Zu diesen Menschen, die reisten und dar\u00fcber berichteten, empfand ich eine tiefe Verbindung, f\u00fcr die der zeitliche Abstand &#8211; egal in welcher Menge &#8211; nebens\u00e4chlich war.<\/p>\n<p>Schlussendlich sch\u00fctzt der Nationalpark nicht nur die geologisch interessanten Gesteinsformationen und die pr\u00e4historischen Relikte, sondern auch Flora und Fauna.<\/p>\n<div class='polaroid-gallery galleryid-1127' style='width:auto;'>\n\t\t\t<a href=\"http:\/\/www.segunda-feira.de\/wp-content\/uploads\/2015\/10\/Makake-1024x768.jpg\" title=\"Makake\" rel=\"polaroid_813828985\" class=\"polaroid-gallery-item showcaption\"><span class=\"polaroid-gallery-image\" title=\"\" style=\"background-image: url(http:\/\/www.segunda-feira.de\/wp-content\/uploads\/2015\/10\/Makake-140x140.jpg); width: 140px; height: 140px;\"><\/span><\/a>\n\t\t\t<a href=\"http:\/\/www.segunda-feira.de\/wp-content\/uploads\/2015\/10\/Klettermakake-1024x682.jpg\" title=\"Klettermakake\" rel=\"polaroid_813828985\" class=\"polaroid-gallery-item showcaption\"><span class=\"polaroid-gallery-image\" title=\"\" style=\"background-image: url(http:\/\/www.segunda-feira.de\/wp-content\/uploads\/2015\/10\/Klettermakake-140x140.jpg); width: 140px; height: 140px;\"><\/span><\/a>\n\t\t\t<a href=\"http:\/\/www.segunda-feira.de\/wp-content\/uploads\/2015\/10\/Erdh\u00f6rnchen-1024x768.jpg\" title=\"Erdh\u00f6rnchen\" rel=\"polaroid_813828985\" class=\"polaroid-gallery-item showcaption\"><span class=\"polaroid-gallery-image\" title=\"\" style=\"background-image: url(http:\/\/www.segunda-feira.de\/wp-content\/uploads\/2015\/10\/Erdh\u00f6rnchen-140x140.jpg); width: 140px; height: 140px;\"><\/span><\/a>\n\t\t\t<br style=\"clear: both;\" \/><\/div>\n\n<p>Zur\u00fcck auf dem Campingplatz reparierten Andreas und ich den Deckel des Wasserreservoirs und besserten gleich noch das Dach darunter aus.<\/p>\n<p><a href=\"http:\/\/www.segunda-feira.de\/wp-content\/uploads\/2015\/10\/Reparatur-Wasserreservoir.jpg\"><img loading=\"lazy\" decoding=\"async\" class=\"alignnone size-large wp-image-1157\" src=\"http:\/\/www.segunda-feira.de\/wp-content\/uploads\/2015\/10\/Reparatur-Wasserreservoir-1024x768.jpg\" alt=\"Reparatur Wasserreservoir\" width=\"584\" height=\"438\" srcset=\"http:\/\/www.segunda-feira.de\/wp-content\/uploads\/2015\/10\/Reparatur-Wasserreservoir.jpg 1024w, http:\/\/www.segunda-feira.de\/wp-content\/uploads\/2015\/10\/Reparatur-Wasserreservoir-300x225.jpg 300w, http:\/\/www.segunda-feira.de\/wp-content\/uploads\/2015\/10\/Reparatur-Wasserreservoir-400x300.jpg 400w\" sizes=\"auto, (max-width: 584px) 100vw, 584px\" \/><\/a><\/p>\n<p>Gegen Sonnenuntergang f\u00fchrte uns Seisa, die unsere Schwindelfreiheit unweigerlich erkennen musste, zu einem 200 Meter hohen Felsaufstieg \u00fcber Eisenleitern, die Beatrix, Andreas und ich beim letzten Tageslicht erklommen.<\/p>\n<div class='polaroid-gallery galleryid-1127' style='width:auto;'>\n\t\t\t<a href=\"http:\/\/www.segunda-feira.de\/wp-content\/uploads\/2015\/10\/Aussicht-am-Abend-1024x768.jpg\" title=\"Aussicht am Abend\" rel=\"polaroid_1339036246\" class=\"polaroid-gallery-item showcaption\"><span class=\"polaroid-gallery-image\" title=\"\" style=\"background-image: url(http:\/\/www.segunda-feira.de\/wp-content\/uploads\/2015\/10\/Aussicht-am-Abend-140x140.jpg); width: 140px; height: 140px;\"><\/span><\/a>\n\t\t\t<a href=\"http:\/\/www.segunda-feira.de\/wp-content\/uploads\/2015\/10\/Kletterei-am-Abend-1024x768.jpg\" title=\"Kletterei am Abend\" rel=\"polaroid_1339036246\" class=\"polaroid-gallery-item showcaption\"><span class=\"polaroid-gallery-image\" title=\"\" style=\"background-image: url(http:\/\/www.segunda-feira.de\/wp-content\/uploads\/2015\/10\/Kletterei-am-Abend-140x140.jpg); width: 140px; height: 140px;\"><\/span><\/a>\n\t\t\t<a href=\"http:\/\/www.segunda-feira.de\/wp-content\/uploads\/2015\/10\/Noch-mehr-Aussicht-1024x768.jpg\" title=\"Noch mehr Aussicht\" rel=\"polaroid_1339036246\" class=\"polaroid-gallery-item showcaption\"><span class=\"polaroid-gallery-image\" title=\"\" style=\"background-image: url(http:\/\/www.segunda-feira.de\/wp-content\/uploads\/2015\/10\/Noch-mehr-Aussicht-140x140.jpg); width: 140px; height: 140px;\"><\/span><\/a>\n\t\t\t<br style=\"clear: both;\" \/><\/div>\n\n<p><iframe loading=\"lazy\" src=\"http:\/\/www.youtube.com\/embed\/vLtekJXCIyk?rel=0&amp;modestbranding=1\" width=\"560\" height=\"315\" frameborder=\"0\" allowfullscreen=\"allowfullscreen\"><\/iframe><\/p>\n","protected":false},"excerpt":{"rendered":"<p>Nach einer Woche entlang der K\u00fcste des Nordosten Brasiliens machten wir uns auf die \u00fcber 2.000 Kilometer lange Strecke Richtung Brasilia. Nach einem unspektakul\u00e4ren Nachtlager in einem Hotel in Teresina wollten wir am zweiten Tag der R\u00fcckreise noch einen Nationalpark &hellip; <a href=\"http:\/\/www.segunda-feira.de\/?p=1127\">Weiterlesen <span class=\"meta-nav\">&rarr;<\/span><\/a><\/p>\n","protected":false},"author":1,"featured_media":0,"comment_status":"open","ping_status":"open","sticky":false,"template":"","format":"standard","meta":{"jetpack_post_was_ever_published":false,"_jetpack_newsletter_access":"","_jetpack_dont_email_post_to_subs":false,"_jetpack_newsletter_tier_id":0,"_jetpack_memberships_contains_paywalled_content":false,"_jetpack_memberships_contains_paid_content":false,"footnotes":"","jetpack_publicize_message":"","jetpack_publicize_feature_enabled":true,"jetpack_social_post_already_shared":true,"jetpack_social_options":{"image_generator_settings":{"template":"highway","default_image_id":0,"font":"","enabled":false},"version":2}},"categories":[1,9],"tags":[],"class_list":["post-1127","post","type-post","status-publish","format-standard","hentry","category-allgemein","category-reise-entdeckungen"],"jetpack_publicize_connections":[],"jetpack_featured_media_url":"","jetpack_sharing_enabled":true,"jetpack_shortlink":"https:\/\/wp.me\/p64WYd-ib","jetpack_likes_enabled":true,"_links":{"self":[{"href":"http:\/\/www.segunda-feira.de\/index.php?rest_route=\/wp\/v2\/posts\/1127","targetHints":{"allow":["GET"]}}],"collection":[{"href":"http:\/\/www.segunda-feira.de\/index.php?rest_route=\/wp\/v2\/posts"}],"about":[{"href":"http:\/\/www.segunda-feira.de\/index.php?rest_route=\/wp\/v2\/types\/post"}],"author":[{"embeddable":true,"href":"http:\/\/www.segunda-feira.de\/index.php?rest_route=\/wp\/v2\/users\/1"}],"replies":[{"embeddable":true,"href":"http:\/\/www.segunda-feira.de\/index.php?rest_route=%2Fwp%2Fv2%2Fcomments&post=1127"}],"version-history":[{"count":5,"href":"http:\/\/www.segunda-feira.de\/index.php?rest_route=\/wp\/v2\/posts\/1127\/revisions"}],"predecessor-version":[{"id":1163,"href":"http:\/\/www.segunda-feira.de\/index.php?rest_route=\/wp\/v2\/posts\/1127\/revisions\/1163"}],"wp:attachment":[{"href":"http:\/\/www.segunda-feira.de\/index.php?rest_route=%2Fwp%2Fv2%2Fmedia&parent=1127"}],"wp:term":[{"taxonomy":"category","embeddable":true,"href":"http:\/\/www.segunda-feira.de\/index.php?rest_route=%2Fwp%2Fv2%2Fcategories&post=1127"},{"taxonomy":"post_tag","embeddable":true,"href":"http:\/\/www.segunda-feira.de\/index.php?rest_route=%2Fwp%2Fv2%2Ftags&post=1127"}],"curies":[{"name":"wp","href":"https:\/\/api.w.org\/{rel}","templated":true}]}}