{"id":1174,"date":"2015-10-13T04:04:55","date_gmt":"2015-10-13T02:04:55","guid":{"rendered":"http:\/\/www.segunda-feira.de\/?p=1174"},"modified":"2015-10-13T04:06:42","modified_gmt":"2015-10-13T02:06:42","slug":"zikadenterror","status":"publish","type":"post","link":"http:\/\/www.segunda-feira.de\/?p=1174","title":{"rendered":"Zikadenterror"},"content":{"rendered":"<p>Da ist man einmal drei Wochen nicht zuhause, und schon kommt man in eine fremde Welt zur\u00fcck. Exotische L\u00e4nder \u00fcberraschen immer wieder mit exotischen visuellen, akustischen und olfaktorischen Eindr\u00fccken. Der neue exotische Eindruck ist eindeutig akustischer Natur.<\/p>\n<p>Jeder, der einmal in einem mediterranen Land im Hochsommer war, kennt sie: <a href=\"https:\/\/de.wikipedia.org\/wiki\/Singzikaden\" target=\"_blank\">Singzikaden<\/a>. Doch im Vergleich zu der Lautst\u00e4rke der Tiere in Brasilien befinden sich die Artgenossen am Mittelmeer auf Fl\u00fcsterniveau. Besonders in der D\u00e4mmerung dreht das Orchester um uns herum voll auf.<\/p>\n<p><iframe loading=\"lazy\" src=\"http:\/\/www.youtube.com\/embed\/I0TvH2WLxlc?rel=0&amp;modestbranding=1\" width=\"560\" height=\"315\" frameborder=\"0\" allowfullscreen=\"allowfullscreen\"><\/iframe><\/p>\n<p>Und so sehen die Mistviecher aus:<\/p>\n<p><a href=\"http:\/\/www.segunda-feira.de\/wp-content\/uploads\/2015\/10\/Singzikade.jpg\"><img loading=\"lazy\" decoding=\"async\" class=\"alignnone size-large wp-image-1175\" src=\"http:\/\/www.segunda-feira.de\/wp-content\/uploads\/2015\/10\/Singzikade-1024x768.jpg\" alt=\"Singzikade\" width=\"584\" height=\"438\" srcset=\"http:\/\/www.segunda-feira.de\/wp-content\/uploads\/2015\/10\/Singzikade.jpg 1024w, http:\/\/www.segunda-feira.de\/wp-content\/uploads\/2015\/10\/Singzikade-300x225.jpg 300w, http:\/\/www.segunda-feira.de\/wp-content\/uploads\/2015\/10\/Singzikade-400x300.jpg 400w\" sizes=\"auto, (max-width: 584px) 100vw, 584px\" \/><\/a><\/p>\n","protected":false},"excerpt":{"rendered":"<p>Da ist man einmal drei Wochen nicht zuhause, und schon kommt man in eine fremde Welt zur\u00fcck. Exotische L\u00e4nder \u00fcberraschen immer wieder mit exotischen visuellen, akustischen und olfaktorischen Eindr\u00fccken. Der neue exotische Eindruck ist eindeutig akustischer Natur. Jeder, der einmal &hellip; <a href=\"http:\/\/www.segunda-feira.de\/?p=1174\">Weiterlesen <span class=\"meta-nav\">&rarr;<\/span><\/a><\/p>\n","protected":false},"author":1,"featured_media":0,"comment_status":"open","ping_status":"open","sticky":false,"template":"","format":"standard","meta":{"jetpack_post_was_ever_published":false,"_jetpack_newsletter_access":"","_jetpack_dont_email_post_to_subs":false,"_jetpack_newsletter_tier_id":0,"_jetpack_memberships_contains_paywalled_content":false,"_jetpack_memberships_contains_paid_content":false,"footnotes":"","jetpack_publicize_message":"","jetpack_publicize_feature_enabled":true,"jetpack_social_post_already_shared":true,"jetpack_social_options":{"image_generator_settings":{"template":"highway","default_image_id":0,"font":"","enabled":false},"version":2}},"categories":[1,15],"tags":[],"class_list":["post-1174","post","type-post","status-publish","format-standard","hentry","category-allgemein","category-alltag"],"jetpack_publicize_connections":[],"jetpack_featured_media_url":"","jetpack_sharing_enabled":true,"jetpack_shortlink":"https:\/\/wp.me\/p64WYd-iW","jetpack_likes_enabled":true,"_links":{"self":[{"href":"http:\/\/www.segunda-feira.de\/index.php?rest_route=\/wp\/v2\/posts\/1174","targetHints":{"allow":["GET"]}}],"collection":[{"href":"http:\/\/www.segunda-feira.de\/index.php?rest_route=\/wp\/v2\/posts"}],"about":[{"href":"http:\/\/www.segunda-feira.de\/index.php?rest_route=\/wp\/v2\/types\/post"}],"author":[{"embeddable":true,"href":"http:\/\/www.segunda-feira.de\/index.php?rest_route=\/wp\/v2\/users\/1"}],"replies":[{"embeddable":true,"href":"http:\/\/www.segunda-feira.de\/index.php?rest_route=%2Fwp%2Fv2%2Fcomments&post=1174"}],"version-history":[{"count":3,"href":"http:\/\/www.segunda-feira.de\/index.php?rest_route=\/wp\/v2\/posts\/1174\/revisions"}],"predecessor-version":[{"id":1178,"href":"http:\/\/www.segunda-feira.de\/index.php?rest_route=\/wp\/v2\/posts\/1174\/revisions\/1178"}],"wp:attachment":[{"href":"http:\/\/www.segunda-feira.de\/index.php?rest_route=%2Fwp%2Fv2%2Fmedia&parent=1174"}],"wp:term":[{"taxonomy":"category","embeddable":true,"href":"http:\/\/www.segunda-feira.de\/index.php?rest_route=%2Fwp%2Fv2%2Fcategories&post=1174"},{"taxonomy":"post_tag","embeddable":true,"href":"http:\/\/www.segunda-feira.de\/index.php?rest_route=%2Fwp%2Fv2%2Ftags&post=1174"}],"curies":[{"name":"wp","href":"https:\/\/api.w.org\/{rel}","templated":true}]}}