{"id":1185,"date":"2015-10-20T13:53:09","date_gmt":"2015-10-20T11:53:09","guid":{"rendered":"http:\/\/www.segunda-feira.de\/?p=1185"},"modified":"2015-10-20T13:53:09","modified_gmt":"2015-10-20T11:53:09","slug":"wieder-auf-der-strasse","status":"publish","type":"post","link":"http:\/\/www.segunda-feira.de\/?p=1185","title":{"rendered":"Wieder auf der Stra\u00dfe"},"content":{"rendered":"<p>Da ist es wieder: das Gef\u00fchl, in einer Nussschale auf dem Ozean zu treiben. Ungesch\u00fctzt s\u00e4mtlichen Gefahren des Reisens ausgesetzt zu sein. Man gibt Sicherheit auf und erh\u00e4lt daf\u00fcr Intensit\u00e4t. So einfach geht die Rechnung.<\/p>\n<p>Fast schon etwas lustlos bin ich am Montag aufgebrochen. Noch m\u00fcde von der letzten Reise und mit einem Auto, das eigentlich noch etwas Wartung ben\u00f6tigt, bin ich um 11.30 Uhr losgefahren. Ich blieb bei meinem Plan und folgte der BR-070. Was f\u00fcr eine abwechslungsreiche Stra\u00dfe! Gut ausgebaute, asphaltierte Abschnitte l\u00f6sten sich mit Schotterstrecken und Wasserdurchfahrten ab. Bisher bin ich mit meiner Entscheidung sehr zufrieden. Die Schotterstrecken sind gut gewartet, so dass man 80 bis 90 km\/h darauf fahren kann.<\/p>\n<p><a href=\"http:\/\/www.segunda-feira.de\/wp-content\/uploads\/2015\/10\/BR-070.jpg\"><img loading=\"lazy\" decoding=\"async\" class=\"alignnone size-large wp-image-1186\" src=\"http:\/\/www.segunda-feira.de\/wp-content\/uploads\/2015\/10\/BR-070-1024x614.jpg\" alt=\"BR-070\" width=\"584\" height=\"350\" srcset=\"http:\/\/www.segunda-feira.de\/wp-content\/uploads\/2015\/10\/BR-070.jpg 1024w, http:\/\/www.segunda-feira.de\/wp-content\/uploads\/2015\/10\/BR-070-300x180.jpg 300w, http:\/\/www.segunda-feira.de\/wp-content\/uploads\/2015\/10\/BR-070-500x300.jpg 500w\" sizes=\"auto, (max-width: 584px) 100vw, 584px\" \/><\/a><\/p>\n<p>Eine Stunde vor Sonnenuntergang begann ich wie auf meiner letzten Reise mit der Suche nach einem Platz f\u00fcr die Nacht. Ich war in einer Gegend, in der sich entlang der Stra\u00dfe eine kleine Fazenda an die n\u00e4chste reihte. Aus Erfahrung wusste ich bereits, dass sich solche Orte nicht f\u00fcr gute Standpl\u00e4tze eigneten. Auch ein Abstecher in eine Sandstra\u00dfe f\u00fchrte nur zu weiteren kleinen Fazendas. Ich war schon fast am Verzweifeln, als ich die Einfahrt in eine gro\u00dfe Zuckerrohrplantage wahrnahm. Die dort angebrachten Schilder untersagten die Zufahrt nicht, nur Fischen und Jagen war verboten.<\/p>\n<p>Ich fand einen sehr sch\u00f6nen Platz in der N\u00e4he eines kleinen T\u00fcmpels, der sogar Schatten gegen die Morgensonne bot. Schatten, der nicht genutzt wird: Das ist in Brasilien ein echter Indikator f\u00fcr d\u00fcnne Besiedlung.<\/p>\n<div class='polaroid-gallery galleryid-1185' style='width:auto;'>\n\t\t\t<a href=\"http:\/\/www.segunda-feira.de\/wp-content\/uploads\/2015\/10\/Schattenstandplatz-1024x614.jpg\" title=\"Schattenstandplatz\" rel=\"polaroid_747505269\" class=\"polaroid-gallery-item showcaption\"><span class=\"polaroid-gallery-image\" title=\"\" style=\"background-image: url(http:\/\/www.segunda-feira.de\/wp-content\/uploads\/2015\/10\/Schattenstandplatz-140x140.jpg); width: 140px; height: 140px;\"><\/span><\/a>\n\t\t\t<a href=\"http:\/\/www.segunda-feira.de\/wp-content\/uploads\/2015\/10\/T\u00fcmpel-1024x614.jpg\" title=\"T\u00fcmpel\" rel=\"polaroid_747505269\" class=\"polaroid-gallery-item showcaption\"><span class=\"polaroid-gallery-image\" title=\"\" style=\"background-image: url(http:\/\/www.segunda-feira.de\/wp-content\/uploads\/2015\/10\/T\u00fcmpel-140x140.jpg); width: 140px; height: 140px;\"><\/span><\/a>\n\t\t\t<br style=\"clear: both;\" \/><\/div>\n\n<p>Bei meinem Abendspaziergang mit dem Hund nahm ich viele Spuren wahr, die auf etwas gr\u00f6\u00dfere Tiere hindeuteten. Pumas? Eher nicht. Die Form der Abdr\u00fccke war dreizackig.<\/p>\n<p><a href=\"http:\/\/www.segunda-feira.de\/wp-content\/uploads\/2015\/10\/Spuren-im-Sand.jpg\"><img loading=\"lazy\" decoding=\"async\" class=\"alignnone size-large wp-image-1189\" src=\"http:\/\/www.segunda-feira.de\/wp-content\/uploads\/2015\/10\/Spuren-im-Sand-1024x614.jpg\" alt=\"Spuren im Sand\" width=\"584\" height=\"350\" srcset=\"http:\/\/www.segunda-feira.de\/wp-content\/uploads\/2015\/10\/Spuren-im-Sand.jpg 1024w, http:\/\/www.segunda-feira.de\/wp-content\/uploads\/2015\/10\/Spuren-im-Sand-300x180.jpg 300w, http:\/\/www.segunda-feira.de\/wp-content\/uploads\/2015\/10\/Spuren-im-Sand-500x300.jpg 500w\" sizes=\"auto, (max-width: 584px) 100vw, 584px\" \/><\/a><\/p>\n<p>Ich baute das Dachzelt auf, und um 22.30 Uhr bekam ich dann die Aufl\u00f6sung, als der Hund anfing zu knurren. Aus der Richtung des Zuckerrohrfeldes konnte man ein lautes Rascheln h\u00f6ren. Ich richtete mein Kopflicht aus dem Zelt heraus auf die Stelle, von der das Ger\u00e4usch kam, und tats\u00e4chlich: Aus den schilfartigen Gew\u00e4chsen kroch in f\u00fcnf Metern Entfernung ein circa 1,50 Meter langes, schwarzes Tier mit einem langen R\u00fcssel heraus. Ein Ameisenb\u00e4r! Dieser lie\u00df sich von uns kaum st\u00f6ren und tapste gem\u00e4chlich weiter entlang des Randes des Feldes. Dann war Ruhe f\u00fcr die ganze Nacht.<\/p>\n","protected":false},"excerpt":{"rendered":"<p>Da ist es wieder: das Gef\u00fchl, in einer Nussschale auf dem Ozean zu treiben. Ungesch\u00fctzt s\u00e4mtlichen Gefahren des Reisens ausgesetzt zu sein. Man gibt Sicherheit auf und erh\u00e4lt daf\u00fcr Intensit\u00e4t. So einfach geht die Rechnung. Fast schon etwas lustlos bin &hellip; <a href=\"http:\/\/www.segunda-feira.de\/?p=1185\">Weiterlesen <span class=\"meta-nav\">&rarr;<\/span><\/a><\/p>\n","protected":false},"author":1,"featured_media":0,"comment_status":"open","ping_status":"open","sticky":false,"template":"","format":"standard","meta":{"jetpack_post_was_ever_published":false,"_jetpack_newsletter_access":"","_jetpack_dont_email_post_to_subs":false,"_jetpack_newsletter_tier_id":0,"_jetpack_memberships_contains_paywalled_content":false,"_jetpack_memberships_contains_paid_content":false,"footnotes":"","jetpack_publicize_message":"","jetpack_publicize_feature_enabled":true,"jetpack_social_post_already_shared":true,"jetpack_social_options":{"image_generator_settings":{"template":"highway","default_image_id":0,"font":"","enabled":false},"version":2}},"categories":[1,9],"tags":[],"class_list":["post-1185","post","type-post","status-publish","format-standard","hentry","category-allgemein","category-reise-entdeckungen"],"jetpack_publicize_connections":[],"jetpack_featured_media_url":"","jetpack_sharing_enabled":true,"jetpack_shortlink":"https:\/\/wp.me\/p64WYd-j7","jetpack_likes_enabled":true,"_links":{"self":[{"href":"http:\/\/www.segunda-feira.de\/index.php?rest_route=\/wp\/v2\/posts\/1185","targetHints":{"allow":["GET"]}}],"collection":[{"href":"http:\/\/www.segunda-feira.de\/index.php?rest_route=\/wp\/v2\/posts"}],"about":[{"href":"http:\/\/www.segunda-feira.de\/index.php?rest_route=\/wp\/v2\/types\/post"}],"author":[{"embeddable":true,"href":"http:\/\/www.segunda-feira.de\/index.php?rest_route=\/wp\/v2\/users\/1"}],"replies":[{"embeddable":true,"href":"http:\/\/www.segunda-feira.de\/index.php?rest_route=%2Fwp%2Fv2%2Fcomments&post=1185"}],"version-history":[{"count":1,"href":"http:\/\/www.segunda-feira.de\/index.php?rest_route=\/wp\/v2\/posts\/1185\/revisions"}],"predecessor-version":[{"id":1190,"href":"http:\/\/www.segunda-feira.de\/index.php?rest_route=\/wp\/v2\/posts\/1185\/revisions\/1190"}],"wp:attachment":[{"href":"http:\/\/www.segunda-feira.de\/index.php?rest_route=%2Fwp%2Fv2%2Fmedia&parent=1185"}],"wp:term":[{"taxonomy":"category","embeddable":true,"href":"http:\/\/www.segunda-feira.de\/index.php?rest_route=%2Fwp%2Fv2%2Fcategories&post=1185"},{"taxonomy":"post_tag","embeddable":true,"href":"http:\/\/www.segunda-feira.de\/index.php?rest_route=%2Fwp%2Fv2%2Ftags&post=1185"}],"curies":[{"name":"wp","href":"https:\/\/api.w.org\/{rel}","templated":true}]}}