{"id":1191,"date":"2015-10-21T11:12:53","date_gmt":"2015-10-21T09:12:53","guid":{"rendered":"http:\/\/www.segunda-feira.de\/?p=1191"},"modified":"2015-10-21T11:13:33","modified_gmt":"2015-10-21T09:13:33","slug":"voellig-erledigt-an-der-bolivianischen-grenze","status":"publish","type":"post","link":"http:\/\/www.segunda-feira.de\/?p=1191","title":{"rendered":"V\u00f6llig erledigt an der bolivianischen Grenze"},"content":{"rendered":"<p>Heute morgen bin ich gut gelaunt von meinem Ameisenb\u00e4r-Standplatz aufgebrochen. Solche Orte findet man in Brasilien unglaublich selten, obwohl es von Natur nur so wimmelt. Wie bereits berichtet wird die Natur in diesem Land hinter Z\u00e4unen und Toren gefangen gehalten. Es gibt weder W\u00e4lder, Wiesen oder Gew\u00e4sser, die frei zug\u00e4nglich sind. Alles ist privat oder zugangsbeschr\u00e4nkter Park oder Nationalpark. W\u00e4re ich hier Unternehmer, w\u00fcrde ich Stacheldrahtzaun herstellen. Der Bedarf an diesem Produkt wird in Brasilien wahrscheinlich nie ausgehen. Einzig auf den Fl\u00e4chen der industriellen Landwirtschaft, die haupts\u00e4chlich auf den wenig bewohnten Hochfl\u00e4chen gelegen sind, findet man so etwas wie Bewegungsfreiheit.<\/p>\n<p><iframe loading=\"lazy\" src=\"http:\/\/www.youtube.com\/embed\/06-D2FprBCk?rel=0&amp;modestbranding=1\" width=\"560\" height=\"315\" frameborder=\"0\" allowfullscreen=\"allowfullscreen\"><\/iframe><\/p>\n<p>12 Stunden Autofahrt und 850 Kilometer sp\u00e4ter h\u00e4nge ich in einem Hotel in Caceres, kurz vor der bolivianischen Grenze. Was ist zwischendurch passiert? Nun, es gibt eine kurze und einfache Antwort:<\/p>\n<p><a href=\"http:\/\/www.segunda-feira.de\/wp-content\/uploads\/2015\/10\/Ein-ganzer-Tag-geradeaus.jpg\"><img loading=\"lazy\" decoding=\"async\" class=\"alignnone size-large wp-image-1192\" src=\"http:\/\/www.segunda-feira.de\/wp-content\/uploads\/2015\/10\/Ein-ganzer-Tag-geradeaus-1024x614.jpg\" alt=\"Ein ganzer Tag geradeaus\" width=\"584\" height=\"350\" srcset=\"http:\/\/www.segunda-feira.de\/wp-content\/uploads\/2015\/10\/Ein-ganzer-Tag-geradeaus.jpg 1024w, http:\/\/www.segunda-feira.de\/wp-content\/uploads\/2015\/10\/Ein-ganzer-Tag-geradeaus-300x180.jpg 300w, http:\/\/www.segunda-feira.de\/wp-content\/uploads\/2015\/10\/Ein-ganzer-Tag-geradeaus-500x300.jpg 500w\" sizes=\"auto, (max-width: 584px) 100vw, 584px\" \/><\/a><\/p>\n<p>Ich w\u00fcnschte, mein Leben w\u00e4re so straight verlaufen wie die Stra\u00dfen in Brasilien. Neben der eint\u00f6nigen Geradeausfahrt gab es kleine &#8222;Highlights&#8220; wie das folgende Beispiel, warum ich in Brasilien nicht Bus fahren w\u00fcrde. Auf dem steilen Bergabst\u00fcck ist die Geschwindigkeit auf 50 km\/h begrenzt. Die LKWs schleichen mit Motorbremse den Berg hinab, und der Bus f\u00e4hrt stellenweise mit \u00fcber 100 km\/h, so dass ich kaum mithalten kann. Busreisende sind die wahren Mutigen.<\/p>\n<p><iframe loading=\"lazy\" src=\"http:\/\/www.youtube.com\/embed\/D1jl8mFDMiI?rel=0&amp;modestbranding=1\" width=\"560\" height=\"315\" frameborder=\"0\" allowfullscreen=\"allowfullscreen\"><\/iframe><\/p>\n<p>Das Pantanal, ein riesiges Sumpfgebiet im Westen von Brasilien, empfing mich mit Regen, ein Wetterph\u00e4nomen, das man erst nach sechs Monaten Trockenzeit sch\u00e4tzen lernt.<\/p>\n<p><iframe loading=\"lazy\" src=\"http:\/\/www.youtube.com\/embed\/c11UmBFhA4I?rel=0&amp;modestbranding=1\" width=\"560\" height=\"315\" frameborder=\"0\" allowfullscreen=\"allowfullscreen\"><\/iframe><\/p>\n<p>Auf der Suche nach einem Standplatz f\u00fcr die Nacht scheiterte ich einmal wieder an den unz\u00e4hligen kleinen eingez\u00e4unten Fazendas, die selbst die letzte kaum noch befahrbare Seitenstra\u00dfe komplett s\u00e4umten. Dank booking.com konnte ich Polizisten in der Nacht sowie verm\u00fcckte, verschwitzte und stinkende Notstandpl\u00e4tze an Fernfahrertankstellen vermeiden, und durfte in einem klimatisierten Hotelzimmer das WLAN nutzen.<\/p>\n<p><a href=\"http:\/\/www.segunda-feira.de\/wp-content\/uploads\/2015\/10\/Kaputt-in-Caceres.jpg\"><img loading=\"lazy\" decoding=\"async\" class=\"alignnone size-large wp-image-1193\" src=\"http:\/\/www.segunda-feira.de\/wp-content\/uploads\/2015\/10\/Kaputt-in-Caceres-1024x768.jpg\" alt=\"Kaputt in Caceres\" width=\"584\" height=\"438\" srcset=\"http:\/\/www.segunda-feira.de\/wp-content\/uploads\/2015\/10\/Kaputt-in-Caceres.jpg 1024w, http:\/\/www.segunda-feira.de\/wp-content\/uploads\/2015\/10\/Kaputt-in-Caceres-300x225.jpg 300w, http:\/\/www.segunda-feira.de\/wp-content\/uploads\/2015\/10\/Kaputt-in-Caceres-400x300.jpg 400w\" sizes=\"auto, (max-width: 584px) 100vw, 584px\" \/><\/a><\/p>\n","protected":false},"excerpt":{"rendered":"<p>Heute morgen bin ich gut gelaunt von meinem Ameisenb\u00e4r-Standplatz aufgebrochen. Solche Orte findet man in Brasilien unglaublich selten, obwohl es von Natur nur so wimmelt. Wie bereits berichtet wird die Natur in diesem Land hinter Z\u00e4unen und Toren gefangen gehalten. &hellip; <a href=\"http:\/\/www.segunda-feira.de\/?p=1191\">Weiterlesen <span class=\"meta-nav\">&rarr;<\/span><\/a><\/p>\n","protected":false},"author":1,"featured_media":0,"comment_status":"open","ping_status":"open","sticky":false,"template":"","format":"standard","meta":{"jetpack_post_was_ever_published":false,"_jetpack_newsletter_access":"","_jetpack_dont_email_post_to_subs":false,"_jetpack_newsletter_tier_id":0,"_jetpack_memberships_contains_paywalled_content":false,"_jetpack_memberships_contains_paid_content":false,"footnotes":"","jetpack_publicize_message":"","jetpack_publicize_feature_enabled":true,"jetpack_social_post_already_shared":true,"jetpack_social_options":{"image_generator_settings":{"template":"highway","default_image_id":0,"font":"","enabled":false},"version":2}},"categories":[1,9],"tags":[],"class_list":["post-1191","post","type-post","status-publish","format-standard","hentry","category-allgemein","category-reise-entdeckungen"],"jetpack_publicize_connections":[],"jetpack_featured_media_url":"","jetpack_sharing_enabled":true,"jetpack_shortlink":"https:\/\/wp.me\/p64WYd-jd","jetpack_likes_enabled":true,"_links":{"self":[{"href":"http:\/\/www.segunda-feira.de\/index.php?rest_route=\/wp\/v2\/posts\/1191","targetHints":{"allow":["GET"]}}],"collection":[{"href":"http:\/\/www.segunda-feira.de\/index.php?rest_route=\/wp\/v2\/posts"}],"about":[{"href":"http:\/\/www.segunda-feira.de\/index.php?rest_route=\/wp\/v2\/types\/post"}],"author":[{"embeddable":true,"href":"http:\/\/www.segunda-feira.de\/index.php?rest_route=\/wp\/v2\/users\/1"}],"replies":[{"embeddable":true,"href":"http:\/\/www.segunda-feira.de\/index.php?rest_route=%2Fwp%2Fv2%2Fcomments&post=1191"}],"version-history":[{"count":2,"href":"http:\/\/www.segunda-feira.de\/index.php?rest_route=\/wp\/v2\/posts\/1191\/revisions"}],"predecessor-version":[{"id":1195,"href":"http:\/\/www.segunda-feira.de\/index.php?rest_route=\/wp\/v2\/posts\/1191\/revisions\/1195"}],"wp:attachment":[{"href":"http:\/\/www.segunda-feira.de\/index.php?rest_route=%2Fwp%2Fv2%2Fmedia&parent=1191"}],"wp:term":[{"taxonomy":"category","embeddable":true,"href":"http:\/\/www.segunda-feira.de\/index.php?rest_route=%2Fwp%2Fv2%2Fcategories&post=1191"},{"taxonomy":"post_tag","embeddable":true,"href":"http:\/\/www.segunda-feira.de\/index.php?rest_route=%2Fwp%2Fv2%2Ftags&post=1191"}],"curies":[{"name":"wp","href":"https:\/\/api.w.org\/{rel}","templated":true}]}}