{"id":1201,"date":"2015-10-23T08:32:30","date_gmt":"2015-10-23T06:32:30","guid":{"rendered":"http:\/\/www.segunda-feira.de\/?p=1201"},"modified":"2015-10-23T08:34:32","modified_gmt":"2015-10-23T06:34:32","slug":"che-guevara-altes-haus-mit-deinen-traeumen-ist-es-aus","status":"publish","type":"post","link":"http:\/\/www.segunda-feira.de\/?p=1201","title":{"rendered":"Che Guevara, altes Haus, mit deinen Tr\u00e4umen ist es aus"},"content":{"rendered":"<p>Es muss irgendwo in dem Dschungel, den ich heute durchkreuzt habe, gewesen sein, wo Ernesto Guevara 1966 bis 1967 versucht hat, mit 44 K\u00e4mpfern die Stimmung im Land gegen die Regierung zu kippen und eine Revolution anzuzetteln. Er scheiterte an dem Unwillen der Bauern und Bergarbeiter, an der Gegenwehr des Milit\u00e4rs und an seiner Asthma-Erkrankung. Was will man auch in einem Land, das nachts noch 30 Grad bei 60% relativer Luftfeuchte hat und das man nur mit Klimaanlage ertragen kann?<\/p>\n<p>Ich bin jetzt in einem Hotel in Santa Cruz de la Sierra, mit knapp 1,5 Millionen Einwohnern die gr\u00f6\u00dfte Stadt Boliviens. Neben dem Boliviano ist der amerikanische Dollar offizielles W\u00e4hrungsmittel, das man auch an Geldautomaten beziehen kann. H\u00e4tte Che Erfolg gehabt, w\u00e4re das Land wahrscheinlich heute genauso arm, jedoch mit einem funktionierenden Gesundheits- und Bildungssystem.<\/p>\n<p>Doch eigentlich wei\u00df ich viel zu wenig \u00fcber das Land. Was ich jedoch am eigenen Leib erfahren durfte, ist der Zustand der Stra\u00dfen in dessen Ostteil. Knapp 700 Kilometer bin ich gestern und heute auf Schotter- und Erdpisten gebraust. Dabei sind mir gerade einmal an die 30 Fahrzeuge, Mopeds, Busse, Autos und LKWs, entgegen gekommen. Erst 90 Kilometer vor Santa Cruz bog ich auf eine asphaltierte Stra\u00dfe, die etwas h\u00f6her frequentiert war.<\/p>\n<p>Der Tag fing an mit der Reparatur des defekten \u00d6lschlauchs. Ich habe keine Fotos von den Coca-Bl\u00e4ttern kauenden, teilweise fast zahnlosen Mechanikern gemacht, bei denen ich \u00fcbernachtet habe. Daf\u00fcr aber von ihrem T\u00e4tigkeitsfeld:<\/p>\n<div class='polaroid-gallery galleryid-1201' style='width:auto;'>\n\t\t\t<a href=\"http:\/\/www.segunda-feira.de\/wp-content\/uploads\/2015\/10\/Blick-aus-dem-Fenster-1024x614.jpg\" title=\"Blick aus dem Fenster\" rel=\"polaroid_1768831398\" class=\"polaroid-gallery-item showcaption\"><span class=\"polaroid-gallery-image\" title=\"\" style=\"background-image: url(http:\/\/www.segunda-feira.de\/wp-content\/uploads\/2015\/10\/Blick-aus-dem-Fenster-140x140.jpg); width: 140px; height: 140px;\"><\/span><\/a>\n\t\t\t<a href=\"http:\/\/www.segunda-feira.de\/wp-content\/uploads\/2015\/10\/Werkstatt-oder-Schrottplatz-1024x614.jpg\" title=\"Werkstatt oder Schrottplatz\" rel=\"polaroid_1768831398\" class=\"polaroid-gallery-item showcaption\"><span class=\"polaroid-gallery-image\" title=\"\" style=\"background-image: url(http:\/\/www.segunda-feira.de\/wp-content\/uploads\/2015\/10\/Werkstatt-oder-Schrottplatz-140x140.jpg); width: 140px; height: 140px;\"><\/span><\/a>\n\t\t\t<a href=\"http:\/\/www.segunda-feira.de\/wp-content\/uploads\/2015\/10\/Operation-am-Herzen-1024x614.jpg\" title=\"Operation am Herzen\" rel=\"polaroid_1768831398\" class=\"polaroid-gallery-item showcaption\"><span class=\"polaroid-gallery-image\" title=\"\" style=\"background-image: url(http:\/\/www.segunda-feira.de\/wp-content\/uploads\/2015\/10\/Operation-am-Herzen-140x140.jpg); width: 140px; height: 140px;\"><\/span><\/a>\n\t\t\t<a href=\"http:\/\/www.segunda-feira.de\/wp-content\/uploads\/2015\/10\/Schrottplatz-oder-H\u00fchnerhof-1024x614.jpg\" title=\"Schrottplatz oder H\u00fchnerhof\" rel=\"polaroid_1768831398\" class=\"polaroid-gallery-item showcaption\"><span class=\"polaroid-gallery-image\" title=\"\" style=\"background-image: url(http:\/\/www.segunda-feira.de\/wp-content\/uploads\/2015\/10\/Schrottplatz-oder-H\u00fchnerhof-140x140.jpg); width: 140px; height: 140px;\"><\/span><\/a>\n\t\t\t<a href=\"http:\/\/www.segunda-feira.de\/wp-content\/uploads\/2015\/10\/Ein-wirklich-gesundes-Huhn-1024x614.jpg\" title=\"Ein wirklich gesundes Huhn\" rel=\"polaroid_1768831398\" class=\"polaroid-gallery-item showcaption\"><span class=\"polaroid-gallery-image\" title=\"\" style=\"background-image: url(http:\/\/www.segunda-feira.de\/wp-content\/uploads\/2015\/10\/Ein-wirklich-gesundes-Huhn-140x140.jpg); width: 140px; height: 140px;\"><\/span><\/a>\n\t\t\t<br style=\"clear: both;\" \/><\/div>\n\n<p>Der j\u00fcngste der Schrauber half mir bei der Reparatur und begleitete mich auch zur Immigrationsbeh\u00f6rde, wo ich den Immigrationsstempel in meinem Pass bekam. Jetzt habe ich alle offiziellen Unterlagen beisammen. Dann verabschiedete ich mich und hoppelte zun\u00e4chst auf einer groben Kiesstra\u00dfe weiter Richtung Westen. Dabei sah ich sonderbare Fahrzeuge sowie eine sehr eigent\u00fcmliche Art der Besch\u00e4ftigungstherapie, dem Schneiden des Grases neben der Fahrbahn mit Macheten. Was f\u00fcr eine Sisyphos-Arbeit.<\/p>\n<div class='polaroid-gallery galleryid-1201' style='width:auto;'>\n\t\t\t<a href=\"http:\/\/www.segunda-feira.de\/wp-content\/uploads\/2015\/10\/Bus-1024x575.jpg\" title=\"Bus\" rel=\"polaroid_783100378\" class=\"polaroid-gallery-item showcaption\"><span class=\"polaroid-gallery-image\" title=\"\" style=\"background-image: url(http:\/\/www.segunda-feira.de\/wp-content\/uploads\/2015\/10\/Bus-140x140.jpg); width: 140px; height: 140px;\"><\/span><\/a>\n\t\t\t<a href=\"http:\/\/www.segunda-feira.de\/wp-content\/uploads\/2015\/10\/Landschaftspfleger-1024x575.jpg\" title=\"Landschaftspfleger\" rel=\"polaroid_783100378\" class=\"polaroid-gallery-item showcaption\"><span class=\"polaroid-gallery-image\" title=\"\" style=\"background-image: url(http:\/\/www.segunda-feira.de\/wp-content\/uploads\/2015\/10\/Landschaftspfleger-140x140.jpg); width: 140px; height: 140px;\"><\/span><\/a>\n\t\t\t<a href=\"http:\/\/www.segunda-feira.de\/wp-content\/uploads\/2015\/10\/Vehikel-1024x575.jpg\" title=\"Vehikel\" rel=\"polaroid_783100378\" class=\"polaroid-gallery-item showcaption\"><span class=\"polaroid-gallery-image\" title=\"\" style=\"background-image: url(http:\/\/www.segunda-feira.de\/wp-content\/uploads\/2015\/10\/Vehikel-140x140.jpg); width: 140px; height: 140px;\"><\/span><\/a>\n\t\t\t<br style=\"clear: both;\" \/><\/div>\n\n<p>Auf der dann folgenden kurvigen Dschungelpiste bekam ich sogar so etwas wie Fahrspa\u00df und lie\u00df den Toyota ein wenig fliegen.<\/p>\n<p><iframe loading=\"lazy\" src=\"http:\/\/www.youtube.com\/embed\/ygMs8JSRLtA?rel=0&amp;modestbranding=1\" width=\"560\" height=\"315\" frameborder=\"0\" allowfullscreen=\"allowfullscreen\"><\/iframe><\/p>\n<p>Mein Fahrspa\u00df wurde dann klassisch mit einem kaputten Reifen belohnt. Allerdings war nicht meine Fahrweise Grund f\u00fcr den Ausfall, sondern eine gemeine Schraube, die sich in das Gummi gebohrt hatte. Den Platten habe ich dann auf dem schwammigen Untergrund erst bemerkt, als der Reifen schon v\u00f6llig zerst\u00f6rt war. Die Reifen waren eh schon ziemlich runter. Ich wollte sie erst nach meiner R\u00fcckkehr nach Brasilien wechseln. Jetzt muss ich morgen in Santa Cruz auch noch neue Reifen besorgen, wenn ich weiterhin einen funktionierenden Ersatzreifen haben will. Und den will ich haben.<\/p>\n<div class='polaroid-gallery galleryid-1201' style='width:auto;'>\n\t\t\t<a href=\"http:\/\/www.segunda-feira.de\/wp-content\/uploads\/2015\/10\/Im-Nichts-1024x614.jpg\" title=\"Im Nichts\" rel=\"polaroid_1613892651\" class=\"polaroid-gallery-item showcaption\"><span class=\"polaroid-gallery-image\" title=\"\" style=\"background-image: url(http:\/\/www.segunda-feira.de\/wp-content\/uploads\/2015\/10\/Im-Nichts-140x140.jpg); width: 140px; height: 140px;\"><\/span><\/a>\n\t\t\t<a href=\"http:\/\/www.segunda-feira.de\/wp-content\/uploads\/2015\/10\/Platt-1024x614.jpg\" title=\"Platt\" rel=\"polaroid_1613892651\" class=\"polaroid-gallery-item showcaption\"><span class=\"polaroid-gallery-image\" title=\"\" style=\"background-image: url(http:\/\/www.segunda-feira.de\/wp-content\/uploads\/2015\/10\/Platt-140x140.jpg); width: 140px; height: 140px;\"><\/span><\/a>\n\t\t\t<a href=\"http:\/\/www.segunda-feira.de\/wp-content\/uploads\/2015\/10\/Der-\u00dcbelt\u00e4ter-1024x614.jpg\" title=\"Der \u00dcbelt\u00e4ter\" rel=\"polaroid_1613892651\" class=\"polaroid-gallery-item showcaption\"><span class=\"polaroid-gallery-image\" title=\"\" style=\"background-image: url(http:\/\/www.segunda-feira.de\/wp-content\/uploads\/2015\/10\/Der-\u00dcbelt\u00e4ter-140x140.jpg); width: 140px; height: 140px;\"><\/span><\/a>\n\t\t\t<a href=\"http:\/\/www.segunda-feira.de\/wp-content\/uploads\/2015\/10\/Die-Folgen-1024x614.jpg\" title=\"Die Folgen\" rel=\"polaroid_1613892651\" class=\"polaroid-gallery-item showcaption\"><span class=\"polaroid-gallery-image\" title=\"\" style=\"background-image: url(http:\/\/www.segunda-feira.de\/wp-content\/uploads\/2015\/10\/Die-Folgen-140x140.jpg); width: 140px; height: 140px;\"><\/span><\/a>\n\t\t\t<a href=\"http:\/\/www.segunda-feira.de\/wp-content\/uploads\/2015\/10\/Der-Ersatz-1024x614.jpg\" title=\"Der Ersatz\" rel=\"polaroid_1613892651\" class=\"polaroid-gallery-item showcaption\"><span class=\"polaroid-gallery-image\" title=\"\" style=\"background-image: url(http:\/\/www.segunda-feira.de\/wp-content\/uploads\/2015\/10\/Der-Ersatz-140x140.jpg); width: 140px; height: 140px;\"><\/span><\/a>\n\t\t\t<br style=\"clear: both;\" \/><\/div>\n\n<p>Zum Abschluss noch zwei Videos von einem \u00dcberholvorgang, bei dem man tiefes Vertrauen in die geringe Verkehrsdichte und das Ausbleiben des Gegenverkehrs ben\u00f6tigt, sowie von einer der vielen \u201eZeitmessungen\u201c bei den unterschiedlichen Fahrpr\u00fcfungsabschnitten.<\/p>\n<p><iframe loading=\"lazy\" src=\"http:\/\/www.youtube.com\/embed\/vB6LdB3Ivyw?rel=0&amp;modestbranding=1\" width=\"560\" height=\"315\" frameborder=\"0\" allowfullscreen=\"allowfullscreen\"><\/iframe><\/p>\n<p><iframe loading=\"lazy\" src=\"http:\/\/www.youtube.com\/embed\/h6ZzgwROOdI?rel=0&amp;modestbranding=1\" width=\"560\" height=\"315\" frameborder=\"0\" allowfullscreen=\"allowfullscreen\"><\/iframe><\/p>\n","protected":false},"excerpt":{"rendered":"<p>Es muss irgendwo in dem Dschungel, den ich heute durchkreuzt habe, gewesen sein, wo Ernesto Guevara 1966 bis 1967 versucht hat, mit 44 K\u00e4mpfern die Stimmung im Land gegen die Regierung zu kippen und eine Revolution anzuzetteln. Er scheiterte an &hellip; <a href=\"http:\/\/www.segunda-feira.de\/?p=1201\">Weiterlesen <span class=\"meta-nav\">&rarr;<\/span><\/a><\/p>\n","protected":false},"author":1,"featured_media":0,"comment_status":"open","ping_status":"open","sticky":false,"template":"","format":"standard","meta":{"jetpack_post_was_ever_published":false,"_jetpack_newsletter_access":"","_jetpack_dont_email_post_to_subs":false,"_jetpack_newsletter_tier_id":0,"_jetpack_memberships_contains_paywalled_content":false,"_jetpack_memberships_contains_paid_content":false,"footnotes":"","jetpack_publicize_message":"","jetpack_publicize_feature_enabled":true,"jetpack_social_post_already_shared":true,"jetpack_social_options":{"image_generator_settings":{"template":"highway","default_image_id":0,"font":"","enabled":false},"version":2}},"categories":[1,9],"tags":[],"class_list":["post-1201","post","type-post","status-publish","format-standard","hentry","category-allgemein","category-reise-entdeckungen"],"jetpack_publicize_connections":[],"jetpack_featured_media_url":"","jetpack_sharing_enabled":true,"jetpack_shortlink":"https:\/\/wp.me\/p64WYd-jn","jetpack_likes_enabled":true,"_links":{"self":[{"href":"http:\/\/www.segunda-feira.de\/index.php?rest_route=\/wp\/v2\/posts\/1201","targetHints":{"allow":["GET"]}}],"collection":[{"href":"http:\/\/www.segunda-feira.de\/index.php?rest_route=\/wp\/v2\/posts"}],"about":[{"href":"http:\/\/www.segunda-feira.de\/index.php?rest_route=\/wp\/v2\/types\/post"}],"author":[{"embeddable":true,"href":"http:\/\/www.segunda-feira.de\/index.php?rest_route=\/wp\/v2\/users\/1"}],"replies":[{"embeddable":true,"href":"http:\/\/www.segunda-feira.de\/index.php?rest_route=%2Fwp%2Fv2%2Fcomments&post=1201"}],"version-history":[{"count":4,"href":"http:\/\/www.segunda-feira.de\/index.php?rest_route=\/wp\/v2\/posts\/1201\/revisions"}],"predecessor-version":[{"id":1218,"href":"http:\/\/www.segunda-feira.de\/index.php?rest_route=\/wp\/v2\/posts\/1201\/revisions\/1218"}],"wp:attachment":[{"href":"http:\/\/www.segunda-feira.de\/index.php?rest_route=%2Fwp%2Fv2%2Fmedia&parent=1201"}],"wp:term":[{"taxonomy":"category","embeddable":true,"href":"http:\/\/www.segunda-feira.de\/index.php?rest_route=%2Fwp%2Fv2%2Fcategories&post=1201"},{"taxonomy":"post_tag","embeddable":true,"href":"http:\/\/www.segunda-feira.de\/index.php?rest_route=%2Fwp%2Fv2%2Ftags&post=1201"}],"curies":[{"name":"wp","href":"https:\/\/api.w.org\/{rel}","templated":true}]}}