{"id":1219,"date":"2015-10-24T21:01:13","date_gmt":"2015-10-24T19:01:13","guid":{"rendered":"http:\/\/www.segunda-feira.de\/?p=1219"},"modified":"2015-10-24T21:01:13","modified_gmt":"2015-10-24T19:01:13","slug":"wer-konnte-das-anden","status":"publish","type":"post","link":"http:\/\/www.segunda-feira.de\/?p=1219","title":{"rendered":"Wer konnte das Anden?"},"content":{"rendered":"<p>Der Tag begann mit der Suche nach einem Reifenh\u00e4ndler. Mit Unterst\u00fctzung von Sylvia per Telekooperation fand ich \u00fcber das Internet eine recht vielversprechende Werkstatt. Dort angekommen f\u00fchlte ich mich fast wie in Deutschland. Alles pikobello sauber, modernste Arbeitsger\u00e4te und Werkzeug sowie ein \u00e4u\u00dferst aufger\u00e4umtes B\u00fcro. Ich ging davon aus, dass auch der Preis auf deutschem Niveau sein w\u00fcrde. Ein Reifen f\u00fcr den Toyota ist in Deutschland f\u00fcr circa 400 Euro zu haben. Doch was bietet mir der freundliche Verk\u00e4ufer an? Michelin-Reifen f\u00fcr 160 Dollar das St\u00fcck inkl. Montage. F\u00fcr vier neue Reifen habe ich also umgerechnet 600 Euro statt 1.600 Euro bezahlt.<\/p>\n<div class='polaroid-gallery galleryid-1219' style='width:auto;'>\n\t\t\t<a href=\"http:\/\/www.segunda-feira.de\/wp-content\/uploads\/2015\/10\/Reifen-runter-1024x614.jpg\" title=\"Reifen runter\" rel=\"polaroid_1585640981\" class=\"polaroid-gallery-item showcaption\"><span class=\"polaroid-gallery-image\" title=\"\" style=\"background-image: url(http:\/\/www.segunda-feira.de\/wp-content\/uploads\/2015\/10\/Reifen-runter-140x140.jpg); width: 140px; height: 140px;\"><\/span><\/a>\n\t\t\t<a href=\"http:\/\/www.segunda-feira.de\/wp-content\/uploads\/2015\/10\/Ist-das-Auto-gesund-freut-sich-der-Mensch-1024x614.jpg\" title=\"Ist das Auto gesund freut sich der Mensch\" rel=\"polaroid_1585640981\" class=\"polaroid-gallery-item showcaption\"><span class=\"polaroid-gallery-image\" title=\"\" style=\"background-image: url(http:\/\/www.segunda-feira.de\/wp-content\/uploads\/2015\/10\/Ist-das-Auto-gesund-freut-sich-der-Mensch-140x140.jpg); width: 140px; height: 140px;\"><\/span><\/a>\n\t\t\t<a href=\"http:\/\/www.segunda-feira.de\/wp-content\/uploads\/2015\/10\/Neue-Reifen-1024x614.jpg\" title=\"Neue Reifen\" rel=\"polaroid_1585640981\" class=\"polaroid-gallery-item showcaption\"><span class=\"polaroid-gallery-image\" title=\"\" style=\"background-image: url(http:\/\/www.segunda-feira.de\/wp-content\/uploads\/2015\/10\/Neue-Reifen-140x140.jpg); width: 140px; height: 140px;\"><\/span><\/a>\n\t\t\t<br style=\"clear: both;\" \/><\/div>\n\n<p>Nach der Montage fuhr ich noch zum Tanken. Das ist hier \u00fcbrigens f\u00fcr ausl\u00e4ndische Fahrzeuge mit etwas Aufwand verbunden. Da mein Wagen ein brasilianisches Kennzeichen hat, muss ich einen so genannten internationalen Preis bezahlen. Der liegt offenbar ein Drittel h\u00f6her als der nationale Preis, jedoch immer noch bei umgerechnet circa einem Euro.<\/p>\n<p>Dann machte ich mich auf den Weg nach Cochabamba und La Paz. Durch dicht besiedeltes Gebiet ging es langsam bergauf. Es folgte ein Tal mit steilen H\u00e4ngen, und es ging z\u00fcgig bergauf. Auf 1.700 Metern machte ich vorsichtig das Autofenster auf, und siehe da: Es war nicht mehr hei\u00df. Der Hund und ich stiegen aus und machten einen Freudentanz. Nach vier Tagen Schwei\u00df und Staub endlich angenehme Temperaturen und keine Klimaanlage mehr.<\/p>\n<div class='polaroid-gallery galleryid-1219' style='width:auto;'>\n\t\t\t<a href=\"http:\/\/www.segunda-feira.de\/wp-content\/uploads\/2015\/10\/Hinter-Santa-Cruz-1024x575.jpg\" title=\"Hinter Santa Cruz\" rel=\"polaroid_405521656\" class=\"polaroid-gallery-item showcaption\"><span class=\"polaroid-gallery-image\" title=\"\" style=\"background-image: url(http:\/\/www.segunda-feira.de\/wp-content\/uploads\/2015\/10\/Hinter-Santa-Cruz-140x140.jpg); width: 140px; height: 140px;\"><\/span><\/a>\n\t\t\t<a href=\"http:\/\/www.segunda-feira.de\/wp-content\/uploads\/2015\/10\/Es-geht-hoch-1024x575.jpg\" title=\"Es geht hoch\" rel=\"polaroid_405521656\" class=\"polaroid-gallery-item showcaption\"><span class=\"polaroid-gallery-image\" title=\"\" style=\"background-image: url(http:\/\/www.segunda-feira.de\/wp-content\/uploads\/2015\/10\/Es-geht-hoch-140x140.jpg); width: 140px; height: 140px;\"><\/span><\/a>\n\t\t\t<a href=\"http:\/\/www.segunda-feira.de\/wp-content\/uploads\/2015\/10\/Noch-ist-die-Stra\u00dfe-gut-ausgebaut-1024x575.jpg\" title=\"Noch ist die Stra\u00dfe gut ausgebaut\" rel=\"polaroid_405521656\" class=\"polaroid-gallery-item showcaption\"><span class=\"polaroid-gallery-image\" title=\"\" style=\"background-image: url(http:\/\/www.segunda-feira.de\/wp-content\/uploads\/2015\/10\/Noch-ist-die-Stra\u00dfe-gut-ausgebaut-140x140.jpg); width: 140px; height: 140px;\"><\/span><\/a>\n\t\t\t<br style=\"clear: both;\" \/><\/div>\n\n<p>Auf der Weiterfahrt durch die Berge kamen mir mehrfach die Tr\u00e4nen in die Augen. Es ist unglaublich, wie sch\u00f6n es in den Anden ist. Im Kontrast zu dem hei\u00dfen, feuchten und verm\u00fcckten Pantanal kann der Anblick von bergigem Hochland emotionale Ausuferungen hervorrufen.<\/p>\n<div class='polaroid-gallery galleryid-1219' style='width:auto;'>\n\t\t\t<a href=\"http:\/\/www.segunda-feira.de\/wp-content\/uploads\/2015\/10\/Die-Anden-1024x614.jpg\" title=\"Die Anden\" rel=\"polaroid_502256294\" class=\"polaroid-gallery-item showcaption\"><span class=\"polaroid-gallery-image\" title=\"\" style=\"background-image: url(http:\/\/www.segunda-feira.de\/wp-content\/uploads\/2015\/10\/Die-Anden-140x140.jpg); width: 140px; height: 140px;\"><\/span><\/a>\n\t\t\t<a href=\"http:\/\/www.segunda-feira.de\/wp-content\/uploads\/2015\/10\/Andental-1024x614.jpg\" title=\"Andental\" rel=\"polaroid_502256294\" class=\"polaroid-gallery-item showcaption\"><span class=\"polaroid-gallery-image\" title=\"\" style=\"background-image: url(http:\/\/www.segunda-feira.de\/wp-content\/uploads\/2015\/10\/Andental-140x140.jpg); width: 140px; height: 140px;\"><\/span><\/a>\n\t\t\t<a href=\"http:\/\/www.segunda-feira.de\/wp-content\/uploads\/2015\/10\/Weitblick-1024x575.jpg\" title=\"Weitblick\" rel=\"polaroid_502256294\" class=\"polaroid-gallery-item showcaption\"><span class=\"polaroid-gallery-image\" title=\"\" style=\"background-image: url(http:\/\/www.segunda-feira.de\/wp-content\/uploads\/2015\/10\/Weitblick-140x140.jpg); width: 140px; height: 140px;\"><\/span><\/a>\n\t\t\t<br style=\"clear: both;\" \/><\/div>\n\n<p>Trotz Asphaltstra\u00dfe kam ich wegen der vielen Kurven nur langsam voran. Hinter einem kleinen Dorf musste ich an einer Stra\u00dfensperre halten. Wegen Bauarbeiten war die Durchfahrt zeitlich begrenzt, so dass ich zwei Stunden warten musste. Bis dahin war ich gerade einmal 250 Kilometer weit gekommen.<\/p>\n<div class='polaroid-gallery galleryid-1219' style='width:auto;'>\n\t\t\t<a href=\"http:\/\/www.segunda-feira.de\/wp-content\/uploads\/2015\/10\/Stra\u00dfensperre-wegen-Bauarbeiten-1024x614.jpg\" title=\"Stra\u00dfensperre wegen Bauarbeiten\" rel=\"polaroid_824680099\" class=\"polaroid-gallery-item showcaption\"><span class=\"polaroid-gallery-image\" title=\"\" style=\"background-image: url(http:\/\/www.segunda-feira.de\/wp-content\/uploads\/2015\/10\/Stra\u00dfensperre-wegen-Bauarbeiten-140x140.jpg); width: 140px; height: 140px;\"><\/span><\/a>\n\t\t\t<a href=\"http:\/\/www.segunda-feira.de\/wp-content\/uploads\/2015\/10\/Durchfahrtszeiten-1024x614.jpg\" title=\"Durchfahrtszeiten\" rel=\"polaroid_824680099\" class=\"polaroid-gallery-item showcaption\"><span class=\"polaroid-gallery-image\" title=\"\" style=\"background-image: url(http:\/\/www.segunda-feira.de\/wp-content\/uploads\/2015\/10\/Durchfahrtszeiten-140x140.jpg); width: 140px; height: 140px;\"><\/span><\/a>\n\t\t\t<br style=\"clear: both;\" \/><\/div>\n\n<p>Ich suchte in der Gegend einen Standplatz f\u00fcr die Nacht, fand aber nichts Ad\u00e4quates. Daher beschloss ich, das Zeitfenster um 18.30 Uhr zu nutzen und weiterzufahren. Kurz hinter der Baustelle bog ich dann in einen Seitenweg ab und fand einen wundersch\u00f6nen Platz f\u00fcr die Nacht. Kurz nachdem ich das Zelt aufgebaut hatte, kam ein Auto vorbei. Es hielt an und die indigene Beifahrerin machte ihr Fenster auf. Ich fragte, ob ich die Nacht an der Stelle campen d\u00fcrfte, und sie antwortete freundlich: \u201eJa, kein Problem.\u201c Es f\u00e4llt sehr auf, wie viele Menschen in den Anden von den Indianern abstammen. Und es f\u00e4llt auch auf, dass diese Menschen einen gl\u00fccklichen und \u00fcberaus freundlichen Eindruck machen. Kein Wunder, wenn man in einer so sch\u00f6nen Umgebung wohnt.<\/p>\n<div class='polaroid-gallery galleryid-1219' style='width:auto;'>\n\t\t\t<a href=\"http:\/\/www.segunda-feira.de\/wp-content\/uploads\/2015\/10\/Auf-Standplatzsuche-1024x575.jpg\" title=\"Auf Standplatzsuche\" rel=\"polaroid_337529791\" class=\"polaroid-gallery-item showcaption\"><span class=\"polaroid-gallery-image\" title=\"\" style=\"background-image: url(http:\/\/www.segunda-feira.de\/wp-content\/uploads\/2015\/10\/Auf-Standplatzsuche-140x140.jpg); width: 140px; height: 140px;\"><\/span><\/a>\n\t\t\t<a href=\"http:\/\/www.segunda-feira.de\/wp-content\/uploads\/2015\/10\/Standplatz-1024x614.jpg\" title=\"Standplatz\" rel=\"polaroid_337529791\" class=\"polaroid-gallery-item showcaption\"><span class=\"polaroid-gallery-image\" title=\"\" style=\"background-image: url(http:\/\/www.segunda-feira.de\/wp-content\/uploads\/2015\/10\/Standplatz-140x140.jpg); width: 140px; height: 140px;\"><\/span><\/a>\n\t\t\t<a href=\"http:\/\/www.segunda-feira.de\/wp-content\/uploads\/2015\/10\/Noch-mehr-Anden-1024x614.jpg\" title=\"Noch mehr Anden\" rel=\"polaroid_337529791\" class=\"polaroid-gallery-item showcaption\"><span class=\"polaroid-gallery-image\" title=\"\" style=\"background-image: url(http:\/\/www.segunda-feira.de\/wp-content\/uploads\/2015\/10\/Noch-mehr-Anden-140x140.jpg); width: 140px; height: 140px;\"><\/span><\/a>\n\t\t\t<br style=\"clear: both;\" \/><\/div>\n\n<p>Der Standplatz lag auf 2.500 Metern. Die Nacht war so k\u00fchl, dass ich mich in die Winterdecke einm\u00fcmmeln musste. Ich war gl\u00fccklich.<\/p>\n","protected":false},"excerpt":{"rendered":"<p>Der Tag begann mit der Suche nach einem Reifenh\u00e4ndler. Mit Unterst\u00fctzung von Sylvia per Telekooperation fand ich \u00fcber das Internet eine recht vielversprechende Werkstatt. Dort angekommen f\u00fchlte ich mich fast wie in Deutschland. Alles pikobello sauber, modernste Arbeitsger\u00e4te und Werkzeug &hellip; <a href=\"http:\/\/www.segunda-feira.de\/?p=1219\">Weiterlesen <span class=\"meta-nav\">&rarr;<\/span><\/a><\/p>\n","protected":false},"author":1,"featured_media":0,"comment_status":"open","ping_status":"open","sticky":false,"template":"","format":"standard","meta":{"jetpack_post_was_ever_published":false,"_jetpack_newsletter_access":"","_jetpack_dont_email_post_to_subs":false,"_jetpack_newsletter_tier_id":0,"_jetpack_memberships_contains_paywalled_content":false,"_jetpack_memberships_contains_paid_content":false,"footnotes":"","jetpack_publicize_message":"","jetpack_publicize_feature_enabled":true,"jetpack_social_post_already_shared":true,"jetpack_social_options":{"image_generator_settings":{"template":"highway","default_image_id":0,"font":"","enabled":false},"version":2}},"categories":[1,9],"tags":[],"class_list":["post-1219","post","type-post","status-publish","format-standard","hentry","category-allgemein","category-reise-entdeckungen"],"jetpack_publicize_connections":[],"jetpack_featured_media_url":"","jetpack_sharing_enabled":true,"jetpack_shortlink":"https:\/\/wp.me\/p64WYd-jF","jetpack_likes_enabled":true,"_links":{"self":[{"href":"http:\/\/www.segunda-feira.de\/index.php?rest_route=\/wp\/v2\/posts\/1219","targetHints":{"allow":["GET"]}}],"collection":[{"href":"http:\/\/www.segunda-feira.de\/index.php?rest_route=\/wp\/v2\/posts"}],"about":[{"href":"http:\/\/www.segunda-feira.de\/index.php?rest_route=\/wp\/v2\/types\/post"}],"author":[{"embeddable":true,"href":"http:\/\/www.segunda-feira.de\/index.php?rest_route=\/wp\/v2\/users\/1"}],"replies":[{"embeddable":true,"href":"http:\/\/www.segunda-feira.de\/index.php?rest_route=%2Fwp%2Fv2%2Fcomments&post=1219"}],"version-history":[{"count":1,"href":"http:\/\/www.segunda-feira.de\/index.php?rest_route=\/wp\/v2\/posts\/1219\/revisions"}],"predecessor-version":[{"id":1234,"href":"http:\/\/www.segunda-feira.de\/index.php?rest_route=\/wp\/v2\/posts\/1219\/revisions\/1234"}],"wp:attachment":[{"href":"http:\/\/www.segunda-feira.de\/index.php?rest_route=%2Fwp%2Fv2%2Fmedia&parent=1219"}],"wp:term":[{"taxonomy":"category","embeddable":true,"href":"http:\/\/www.segunda-feira.de\/index.php?rest_route=%2Fwp%2Fv2%2Fcategories&post=1219"},{"taxonomy":"post_tag","embeddable":true,"href":"http:\/\/www.segunda-feira.de\/index.php?rest_route=%2Fwp%2Fv2%2Ftags&post=1219"}],"curies":[{"name":"wp","href":"https:\/\/api.w.org\/{rel}","templated":true}]}}