{"id":1235,"date":"2015-10-26T03:51:34","date_gmt":"2015-10-26T02:51:34","guid":{"rendered":"http:\/\/www.segunda-feira.de\/?p=1235"},"modified":"2015-11-12T16:59:29","modified_gmt":"2015-11-12T15:59:29","slug":"an-die-1-000-kilometer-hoppelstrecke-und-dann-am-ende-eine-4-spurige-autobahn","status":"publish","type":"post","link":"http:\/\/www.segunda-feira.de\/?p=1235","title":{"rendered":"An die 1.000 Kilometer Hoppelstrecke und dann am Ende eine 4-spurige Autobahn"},"content":{"rendered":"<p><a href=\"http:\/\/www.segunda-feira.de\/wp-content\/uploads\/2015\/10\/4-spurige-Autobahn-auf-4000-Metern.jpg\"><img loading=\"lazy\" decoding=\"async\" class=\"alignnone size-large wp-image-1236\" src=\"http:\/\/www.segunda-feira.de\/wp-content\/uploads\/2015\/10\/4-spurige-Autobahn-auf-4000-Metern-1024x575.jpg\" alt=\"4-spurige Autobahn auf 4000 Metern\" width=\"584\" height=\"328\" srcset=\"http:\/\/www.segunda-feira.de\/wp-content\/uploads\/2015\/10\/4-spurige-Autobahn-auf-4000-Metern.jpg 1024w, http:\/\/www.segunda-feira.de\/wp-content\/uploads\/2015\/10\/4-spurige-Autobahn-auf-4000-Metern-300x168.jpg 300w, http:\/\/www.segunda-feira.de\/wp-content\/uploads\/2015\/10\/4-spurige-Autobahn-auf-4000-Metern-500x281.jpg 500w\" sizes=\"auto, (max-width: 584px) 100vw, 584px\" \/><\/a><\/p>\n<p>Die letzten 200 Kilometer auf meiner 7-t\u00e4gigen Reise nach La Paz wurde ich mit einer 4-spurigen Autobahn auf der auf 4.000 H\u00f6henmetern gelegenen Hochebene zwischen Oruro und La Paz\u00a0 belohnt.<\/p>\n<p>Die Nacht zuvor hatte ich auf 4.000 H\u00f6henmetern hinter Cochabamba \u00fcbernachtet. Es war sehr kalt und es hatte die ganze Nacht geregnet. Das Dachzelt war gl\u00fccklicherweise vollkommen wasserdicht. Ich brach im klammen Fr\u00fchtau auf und machte gegen fr\u00fchen Vormittag eine Fr\u00fchst\u00fcckspause, um das Zelt und die Decken zu trocknen.<\/p>\n<div class='polaroid-gallery galleryid-1235' style='width:auto;'>\n\t\t\t<a href=\"http:\/\/www.segunda-feira.de\/wp-content\/uploads\/2015\/10\/Campen-auf-4000-Metern-1024x614.jpg\" title=\"Campen auf 4000 Metern\" rel=\"polaroid_745578405\" class=\"polaroid-gallery-item showcaption\"><span class=\"polaroid-gallery-image\" title=\"\" style=\"background-image: url(http:\/\/www.segunda-feira.de\/wp-content\/uploads\/2015\/10\/Campen-auf-4000-Metern-140x140.jpg); width: 140px; height: 140px;\"><\/span><\/a>\n\t\t\t<a href=\"http:\/\/www.segunda-feira.de\/wp-content\/uploads\/2015\/10\/Fr\u00fchst\u00fcckspause-1024x614.jpg\" title=\"Fr\u00fchst\u00fcckspause\" rel=\"polaroid_745578405\" class=\"polaroid-gallery-item showcaption\"><span class=\"polaroid-gallery-image\" title=\"\" style=\"background-image: url(http:\/\/www.segunda-feira.de\/wp-content\/uploads\/2015\/10\/Fr\u00fchst\u00fcckspause-140x140.jpg); width: 140px; height: 140px;\"><\/span><\/a>\n\t\t\t<a href=\"http:\/\/www.segunda-feira.de\/wp-content\/uploads\/2015\/10\/Heldenfr\u00fchst\u00fcck-1024x614.jpg\" title=\"Heldenfr\u00fchst\u00fcck\" rel=\"polaroid_745578405\" class=\"polaroid-gallery-item showcaption\"><span class=\"polaroid-gallery-image\" title=\"\" style=\"background-image: url(http:\/\/www.segunda-feira.de\/wp-content\/uploads\/2015\/10\/Heldenfr\u00fchst\u00fcck-140x140.jpg); width: 140px; height: 140px;\"><\/span><\/a>\n\t\t\t<br style=\"clear: both;\" \/><\/div>\n\n<p>Ich bin in den letzten Tagen so viel gefahren, dass mein Geist noch irgendwo auf der Strecke im Andenhochland unterwegs ist, w\u00e4hrend mein K\u00f6rper schon im Hotelbettchen in La Paz liegt. Sylvia und Katja sind auch schon hier, von der Reise und vom Jetlack jedoch schon ins Koma gefallen.<\/p>\n<p><a href=\"https:\/\/www.google.de\/maps\/dir\/Bras%C3%ADlia\/La+Paz,+Bolivien\/@-16.397384,-69.4855996,4.71z\/data=!4m59!4m58!1m50!1m1!1s0x935a3d18df9ae275:0x738470e469754a24!2m2!1d-47.8821658!2d-15.7942287!3m4!1m2!1d-48.8929458!2d-15.7920865!3s0x935c6e3261384579:0xb9cb29dfae132285!3m4!1m2!1d-49.0190352!2d-15.7743243!3s0x935c67e3f1a29a0f:0xf00469016e0ffaaf!3m4!1m2!1d-49.1363631!2d-15.8261771!3s0x935c44966a5579ad:0xcae6a80cd6933bf2!3m4!1m2!1d-57.7057117!2d-16.1070145!3s0x939afee407816ea3:0xe654a9d1365d821f!3m4!1m2!1d-60.3560025!2d-16.2612323!3s0x9393bb0c1e0ea70d:0xc60961365f1e0dc2!3m4!1m2!1d-61.1641502!2d-16.7530986!3s0x9392d042426269ed:0x460b8a375a44459!3m4!1m2!1d-62.5415255!2d-17.2741115!3s0x93edee9e0b75f885:0x3361ac1586dfd248!3m4!1m2!1d-64.7947884!2d-17.7910258!3s0x93e534896cc2c247:0xd4106b99c0752386!3m4!1m2!1d-66.2118694!2d-17.4003463!3s0x93e373608ec9b2f7:0x6b354e136318ebb5!1m5!1m1!1s0x915edf0a04f5a40f:0x57dbfc76b4458ab3!2m2!1d-68.1192936!2d-16.489689!3e0\" target=\"_blank\">Hier <\/a>ein Link zu der Strecke, die ich gefahren bin. F\u00fcr die H\u00e4lfte der Strecke bis zur bolivianischen Grenze habe ich zwei Tage ben\u00f6tigt. F\u00fcr die zweite H\u00e4lfte durch Bolivien habe ich f\u00fcnf Tage gebraucht, und ich habe nicht gebummelt.<\/p>\n<p>Ich lade euch ein, auf dem Beifahrersitz Platz zu nehmen und einen Teil mitzufahren. Ihr seht dann das, was ich auch gesehen habe, nur viel kleiner.<\/p>\n<p>Die Stra\u00dfe zwischen Santa Cruz und Cochabamba, die ich gefahren bin, bestand gr\u00f6\u00dftenteils aus Schotterpiste und wurde an mehreren Stellen erweitert und von Erdrutschen befreit. Die Baustellen waren teilweise f\u00fcr mehrere Stunden nicht befahrbar, so dass ich lange Wartezeiten hatte. Wenn man dann durch durfte, so das so aus:<\/p>\n<p><iframe loading=\"lazy\" src=\"http:\/\/www.youtube.com\/embed\/4lw-Yek-fQs?rel=0&amp;modestbranding=1\" width=\"560\" height=\"315\" frameborder=\"0\" allowfullscreen=\"allowfullscreen\"><\/iframe><\/p>\n<p>Auf den P\u00e4ssen war h\u00e4ufig viel Bohei. Ganze M\u00e4rkte wurden abgehalten und Fahrzeuge gewechselt. In Bolivien sieht man auf den Landstra\u00dfen kam Privatfahrzeuge. Die meisten Autos sind Kleinbusse und Taxis.<\/p>\n<p><iframe loading=\"lazy\" src=\"http:\/\/www.youtube.com\/embed\/sULNIbfB9YE?rel=0&amp;modestbranding=1\" width=\"560\" height=\"315\" frameborder=\"0\" allowfullscreen=\"allowfullscreen\"><\/iframe><\/p>\n<p>Ein der bisher eindrucksvollsten Streckenabschnitte war die Fahrt \u00fcber einen 4.500 Meter hohen Pass, der in die Hochebene von Oruro und La Paz f\u00fchrte. Hier ein relativ gro\u00dfer Ausschnitt, der sich auch gut zum Einschlafen eignet:<\/p>\n<p><iframe loading=\"lazy\" src=\"http:\/\/www.youtube.com\/embed\/nhNtOW_r2hk?rel=0&amp;modestbranding=1\" width=\"560\" height=\"315\" frameborder=\"0\" allowfullscreen=\"allowfullscreen\"><\/iframe><\/p>\n<p>Zum Schluss noch ein Beispiel, was passiert, wenn man vergisst, die Kamera auszumachen:<\/p>\n<p><iframe loading=\"lazy\" src=\"http:\/\/www.youtube.com\/embed\/OSB_V3R6en0?rel=0&amp;modestbranding=1\" width=\"560\" height=\"315\" frameborder=\"0\" allowfullscreen=\"allowfullscreen\"><\/iframe><\/p>\n","protected":false},"excerpt":{"rendered":"<p>Die letzten 200 Kilometer auf meiner 7-t\u00e4gigen Reise nach La Paz wurde ich mit einer 4-spurigen Autobahn auf der auf 4.000 H\u00f6henmetern gelegenen Hochebene zwischen Oruro und La Paz\u00a0 belohnt. Die Nacht zuvor hatte ich auf 4.000 H\u00f6henmetern hinter Cochabamba &hellip; <a href=\"http:\/\/www.segunda-feira.de\/?p=1235\">Weiterlesen <span class=\"meta-nav\">&rarr;<\/span><\/a><\/p>\n","protected":false},"author":1,"featured_media":0,"comment_status":"open","ping_status":"open","sticky":false,"template":"","format":"standard","meta":{"jetpack_post_was_ever_published":false,"_jetpack_newsletter_access":"","_jetpack_dont_email_post_to_subs":false,"_jetpack_newsletter_tier_id":0,"_jetpack_memberships_contains_paywalled_content":false,"_jetpack_memberships_contains_paid_content":false,"footnotes":"","jetpack_publicize_message":"","jetpack_publicize_feature_enabled":true,"jetpack_social_post_already_shared":true,"jetpack_social_options":{"image_generator_settings":{"template":"highway","default_image_id":0,"font":"","enabled":false},"version":2}},"categories":[1,9],"tags":[],"class_list":["post-1235","post","type-post","status-publish","format-standard","hentry","category-allgemein","category-reise-entdeckungen"],"jetpack_publicize_connections":[],"jetpack_featured_media_url":"","jetpack_sharing_enabled":true,"jetpack_shortlink":"https:\/\/wp.me\/p64WYd-jV","jetpack_likes_enabled":true,"_links":{"self":[{"href":"http:\/\/www.segunda-feira.de\/index.php?rest_route=\/wp\/v2\/posts\/1235","targetHints":{"allow":["GET"]}}],"collection":[{"href":"http:\/\/www.segunda-feira.de\/index.php?rest_route=\/wp\/v2\/posts"}],"about":[{"href":"http:\/\/www.segunda-feira.de\/index.php?rest_route=\/wp\/v2\/types\/post"}],"author":[{"embeddable":true,"href":"http:\/\/www.segunda-feira.de\/index.php?rest_route=\/wp\/v2\/users\/1"}],"replies":[{"embeddable":true,"href":"http:\/\/www.segunda-feira.de\/index.php?rest_route=%2Fwp%2Fv2%2Fcomments&post=1235"}],"version-history":[{"count":7,"href":"http:\/\/www.segunda-feira.de\/index.php?rest_route=\/wp\/v2\/posts\/1235\/revisions"}],"predecessor-version":[{"id":1379,"href":"http:\/\/www.segunda-feira.de\/index.php?rest_route=\/wp\/v2\/posts\/1235\/revisions\/1379"}],"wp:attachment":[{"href":"http:\/\/www.segunda-feira.de\/index.php?rest_route=%2Fwp%2Fv2%2Fmedia&parent=1235"}],"wp:term":[{"taxonomy":"category","embeddable":true,"href":"http:\/\/www.segunda-feira.de\/index.php?rest_route=%2Fwp%2Fv2%2Fcategories&post=1235"},{"taxonomy":"post_tag","embeddable":true,"href":"http:\/\/www.segunda-feira.de\/index.php?rest_route=%2Fwp%2Fv2%2Ftags&post=1235"}],"curies":[{"name":"wp","href":"https:\/\/api.w.org\/{rel}","templated":true}]}}