{"id":1265,"date":"2015-11-04T18:38:24","date_gmt":"2015-11-04T17:38:24","guid":{"rendered":"http:\/\/www.segunda-feira.de\/?p=1265"},"modified":"2015-11-04T18:38:24","modified_gmt":"2015-11-04T17:38:24","slug":"titicacasee","status":"publish","type":"post","link":"http:\/\/www.segunda-feira.de\/?p=1265","title":{"rendered":"Titicacasee"},"content":{"rendered":"<p>Der Titicacasee war sch\u00f6ner als erwartet. Gedacht waren nach den zwei Tagen in La Paz zwei weitere Tage Akklimatisierung an die H\u00f6he von fast 4.000 Metern. Wir fanden auch einen recht sch\u00f6nen Standplatz direkt am s\u00fcdlichen Teil des Sees.<\/p>\n<p><a href=\"http:\/\/www.segunda-feira.de\/wp-content\/uploads\/2015\/11\/Meine-Standpl\u00e4tze.jpg\"><img loading=\"lazy\" decoding=\"async\" class=\"alignnone size-large wp-image-1266\" src=\"http:\/\/www.segunda-feira.de\/wp-content\/uploads\/2015\/11\/Meine-Standpl\u00e4tze-1024x614.jpg\" alt=\"Meine Standpl\u00e4tze\" width=\"584\" height=\"350\" srcset=\"http:\/\/www.segunda-feira.de\/wp-content\/uploads\/2015\/11\/Meine-Standpl\u00e4tze.jpg 1024w, http:\/\/www.segunda-feira.de\/wp-content\/uploads\/2015\/11\/Meine-Standpl\u00e4tze-300x180.jpg 300w, http:\/\/www.segunda-feira.de\/wp-content\/uploads\/2015\/11\/Meine-Standpl\u00e4tze-500x300.jpg 500w\" sizes=\"auto, (max-width: 584px) 100vw, 584px\" \/><\/a><\/p>\n<p>Auf dem Weg dorthin f\u00fchrte uns der Reisef\u00fchrer zu den Ausgrabungen eines alten Inkavolkes. \u00c4hnlich wie beim Tanken wird auch bei Touristen davon ausgegangen, dass Ausl\u00e4nder steinreich sind. Doch ist das nicht auch eine Form von Diskriminierung, wenn man ganz offiziell den achtfachen Preis zahlen muss?<\/p>\n<div class='polaroid-gallery galleryid-1265' style='width:auto;'>\n\t\t\t<a href=\"http:\/\/www.segunda-feira.de\/wp-content\/uploads\/2015\/11\/Tiahuanacu-Sonnentor-1024x682.jpg\" title=\"Tiahuanacu &#8211; Sonnentor\" rel=\"polaroid_1796021967\" class=\"polaroid-gallery-item showcaption\"><span class=\"polaroid-gallery-image\" title=\"\" style=\"background-image: url(http:\/\/www.segunda-feira.de\/wp-content\/uploads\/2015\/11\/Tiahuanacu-Sonnentor-140x140.jpg); width: 140px; height: 140px;\"><\/span><\/a>\n\t\t\t<a href=\"http:\/\/www.segunda-feira.de\/wp-content\/uploads\/2015\/11\/Tiahuanacu-Sonnentor-Detail-1024x682.jpg\" title=\"Tiahuanacu &#8211; Sonnentor Detail\" rel=\"polaroid_1796021967\" class=\"polaroid-gallery-item showcaption\"><span class=\"polaroid-gallery-image\" title=\"\" style=\"background-image: url(http:\/\/www.segunda-feira.de\/wp-content\/uploads\/2015\/11\/Tiahuanacu-Sonnentor-Detail-140x140.jpg); width: 140px; height: 140px;\"><\/span><\/a>\n\t\t\t<a href=\"http:\/\/www.segunda-feira.de\/wp-content\/uploads\/2015\/11\/Tiahuanacu-Gesichter-in-der-Wand-1024x682.jpg\" title=\"Tiahuanacu &#8211; Gesichter in der Wand\" rel=\"polaroid_1796021967\" class=\"polaroid-gallery-item showcaption\"><span class=\"polaroid-gallery-image\" title=\"\" style=\"background-image: url(http:\/\/www.segunda-feira.de\/wp-content\/uploads\/2015\/11\/Tiahuanacu-Gesichter-in-der-Wand-140x140.jpg); width: 140px; height: 140px;\"><\/span><\/a>\n\t\t\t<a href=\"http:\/\/www.segunda-feira.de\/wp-content\/uploads\/2015\/11\/Tiahuanacu-Gesicht-in-der-Wand-1024x682.jpg\" title=\"Tiahuanacu &#8211; Gesicht in der Wand\" rel=\"polaroid_1796021967\" class=\"polaroid-gallery-item showcaption\"><span class=\"polaroid-gallery-image\" title=\"\" style=\"background-image: url(http:\/\/www.segunda-feira.de\/wp-content\/uploads\/2015\/11\/Tiahuanacu-Gesicht-in-der-Wand-140x140.jpg); width: 140px; height: 140px;\"><\/span><\/a>\n\t\t\t<a href=\"http:\/\/www.segunda-feira.de\/wp-content\/uploads\/2015\/11\/Tiahuanacu-Eintrittspreise-1024x614.jpg\" title=\"Tiahuanacu &#8211; Eintrittspreise\" rel=\"polaroid_1796021967\" class=\"polaroid-gallery-item showcaption\"><span class=\"polaroid-gallery-image\" title=\"\" style=\"background-image: url(http:\/\/www.segunda-feira.de\/wp-content\/uploads\/2015\/11\/Tiahuanacu-Eintrittspreise-140x140.jpg); width: 140px; height: 140px;\"><\/span><\/a>\n\t\t\t<br style=\"clear: both;\" \/><\/div>\n\n<p>Der Reisef\u00fchrer zog uns weiter Richtung Norden den See entlang zu dem Ferienort Copacabana, welcher auf einer Halbinsel lag, der zur H\u00e4lfte bereits zu Peru geh\u00f6rte. Um ihn von bolivianischer Seite zu erreichen, mussten wir mit einer F\u00e4hre \u00fcbersetzen.<\/p>\n<p>Die Halbinsel sowie der Blick auf den See waren wundersch\u00f6n.<\/p>\n<div class='polaroid-gallery galleryid-1265' style='width:auto;'>\n\t\t\t<a href=\"http:\/\/www.segunda-feira.de\/wp-content\/uploads\/2015\/11\/Titicacasee-Isla-del-Sol-1024x682.jpg\" title=\"Titicacasee &#8211; Isla del Sol\" rel=\"polaroid_748493558\" class=\"polaroid-gallery-item showcaption\"><span class=\"polaroid-gallery-image\" title=\"\" style=\"background-image: url(http:\/\/www.segunda-feira.de\/wp-content\/uploads\/2015\/11\/Titicacasee-Isla-del-Sol-140x140.jpg); width: 140px; height: 140px;\"><\/span><\/a>\n\t\t\t<a href=\"http:\/\/www.segunda-feira.de\/wp-content\/uploads\/2015\/11\/Titicacasee-1024x682.jpg\" title=\"Titicacasee\" rel=\"polaroid_748493558\" class=\"polaroid-gallery-item showcaption\"><span class=\"polaroid-gallery-image\" title=\"\" style=\"background-image: url(http:\/\/www.segunda-feira.de\/wp-content\/uploads\/2015\/11\/Titicacasee-140x140.jpg); width: 140px; height: 140px;\"><\/span><\/a>\n\t\t\t<a href=\"http:\/\/www.segunda-feira.de\/wp-content\/uploads\/2015\/11\/Gegend-am-Titicacasee-1024x682.jpg\" title=\"Gegend am Titicacasee\" rel=\"polaroid_748493558\" class=\"polaroid-gallery-item showcaption\"><span class=\"polaroid-gallery-image\" title=\"\" style=\"background-image: url(http:\/\/www.segunda-feira.de\/wp-content\/uploads\/2015\/11\/Gegend-am-Titicacasee-140x140.jpg); width: 140px; height: 140px;\"><\/span><\/a>\n\t\t\t<br style=\"clear: both;\" \/><\/div>\n\n<p>Der Ort, in dem wir zwei weitere N\u00e4chte in einem Hotel blieben, hatte hingegen alles, was das Herz des engagierten Touristen h\u00f6her schlagen l\u00e4sst: lustlose Hoteliers, Souvenirl\u00e4den, Szenekneipen f\u00fcr Fernreisende und Tretbote.<\/p>\n<div class='polaroid-gallery galleryid-1265' style='width:auto;'>\n\t\t\t<a href=\"http:\/\/www.segunda-feira.de\/wp-content\/uploads\/2015\/11\/Copacabana-1024x614.jpg\" title=\"Copacabana\" rel=\"polaroid_1405303372\" class=\"polaroid-gallery-item showcaption\"><span class=\"polaroid-gallery-image\" title=\"\" style=\"background-image: url(http:\/\/www.segunda-feira.de\/wp-content\/uploads\/2015\/11\/Copacabana-140x140.jpg); width: 140px; height: 140px;\"><\/span><\/a>\n\t\t\t<a href=\"http:\/\/www.segunda-feira.de\/wp-content\/uploads\/2015\/11\/Ein-Ort-an-dem-man-unbedingt-gewesen-sein-muss-1024x614.jpg\" title=\"Ein Ort an dem man unbedingt gewesen sein muss\" rel=\"polaroid_1405303372\" class=\"polaroid-gallery-item showcaption\"><span class=\"polaroid-gallery-image\" title=\"\" style=\"background-image: url(http:\/\/www.segunda-feira.de\/wp-content\/uploads\/2015\/11\/Ein-Ort-an-dem-man-unbedingt-gewesen-sein-muss-140x140.jpg); width: 140px; height: 140px;\"><\/span><\/a>\n\t\t\t<a href=\"http:\/\/www.segunda-feira.de\/wp-content\/uploads\/2015\/11\/Das-Flair-der-gro\u00dfen-weiten-Welt-1024x614.jpg\" title=\"Das Flair der gro\u00dfen weiten Welt\" rel=\"polaroid_1405303372\" class=\"polaroid-gallery-item showcaption\"><span class=\"polaroid-gallery-image\" title=\"\" style=\"background-image: url(http:\/\/www.segunda-feira.de\/wp-content\/uploads\/2015\/11\/Das-Flair-der-gro\u00dfen-weiten-Welt-140x140.jpg); width: 140px; height: 140px;\"><\/span><\/a>\n\t\t\t<br style=\"clear: both;\" \/><\/div>\n\n<p><em>\u00a0<\/em><\/p>\n","protected":false},"excerpt":{"rendered":"<p>Der Titicacasee war sch\u00f6ner als erwartet. Gedacht waren nach den zwei Tagen in La Paz zwei weitere Tage Akklimatisierung an die H\u00f6he von fast 4.000 Metern. Wir fanden auch einen recht sch\u00f6nen Standplatz direkt am s\u00fcdlichen Teil des Sees. Auf &hellip; <a href=\"http:\/\/www.segunda-feira.de\/?p=1265\">Weiterlesen <span class=\"meta-nav\">&rarr;<\/span><\/a><\/p>\n","protected":false},"author":1,"featured_media":0,"comment_status":"open","ping_status":"open","sticky":false,"template":"","format":"standard","meta":{"jetpack_post_was_ever_published":false,"_jetpack_newsletter_access":"","_jetpack_dont_email_post_to_subs":false,"_jetpack_newsletter_tier_id":0,"_jetpack_memberships_contains_paywalled_content":false,"_jetpack_memberships_contains_paid_content":false,"footnotes":"","jetpack_publicize_message":"","jetpack_publicize_feature_enabled":true,"jetpack_social_post_already_shared":true,"jetpack_social_options":{"image_generator_settings":{"template":"highway","default_image_id":0,"font":"","enabled":false},"version":2}},"categories":[1,9],"tags":[],"class_list":["post-1265","post","type-post","status-publish","format-standard","hentry","category-allgemein","category-reise-entdeckungen"],"jetpack_publicize_connections":[],"jetpack_featured_media_url":"","jetpack_sharing_enabled":true,"jetpack_shortlink":"https:\/\/wp.me\/p64WYd-kp","jetpack_likes_enabled":true,"_links":{"self":[{"href":"http:\/\/www.segunda-feira.de\/index.php?rest_route=\/wp\/v2\/posts\/1265","targetHints":{"allow":["GET"]}}],"collection":[{"href":"http:\/\/www.segunda-feira.de\/index.php?rest_route=\/wp\/v2\/posts"}],"about":[{"href":"http:\/\/www.segunda-feira.de\/index.php?rest_route=\/wp\/v2\/types\/post"}],"author":[{"embeddable":true,"href":"http:\/\/www.segunda-feira.de\/index.php?rest_route=\/wp\/v2\/users\/1"}],"replies":[{"embeddable":true,"href":"http:\/\/www.segunda-feira.de\/index.php?rest_route=%2Fwp%2Fv2%2Fcomments&post=1265"}],"version-history":[{"count":1,"href":"http:\/\/www.segunda-feira.de\/index.php?rest_route=\/wp\/v2\/posts\/1265\/revisions"}],"predecessor-version":[{"id":1278,"href":"http:\/\/www.segunda-feira.de\/index.php?rest_route=\/wp\/v2\/posts\/1265\/revisions\/1278"}],"wp:attachment":[{"href":"http:\/\/www.segunda-feira.de\/index.php?rest_route=%2Fwp%2Fv2%2Fmedia&parent=1265"}],"wp:term":[{"taxonomy":"category","embeddable":true,"href":"http:\/\/www.segunda-feira.de\/index.php?rest_route=%2Fwp%2Fv2%2Fcategories&post=1265"},{"taxonomy":"post_tag","embeddable":true,"href":"http:\/\/www.segunda-feira.de\/index.php?rest_route=%2Fwp%2Fv2%2Ftags&post=1265"}],"curies":[{"name":"wp","href":"https:\/\/api.w.org\/{rel}","templated":true}]}}