{"id":1279,"date":"2015-11-04T18:43:58","date_gmt":"2015-11-04T17:43:58","guid":{"rendered":"http:\/\/www.segunda-feira.de\/?p=1279"},"modified":"2015-11-04T18:43:58","modified_gmt":"2015-11-04T17:43:58","slug":"huyana-potosi","status":"publish","type":"post","link":"http:\/\/www.segunda-feira.de\/?p=1279","title":{"rendered":"Huyana Potosi"},"content":{"rendered":"<p>Der 6.083 Meter hohe Huyana Potosi liegt nur 25 Kilometer n\u00f6rdlich von La Paz. Man erreicht ihn, indem man El Alto, einen Vorort der Stadt, durchquert und auf den Zonga-Pass f\u00e4hrt, der auf eine H\u00f6he von 4.800 Meter f\u00fchrt.<\/p>\n<div class='polaroid-gallery galleryid-1279' style='width:auto;'>\n\t\t\t<a href=\"http:\/\/www.segunda-feira.de\/wp-content\/uploads\/2015\/11\/Blick-auf-El-Alto-1024x682.jpg\" title=\"Blick auf El Alto\" rel=\"polaroid_227647882\" class=\"polaroid-gallery-item showcaption\"><span class=\"polaroid-gallery-image\" title=\"\" style=\"background-image: url(http:\/\/www.segunda-feira.de\/wp-content\/uploads\/2015\/11\/Blick-auf-El-Alto-140x140.jpg); width: 140px; height: 140px;\"><\/span><\/a>\n\t\t\t<a href=\"http:\/\/www.segunda-feira.de\/wp-content\/uploads\/2015\/11\/Lamas-auf-dem-Zonga-Pass-1024x682.jpg\" title=\"Lamas auf dem Zonga-Pass\" rel=\"polaroid_227647882\" class=\"polaroid-gallery-item showcaption\"><span class=\"polaroid-gallery-image\" title=\"\" style=\"background-image: url(http:\/\/www.segunda-feira.de\/wp-content\/uploads\/2015\/11\/Lamas-auf-dem-Zonga-Pass-140x140.jpg); width: 140px; height: 140px;\"><\/span><\/a>\n\t\t\t<a href=\"http:\/\/www.segunda-feira.de\/wp-content\/uploads\/2015\/11\/Auf-dem-Weg-zum-Zonga-Pass-1024x682.jpg\" title=\"Auf dem Weg zum Zonga-Pass\" rel=\"polaroid_227647882\" class=\"polaroid-gallery-item showcaption\"><span class=\"polaroid-gallery-image\" title=\"\" style=\"background-image: url(http:\/\/www.segunda-feira.de\/wp-content\/uploads\/2015\/11\/Auf-dem-Weg-zum-Zonga-Pass-140x140.jpg); width: 140px; height: 140px;\"><\/span><\/a>\n\t\t\t<a href=\"http:\/\/www.segunda-feira.de\/wp-content\/uploads\/2015\/11\/Totenstadt-am-Wegesrand-1024x682.jpg\" title=\"Totenstadt am Wegesrand\" rel=\"polaroid_227647882\" class=\"polaroid-gallery-item showcaption\"><span class=\"polaroid-gallery-image\" title=\"\" style=\"background-image: url(http:\/\/www.segunda-feira.de\/wp-content\/uploads\/2015\/11\/Totenstadt-am-Wegesrand-140x140.jpg); width: 140px; height: 140px;\"><\/span><\/a>\n\t\t\t<br style=\"clear: both;\" \/><\/div>\n\n<p>Dort quartierten wir uns in eine H\u00fctte ein, die f\u00fcr viele Bergsteiger als Ausgangspunkt f\u00fcr die Besteigung dient.<\/p>\n<div class='polaroid-gallery galleryid-1279' style='width:auto;'>\n\t\t\t<a href=\"http:\/\/www.segunda-feira.de\/wp-content\/uploads\/2015\/11\/H\u00fctte-unterhalb-des-Huyana-Potosi-auf-4800-Metern-1024x614.jpg\" title=\"H\u00fctte unterhalb des Huyana Potosi auf 4800 Metern\" rel=\"polaroid_944392709\" class=\"polaroid-gallery-item showcaption\"><span class=\"polaroid-gallery-image\" title=\"\" style=\"background-image: url(http:\/\/www.segunda-feira.de\/wp-content\/uploads\/2015\/11\/H\u00fctte-unterhalb-des-Huyana-Potosi-auf-4800-Metern-140x140.jpg); width: 140px; height: 140px;\"><\/span><\/a>\n\t\t\t<a href=\"http:\/\/www.segunda-feira.de\/wp-content\/uploads\/2015\/11\/Unser-Nachtlager-1024x614.jpg\" title=\"Unser Nachtlager\" rel=\"polaroid_944392709\" class=\"polaroid-gallery-item showcaption\"><span class=\"polaroid-gallery-image\" title=\"\" style=\"background-image: url(http:\/\/www.segunda-feira.de\/wp-content\/uploads\/2015\/11\/Unser-Nachtlager-140x140.jpg); width: 140px; height: 140px;\"><\/span><\/a>\n\t\t\t<a href=\"http:\/\/www.segunda-feira.de\/wp-content\/uploads\/2015\/11\/Vernebelter-Huyana-Potosi-1024x682.jpg\" title=\"Vernebelter Huyana Potosi\" rel=\"polaroid_944392709\" class=\"polaroid-gallery-item showcaption\"><span class=\"polaroid-gallery-image\" title=\"\" style=\"background-image: url(http:\/\/www.segunda-feira.de\/wp-content\/uploads\/2015\/11\/Vernebelter-Huyana-Potosi-140x140.jpg); width: 140px; height: 140px;\"><\/span><\/a>\n\t\t\t<br style=\"clear: both;\" \/><\/div>\n\n<p>Da Sylvia und Katja nicht auf den Berg wollten bzw. konnten, war mein grober Plan, mich einer Gruppe von Bergsteigern anzuschlie\u00dfen. Tats\u00e4chlich trafen wir auf der H\u00fctte vier junge Franzosen, die am Folgetag Richtung Gipfel aufbrechen wollten. Sie h\u00e4tten mich auch mitgenommen, allerdings hatten sie in La Paz zwei Bergf\u00fchrer angeheuert und deren Richtlinie war, nur jeweils zwei Personen auf einmal zum Gipfel zu f\u00fchren. Zudem sollte die Tour von etwas weniger als 1.300 H\u00f6henmeter \u00fcber zwei Tage dauern: Am ersten Tag nachtmittags circa drei Stunden bis zu einer weiteren H\u00fctte auf 5.130 H\u00f6henmeter und dann am Folgetag ab Mitternacht den Rest auf den Gipfel und wieder hinunter bis zum Zonga-Pass. Dieses Vorgehen machte insofern Sinn, da es um diese Jahreszeit nur ganz fr\u00fch morgens freie Sicht gab. Ab fr\u00fchen Vormittag h\u00fcllte sich der Berg in eine dicke Wolkenschicht.<\/p>\n<p>Meine Gipfelpl\u00e4ne waren also dahin, denn alleine ohne eine Seilschaft wollte ich nicht \u00fcber Gletscherspalten gehen. Ohne angeseilt zu sein, kann eine nicht tragende Schneebr\u00fccke \u00fcber eine Spalte einen Bergbegeisterten schnell zur Geschichte werden lassen. Doch einmal auf einer Ausgangsh\u00f6he von 4.800 Metern wollte ich wenigsten die 5000er-Grenze knacken \u2013 eine noch offene Rechnung aus einer nicht vollendeten Bergbesteigung in Kirgistan.<\/p>\n<p>Also brach ich nach einer Nacht im Bettenlager auf der H\u00fctte morgens gegen 8.30 Uhr mit dem Hund in Richtung der zweiten H\u00fctte auf 5.130 H\u00f6henmeter auf, w\u00e4hrend Sylvia und Katja auf der H\u00fctte am Pass zur\u00fcckblieben. Ich erreichte die zweite H\u00fctte \u00fcber einen schneefreien Aufstieg \u00fcber mehrere Ger\u00f6llhalden bereits nach eineinhalb Stunden.<\/p>\n<p><a href=\"http:\/\/www.segunda-feira.de\/wp-content\/uploads\/2015\/11\/Base-Camp-f\u00fcr-die-Gipfelbesteigung.jpg\"><img loading=\"lazy\" decoding=\"async\" class=\"alignnone size-large wp-image-1287\" src=\"http:\/\/www.segunda-feira.de\/wp-content\/uploads\/2015\/11\/Base-Camp-f\u00fcr-die-Gipfelbesteigung-1024x614.jpg\" alt=\"Base-Camp f\u00fcr die Gipfelbesteigung\" width=\"584\" height=\"350\" srcset=\"http:\/\/www.segunda-feira.de\/wp-content\/uploads\/2015\/11\/Base-Camp-f\u00fcr-die-Gipfelbesteigung.jpg 1024w, http:\/\/www.segunda-feira.de\/wp-content\/uploads\/2015\/11\/Base-Camp-f\u00fcr-die-Gipfelbesteigung-300x180.jpg 300w, http:\/\/www.segunda-feira.de\/wp-content\/uploads\/2015\/11\/Base-Camp-f\u00fcr-die-Gipfelbesteigung-500x300.jpg 500w\" sizes=\"auto, (max-width: 584px) 100vw, 584px\" \/><\/a><\/p>\n<p>Da es noch fr\u00fch und ich guter Dinge war, ging ich bis 11.30 Uhr noch weiter \u00fcber ein Schneefeld auf \u00fcber 5.500 Meter, immer in der Hoffnung, dass der Nebel aufrei\u00dft und den Blick auf den Gipfel und ins Tal freigibt. Doch alles, was ich zu sehen bekam, sah so aus:<\/p>\n<p><a href=\"http:\/\/www.segunda-feira.de\/wp-content\/uploads\/2015\/11\/Blick-vom-Huyana-Potosi-ins-Tal.jpg\"><img loading=\"lazy\" decoding=\"async\" class=\"alignnone size-large wp-image-1288\" src=\"http:\/\/www.segunda-feira.de\/wp-content\/uploads\/2015\/11\/Blick-vom-Huyana-Potosi-ins-Tal-1024x614.jpg\" alt=\"Blick vom Huyana Potosi ins Tal\" width=\"584\" height=\"350\" srcset=\"http:\/\/www.segunda-feira.de\/wp-content\/uploads\/2015\/11\/Blick-vom-Huyana-Potosi-ins-Tal.jpg 1024w, http:\/\/www.segunda-feira.de\/wp-content\/uploads\/2015\/11\/Blick-vom-Huyana-Potosi-ins-Tal-300x180.jpg 300w, http:\/\/www.segunda-feira.de\/wp-content\/uploads\/2015\/11\/Blick-vom-Huyana-Potosi-ins-Tal-500x300.jpg 500w\" sizes=\"auto, (max-width: 584px) 100vw, 584px\" \/><\/a><\/p>\n<p>Da ich mich bereits auf dem Gletscher befand und ich von der H\u00f6henluft ziemlich kaputt war, kehrte ich um und erreichte unseren Ausgangspunkt am Pass gegen 13.00 Uhr.<\/p>\n<p>Obwohl ich auf meinem Ausflug nicht ein einziges Mal die Sonne gesehen hatte und den gr\u00f6\u00dften Teil im Nebel gelaufen war, blieben mir als Andenken eine verbrannte Unterlippe und ein Sonnenbrand auf der Zunge. Auf der Zunge!<\/p>\n","protected":false},"excerpt":{"rendered":"<p>Der 6.083 Meter hohe Huyana Potosi liegt nur 25 Kilometer n\u00f6rdlich von La Paz. Man erreicht ihn, indem man El Alto, einen Vorort der Stadt, durchquert und auf den Zonga-Pass f\u00e4hrt, der auf eine H\u00f6he von 4.800 Meter f\u00fchrt. Dort &hellip; <a href=\"http:\/\/www.segunda-feira.de\/?p=1279\">Weiterlesen <span class=\"meta-nav\">&rarr;<\/span><\/a><\/p>\n","protected":false},"author":1,"featured_media":0,"comment_status":"open","ping_status":"open","sticky":false,"template":"","format":"standard","meta":{"jetpack_post_was_ever_published":false,"_jetpack_newsletter_access":"","_jetpack_dont_email_post_to_subs":false,"_jetpack_newsletter_tier_id":0,"_jetpack_memberships_contains_paywalled_content":false,"_jetpack_memberships_contains_paid_content":false,"footnotes":"","jetpack_publicize_message":"","jetpack_publicize_feature_enabled":true,"jetpack_social_post_already_shared":true,"jetpack_social_options":{"image_generator_settings":{"template":"highway","default_image_id":0,"font":"","enabled":false},"version":2}},"categories":[1,9],"tags":[],"class_list":["post-1279","post","type-post","status-publish","format-standard","hentry","category-allgemein","category-reise-entdeckungen"],"jetpack_publicize_connections":[],"jetpack_featured_media_url":"","jetpack_sharing_enabled":true,"jetpack_shortlink":"https:\/\/wp.me\/p64WYd-kD","jetpack_likes_enabled":true,"_links":{"self":[{"href":"http:\/\/www.segunda-feira.de\/index.php?rest_route=\/wp\/v2\/posts\/1279","targetHints":{"allow":["GET"]}}],"collection":[{"href":"http:\/\/www.segunda-feira.de\/index.php?rest_route=\/wp\/v2\/posts"}],"about":[{"href":"http:\/\/www.segunda-feira.de\/index.php?rest_route=\/wp\/v2\/types\/post"}],"author":[{"embeddable":true,"href":"http:\/\/www.segunda-feira.de\/index.php?rest_route=\/wp\/v2\/users\/1"}],"replies":[{"embeddable":true,"href":"http:\/\/www.segunda-feira.de\/index.php?rest_route=%2Fwp%2Fv2%2Fcomments&post=1279"}],"version-history":[{"count":1,"href":"http:\/\/www.segunda-feira.de\/index.php?rest_route=\/wp\/v2\/posts\/1279\/revisions"}],"predecessor-version":[{"id":1289,"href":"http:\/\/www.segunda-feira.de\/index.php?rest_route=\/wp\/v2\/posts\/1279\/revisions\/1289"}],"wp:attachment":[{"href":"http:\/\/www.segunda-feira.de\/index.php?rest_route=%2Fwp%2Fv2%2Fmedia&parent=1279"}],"wp:term":[{"taxonomy":"category","embeddable":true,"href":"http:\/\/www.segunda-feira.de\/index.php?rest_route=%2Fwp%2Fv2%2Fcategories&post=1279"},{"taxonomy":"post_tag","embeddable":true,"href":"http:\/\/www.segunda-feira.de\/index.php?rest_route=%2Fwp%2Fv2%2Ftags&post=1279"}],"curies":[{"name":"wp","href":"https:\/\/api.w.org\/{rel}","templated":true}]}}