{"id":1290,"date":"2015-11-04T18:52:53","date_gmt":"2015-11-04T17:52:53","guid":{"rendered":"http:\/\/www.segunda-feira.de\/?p=1290"},"modified":"2015-11-04T19:52:48","modified_gmt":"2015-11-04T18:52:48","slug":"auf-der-fahrt-zum-salar-de-uyuni","status":"publish","type":"post","link":"http:\/\/www.segunda-feira.de\/?p=1290","title":{"rendered":"Auf der Fahrt zum Salar de Uyuni"},"content":{"rendered":"<p>Nach dem Bergabenteuer am Huyana Potosi fuhren wir noch am selben Tag auf der Andenautobahn in Richtung Salar de Uyuni, dem gr\u00f6\u00dften ausgetrockneten Salzsee der Welt. Bevor es dunkel wurde, suchten wir uns einen Standplatz auf einem ehemaligen Acker.<\/p>\n<div class='polaroid-gallery galleryid-1290' style='width:auto;'>\n\t\t\t<a href=\"http:\/\/www.segunda-feira.de\/wp-content\/uploads\/2015\/11\/Ackerstandplatz-1024x682.jpg\" title=\"Ackerstandplatz\" rel=\"polaroid_323421029\" class=\"polaroid-gallery-item showcaption\"><span class=\"polaroid-gallery-image\" title=\"\" style=\"background-image: url(http:\/\/www.segunda-feira.de\/wp-content\/uploads\/2015\/11\/Ackerstandplatz-140x140.jpg); width: 140px; height: 140px;\"><\/span><\/a>\n\t\t\t<a href=\"http:\/\/www.segunda-feira.de\/wp-content\/uploads\/2015\/11\/Ackerstandplatz-n\u00e4her-1024x682.jpg\" title=\"Ackerstandplatz n\u00e4her\" rel=\"polaroid_323421029\" class=\"polaroid-gallery-item showcaption\"><span class=\"polaroid-gallery-image\" title=\"\" style=\"background-image: url(http:\/\/www.segunda-feira.de\/wp-content\/uploads\/2015\/11\/Ackerstandplatz-n\u00e4her-140x140.jpg); width: 140px; height: 140px;\"><\/span><\/a>\n\t\t\t<a href=\"http:\/\/www.segunda-feira.de\/wp-content\/uploads\/2015\/11\/Ackerstandplatz-ganz-nah-1024x614.jpg\" title=\"Ackerstandplatz ganz nah\" rel=\"polaroid_323421029\" class=\"polaroid-gallery-item showcaption\"><span class=\"polaroid-gallery-image\" title=\"\" style=\"background-image: url(http:\/\/www.segunda-feira.de\/wp-content\/uploads\/2015\/11\/Ackerstandplatz-ganz-nah-140x140.jpg); width: 140px; height: 140px;\"><\/span><\/a>\n\t\t\t<br style=\"clear: both;\" \/><\/div>\n\n<p>Gegen Vormittag des Folgetages erreichten wir die einstige Bergarbeiterstadt Oruro. Die Damen waren der Meinung, der Wagen ben\u00f6tige eine Vollw\u00e4sche. Schade, ich fand die Patina unsers Gef\u00e4hrts just sehr ansprechend, zeugte sie doch von Abenteuer und wilden Offroad-Fahrten.<\/p>\n<div class='polaroid-gallery galleryid-1290' style='width:auto;'>\n\t\t\t<a href=\"http:\/\/www.segunda-feira.de\/wp-content\/uploads\/2015\/11\/Dreckschleuder-1024x614.jpg\" title=\"Dreckschleuder\" rel=\"polaroid_1033678417\" class=\"polaroid-gallery-item showcaption\"><span class=\"polaroid-gallery-image\" title=\"\" style=\"background-image: url(http:\/\/www.segunda-feira.de\/wp-content\/uploads\/2015\/11\/Dreckschleuder-140x140.jpg); width: 140px; height: 140px;\"><\/span><\/a>\n\t\t\t<a href=\"http:\/\/www.segunda-feira.de\/wp-content\/uploads\/2015\/11\/Vollwaschgang-1024x614.jpg\" title=\"Vollwaschgang\" rel=\"polaroid_1033678417\" class=\"polaroid-gallery-item showcaption\"><span class=\"polaroid-gallery-image\" title=\"\" style=\"background-image: url(http:\/\/www.segunda-feira.de\/wp-content\/uploads\/2015\/11\/Vollwaschgang-140x140.jpg); width: 140px; height: 140px;\"><\/span><\/a>\n\t\t\t<br style=\"clear: both;\" \/><\/div>\n\n<p>Doch schon bald hatten wir die Gelegenheit, dem Wagen sein geb\u00fchrendes \u00c4u\u00dferes zur\u00fcckzugeben. Auf der Suche nach dem Ufer eines riesigen Sees s\u00fcdlich von Oruro blieben wir noch weit au\u00dferhalb der Sichtweite des Wassers im Schlick stecken.<\/p>\n<div class='polaroid-gallery galleryid-1290' style='width:auto;'>\n\t\t\t<a href=\"http:\/\/www.segunda-feira.de\/wp-content\/uploads\/2015\/11\/Festgefahren-1024x682.jpg\" title=\"Festgefahren\" rel=\"polaroid_1034395543\" class=\"polaroid-gallery-item showcaption\"><span class=\"polaroid-gallery-image\" title=\"\" style=\"background-image: url(http:\/\/www.segunda-feira.de\/wp-content\/uploads\/2015\/11\/Festgefahren-140x140.jpg); width: 140px; height: 140px;\"><\/span><\/a>\n\t\t\t<a href=\"http:\/\/www.segunda-feira.de\/wp-content\/uploads\/2015\/11\/Festgefahren-und-kein-Spa\u00df-dabei-1024x682.jpg\" title=\"Festgefahren und kein Spa\u00df dabei\" rel=\"polaroid_1034395543\" class=\"polaroid-gallery-item showcaption\"><span class=\"polaroid-gallery-image\" title=\"\" style=\"background-image: url(http:\/\/www.segunda-feira.de\/wp-content\/uploads\/2015\/11\/Festgefahren-und-kein-Spa\u00df-dabei-140x140.jpg); width: 140px; height: 140px;\"><\/span><\/a>\n\t\t\t<br style=\"clear: both;\" \/><\/div>\n\n<p>Wir suchten uns einen Nachtplatz in der steppenartigen, 15 Kilometer breiten Uferzone und a\u00dfen zu Abend.<\/p>\n<div class='polaroid-gallery galleryid-1290' style='width:auto;'>\n\t\t\t<a href=\"http:\/\/www.segunda-feira.de\/wp-content\/uploads\/2015\/11\/Optisch-get\u00e4uscht-1024x614.jpg\" title=\"Optisch get\u00e4uscht\" rel=\"polaroid_1456151557\" class=\"polaroid-gallery-item showcaption\"><span class=\"polaroid-gallery-image\" title=\"\" style=\"background-image: url(http:\/\/www.segunda-feira.de\/wp-content\/uploads\/2015\/11\/Optisch-get\u00e4uscht-140x140.jpg); width: 140px; height: 140px;\"><\/span><\/a>\n\t\t\t<a href=\"http:\/\/www.segunda-feira.de\/wp-content\/uploads\/2015\/11\/Abendessen-in-der-Steppe-1024x614.jpg\" title=\"Abendessen in der Steppe\" rel=\"polaroid_1456151557\" class=\"polaroid-gallery-item showcaption\"><span class=\"polaroid-gallery-image\" title=\"\" style=\"background-image: url(http:\/\/www.segunda-feira.de\/wp-content\/uploads\/2015\/11\/Abendessen-in-der-Steppe-140x140.jpg); width: 140px; height: 140px;\"><\/span><\/a>\n\t\t\t<br style=\"clear: both;\" \/><\/div>\n\n<p>Am n\u00e4chsten Tag fuhren wir dann durch eine bizarre Steppenlandschaft in Richtung eines 5.400 Meter hohen Vulkans, umrundeten ihn und gelangten zum Salar de Uyuni.<\/p>\n<div class='polaroid-gallery galleryid-1290' style='width:auto;'>\n\t\t\t<a href=\"http:\/\/www.segunda-feira.de\/wp-content\/uploads\/2015\/11\/Vulkan-von-Weitem-1024x682.jpg\" title=\"Vulkan von Weitem\" rel=\"polaroid_924691476\" class=\"polaroid-gallery-item showcaption\"><span class=\"polaroid-gallery-image\" title=\"\" style=\"background-image: url(http:\/\/www.segunda-feira.de\/wp-content\/uploads\/2015\/11\/Vulkan-von-Weitem-140x140.jpg); width: 140px; height: 140px;\"><\/span><\/a>\n\t\t\t<a href=\"http:\/\/www.segunda-feira.de\/wp-content\/uploads\/2015\/11\/Staubwirbel-1024x682.jpg\" title=\"Staubwirbel\" rel=\"polaroid_924691476\" class=\"polaroid-gallery-item showcaption\"><span class=\"polaroid-gallery-image\" title=\"\" style=\"background-image: url(http:\/\/www.segunda-feira.de\/wp-content\/uploads\/2015\/11\/Staubwirbel-140x140.jpg); width: 140px; height: 140px;\"><\/span><\/a>\n\t\t\t<a href=\"http:\/\/www.segunda-feira.de\/wp-content\/uploads\/2015\/11\/Die-6-Millionen-Dollar-Frau-beim-Fahren-1024x682.jpg\" title=\"Die 6-Millionen-Dollar-Frau beim Fahren\" rel=\"polaroid_924691476\" class=\"polaroid-gallery-item showcaption\"><span class=\"polaroid-gallery-image\" title=\"\" style=\"background-image: url(http:\/\/www.segunda-feira.de\/wp-content\/uploads\/2015\/11\/Die-6-Millionen-Dollar-Frau-beim-Fahren-140x140.jpg); width: 140px; height: 140px;\"><\/span><\/a>\n\t\t\t<a href=\"http:\/\/www.segunda-feira.de\/wp-content\/uploads\/2015\/11\/Vulkan-etwas-n\u00e4her-1024x682.jpg\" title=\"Vulkan etwas n\u00e4her\" rel=\"polaroid_924691476\" class=\"polaroid-gallery-item showcaption\"><span class=\"polaroid-gallery-image\" title=\"\" style=\"background-image: url(http:\/\/www.segunda-feira.de\/wp-content\/uploads\/2015\/11\/Vulkan-etwas-n\u00e4her-140x140.jpg); width: 140px; height: 140px;\"><\/span><\/a>\n\t\t\t<a href=\"http:\/\/www.segunda-feira.de\/wp-content\/uploads\/2015\/11\/Kaktus-1024x682.jpg\" title=\"Kaktus\" rel=\"polaroid_924691476\" class=\"polaroid-gallery-item showcaption\"><span class=\"polaroid-gallery-image\" title=\"\" style=\"background-image: url(http:\/\/www.segunda-feira.de\/wp-content\/uploads\/2015\/11\/Kaktus-140x140.jpg); width: 140px; height: 140px;\"><\/span><\/a>\n\t\t\t<a href=\"http:\/\/www.segunda-feira.de\/wp-content\/uploads\/2015\/11\/Vulkan-nah-1024x682.jpg\" title=\"Vulkan nah\" rel=\"polaroid_924691476\" class=\"polaroid-gallery-item showcaption\"><span class=\"polaroid-gallery-image\" title=\"\" style=\"background-image: url(http:\/\/www.segunda-feira.de\/wp-content\/uploads\/2015\/11\/Vulkan-nah-140x140.jpg); width: 140px; height: 140px;\"><\/span><\/a>\n\t\t\t<a href=\"http:\/\/www.segunda-feira.de\/wp-content\/uploads\/2015\/11\/Salar-de-Uyuni-1024x667.jpg\" title=\"Salar de Uyuni\" rel=\"polaroid_924691476\" class=\"polaroid-gallery-item showcaption\"><span class=\"polaroid-gallery-image\" title=\"\" style=\"background-image: url(http:\/\/www.segunda-feira.de\/wp-content\/uploads\/2015\/11\/Salar-de-Uyuni-140x140.jpg); width: 140px; height: 140px;\"><\/span><\/a>\n\t\t\t<br style=\"clear: both;\" \/><\/div>\n\n","protected":false},"excerpt":{"rendered":"<p>Nach dem Bergabenteuer am Huyana Potosi fuhren wir noch am selben Tag auf der Andenautobahn in Richtung Salar de Uyuni, dem gr\u00f6\u00dften ausgetrockneten Salzsee der Welt. Bevor es dunkel wurde, suchten wir uns einen Standplatz auf einem ehemaligen Acker. Gegen &hellip; <a href=\"http:\/\/www.segunda-feira.de\/?p=1290\">Weiterlesen <span class=\"meta-nav\">&rarr;<\/span><\/a><\/p>\n","protected":false},"author":1,"featured_media":0,"comment_status":"open","ping_status":"open","sticky":false,"template":"","format":"standard","meta":{"jetpack_post_was_ever_published":false,"_jetpack_newsletter_access":"","_jetpack_dont_email_post_to_subs":false,"_jetpack_newsletter_tier_id":0,"_jetpack_memberships_contains_paywalled_content":false,"_jetpack_memberships_contains_paid_content":false,"footnotes":"","jetpack_publicize_message":"","jetpack_publicize_feature_enabled":true,"jetpack_social_post_already_shared":true,"jetpack_social_options":{"image_generator_settings":{"template":"highway","default_image_id":0,"font":"","enabled":false},"version":2}},"categories":[1,9],"tags":[],"class_list":["post-1290","post","type-post","status-publish","format-standard","hentry","category-allgemein","category-reise-entdeckungen"],"jetpack_publicize_connections":[],"jetpack_featured_media_url":"","jetpack_sharing_enabled":true,"jetpack_shortlink":"https:\/\/wp.me\/p64WYd-kO","jetpack_likes_enabled":true,"_links":{"self":[{"href":"http:\/\/www.segunda-feira.de\/index.php?rest_route=\/wp\/v2\/posts\/1290","targetHints":{"allow":["GET"]}}],"collection":[{"href":"http:\/\/www.segunda-feira.de\/index.php?rest_route=\/wp\/v2\/posts"}],"about":[{"href":"http:\/\/www.segunda-feira.de\/index.php?rest_route=\/wp\/v2\/types\/post"}],"author":[{"embeddable":true,"href":"http:\/\/www.segunda-feira.de\/index.php?rest_route=\/wp\/v2\/users\/1"}],"replies":[{"embeddable":true,"href":"http:\/\/www.segunda-feira.de\/index.php?rest_route=%2Fwp%2Fv2%2Fcomments&post=1290"}],"version-history":[{"count":2,"href":"http:\/\/www.segunda-feira.de\/index.php?rest_route=\/wp\/v2\/posts\/1290\/revisions"}],"predecessor-version":[{"id":1308,"href":"http:\/\/www.segunda-feira.de\/index.php?rest_route=\/wp\/v2\/posts\/1290\/revisions\/1308"}],"wp:attachment":[{"href":"http:\/\/www.segunda-feira.de\/index.php?rest_route=%2Fwp%2Fv2%2Fmedia&parent=1290"}],"wp:term":[{"taxonomy":"category","embeddable":true,"href":"http:\/\/www.segunda-feira.de\/index.php?rest_route=%2Fwp%2Fv2%2Fcategories&post=1290"},{"taxonomy":"post_tag","embeddable":true,"href":"http:\/\/www.segunda-feira.de\/index.php?rest_route=%2Fwp%2Fv2%2Ftags&post=1290"}],"curies":[{"name":"wp","href":"https:\/\/api.w.org\/{rel}","templated":true}]}}