{"id":1309,"date":"2015-11-08T09:18:12","date_gmt":"2015-11-08T08:18:12","guid":{"rendered":"http:\/\/www.segunda-feira.de\/?p=1309"},"modified":"2015-11-08T09:18:12","modified_gmt":"2015-11-08T08:18:12","slug":"salar-de-uyuni","status":"publish","type":"post","link":"http:\/\/www.segunda-feira.de\/?p=1309","title":{"rendered":"Salar de Uyuni"},"content":{"rendered":"<p>Der <a href=\"https:\/\/de.wikipedia.org\/wiki\/Salar_de_Uyuni\" target=\"_blank\">Salar de Uyuni<\/a> ist mit circa 10.000 Quadratmetern der gr\u00f6\u00dfte Salzsee der Erde und liegt 3.653 Meter hoch. Trotz dieser extremen Daten habe ich ihn mir gr\u00f6\u00dfer vorgestellt. Da er umringt ist von teilweise \u00fcber 5.000 Meter hohen Bergen, sind an jedem Punkt des Sees am Horizont Strukturen zu erkennen und man kann sich nicht verirren.<\/p>\n<p>Vor der \u00dcberquerung haben wir zwei N\u00e4chte in <a href=\"https:\/\/maps.google.de\/maps?q=-19.890736,-67.695406&amp;t=h\" target=\"_blank\">Tahua<\/a>, am Fu\u00dfe eines 5.400 Meter hohen ehemaligen Vulkans \u00fcbernachtet. Ich war von der Reiserei k\u00f6rperlich und mental am Ende und brauchte eine Verschnaufpause. Am Mittwoch, den 04. November 2015 fuhren wir dann morgens \u00fcber den Salzsee zun\u00e4chst zur <a href=\"https:\/\/maps.google.de\/maps?q=-20.243197,-67.625536&amp;t=h\" target=\"_blank\">Isla Incahuasi<\/a>, einer Vulkaninsel mit uralten Kakteen und geologisch interessanten Formationen.<\/p>\n<div class='polaroid-gallery galleryid-1309' style='width:auto;'>\n\t\t\t<a href=\"http:\/\/www.segunda-feira.de\/wp-content\/uploads\/2015\/11\/Kakteeninsel-im-Salzsee-1024x682.jpg\" title=\"Kakteeninsel im Salzsee\" rel=\"polaroid_1177778722\" class=\"polaroid-gallery-item showcaption\"><span class=\"polaroid-gallery-image\" title=\"\" style=\"background-image: url(http:\/\/www.segunda-feira.de\/wp-content\/uploads\/2015\/11\/Kakteeninsel-im-Salzsee-140x140.jpg); width: 140px; height: 140px;\"><\/span><\/a>\n\t\t\t<a href=\"http:\/\/www.segunda-feira.de\/wp-content\/uploads\/2015\/11\/Ohne-Kontrast-1024x682.jpg\" title=\"Ohne Kontrast\" rel=\"polaroid_1177778722\" class=\"polaroid-gallery-item showcaption\"><span class=\"polaroid-gallery-image\" title=\"\" style=\"background-image: url(http:\/\/www.segunda-feira.de\/wp-content\/uploads\/2015\/11\/Ohne-Kontrast-140x140.jpg); width: 140px; height: 140px;\"><\/span><\/a>\n\t\t\t<a href=\"http:\/\/www.segunda-feira.de\/wp-content\/uploads\/2015\/11\/erkennt-man-gar-nichts-1024x682.jpg\" title=\"erkennt man gar nichts\" rel=\"polaroid_1177778722\" class=\"polaroid-gallery-item showcaption\"><span class=\"polaroid-gallery-image\" title=\"\" style=\"background-image: url(http:\/\/www.segunda-feira.de\/wp-content\/uploads\/2015\/11\/erkennt-man-gar-nichts-140x140.jpg); width: 140px; height: 140px;\"><\/span><\/a>\n\t\t\t<a href=\"http:\/\/www.segunda-feira.de\/wp-content\/uploads\/2015\/11\/1000-Jahre-Ruhe-und-dann-endlich-ein-Freund-1024x614.jpg\" title=\"1000 Jahre Ruhe und dann endlich ein Freund\" rel=\"polaroid_1177778722\" class=\"polaroid-gallery-item showcaption\"><span class=\"polaroid-gallery-image\" title=\"\" style=\"background-image: url(http:\/\/www.segunda-feira.de\/wp-content\/uploads\/2015\/11\/1000-Jahre-Ruhe-und-dann-endlich-ein-Freund-140x140.jpg); width: 140px; height: 140px;\"><\/span><\/a>\n\t\t\t<a href=\"http:\/\/www.segunda-feira.de\/wp-content\/uploads\/2015\/11\/Ein-Eldorado-f\u00fcr-Geoloagen-1024x614.jpg\" title=\"Ein Eldorado f\u00fcr Geoloagen\" rel=\"polaroid_1177778722\" class=\"polaroid-gallery-item showcaption\"><span class=\"polaroid-gallery-image\" title=\"\" style=\"background-image: url(http:\/\/www.segunda-feira.de\/wp-content\/uploads\/2015\/11\/Ein-Eldorado-f\u00fcr-Geoloagen-140x140.jpg); width: 140px; height: 140px;\"><\/span><\/a>\n\t\t\t<a href=\"http:\/\/www.segunda-feira.de\/wp-content\/uploads\/2015\/11\/Versteinerte-Korallen-1024x614.jpg\" title=\"Versteinerte Korallen\" rel=\"polaroid_1177778722\" class=\"polaroid-gallery-item showcaption\"><span class=\"polaroid-gallery-image\" title=\"\" style=\"background-image: url(http:\/\/www.segunda-feira.de\/wp-content\/uploads\/2015\/11\/Versteinerte-Korallen-140x140.jpg); width: 140px; height: 140px;\"><\/span><\/a>\n\t\t\t<a href=\"http:\/\/www.segunda-feira.de\/wp-content\/uploads\/2015\/11\/Licht-am-Ende-1024x614.jpg\" title=\"Licht am Ende\" rel=\"polaroid_1177778722\" class=\"polaroid-gallery-item showcaption\"><span class=\"polaroid-gallery-image\" title=\"\" style=\"background-image: url(http:\/\/www.segunda-feira.de\/wp-content\/uploads\/2015\/11\/Licht-am-Ende-140x140.jpg); width: 140px; height: 140px;\"><\/span><\/a>\n\t\t\t<br style=\"clear: both;\" \/><\/div>\n\n<p>Dann querten wir den See Richtung Osten bis nach <a href=\"https:\/\/maps.google.de\/maps?q=-20.300632,-66.935627&amp;t=h\" target=\"_blank\">Colchani<\/a>, einer trostlosen Ortschaft am Rande der Salzpfanne. Zwischendurch hielten wir an, um Fotos zu machen.<\/p>\n<div class='polaroid-gallery galleryid-1309' style='width:auto;'>\n\t\t\t<a href=\"http:\/\/www.segunda-feira.de\/wp-content\/uploads\/2015\/11\/Zu-Fu\u00df-ganz-sch\u00f6n-weit-1024x682.jpg\" title=\"Zu Fu\u00df ganz sch\u00f6n weit\" rel=\"polaroid_666891730\" class=\"polaroid-gallery-item showcaption\"><span class=\"polaroid-gallery-image\" title=\"\" style=\"background-image: url(http:\/\/www.segunda-feira.de\/wp-content\/uploads\/2015\/11\/Zu-Fu\u00df-ganz-sch\u00f6n-weit-140x140.jpg); width: 140px; height: 140px;\"><\/span><\/a>\n\t\t\t<a href=\"http:\/\/www.segunda-feira.de\/wp-content\/uploads\/2015\/11\/Pause-auf-halber-Strecke-1024x682.jpg\" title=\"Pause auf halber Strecke\" rel=\"polaroid_666891730\" class=\"polaroid-gallery-item showcaption\"><span class=\"polaroid-gallery-image\" title=\"\" style=\"background-image: url(http:\/\/www.segunda-feira.de\/wp-content\/uploads\/2015\/11\/Pause-auf-halber-Strecke-140x140.jpg); width: 140px; height: 140px;\"><\/span><\/a>\n\t\t\t<a href=\"http:\/\/www.segunda-feira.de\/wp-content\/uploads\/2015\/11\/10-oder-100-Kilometer-1024x682.jpg\" title=\"10 oder 100 Kilometer\" rel=\"polaroid_666891730\" class=\"polaroid-gallery-item showcaption\"><span class=\"polaroid-gallery-image\" title=\"\" style=\"background-image: url(http:\/\/www.segunda-feira.de\/wp-content\/uploads\/2015\/11\/10-oder-100-Kilometer-140x140.jpg); width: 140px; height: 140px;\"><\/span><\/a>\n\t\t\t<br style=\"clear: both;\" \/><\/div>\n\n<p>Fahrt mit uns die circa 70 Kilometer lange Strecke von der Kakteeninsel bis nach Colchani \u00fcber den See:<\/p>\n<p><iframe loading=\"lazy\" src=\"http:\/\/www.youtube.com\/embed\/NR0plLHsswk?rel=0&amp;modestbranding=1\" width=\"560\" height=\"315\" frameborder=\"0\" allowfullscreen=\"allowfullscreen\"><\/iframe><\/p>\n","protected":false},"excerpt":{"rendered":"<p>Der Salar de Uyuni ist mit circa 10.000 Quadratmetern der gr\u00f6\u00dfte Salzsee der Erde und liegt 3.653 Meter hoch. Trotz dieser extremen Daten habe ich ihn mir gr\u00f6\u00dfer vorgestellt. Da er umringt ist von teilweise \u00fcber 5.000 Meter hohen Bergen, &hellip; <a href=\"http:\/\/www.segunda-feira.de\/?p=1309\">Weiterlesen <span class=\"meta-nav\">&rarr;<\/span><\/a><\/p>\n","protected":false},"author":1,"featured_media":0,"comment_status":"open","ping_status":"open","sticky":false,"template":"","format":"standard","meta":{"jetpack_post_was_ever_published":false,"_jetpack_newsletter_access":"","_jetpack_dont_email_post_to_subs":false,"_jetpack_newsletter_tier_id":0,"_jetpack_memberships_contains_paywalled_content":false,"_jetpack_memberships_contains_paid_content":false,"footnotes":"","jetpack_publicize_message":"","jetpack_publicize_feature_enabled":true,"jetpack_social_post_already_shared":true,"jetpack_social_options":{"image_generator_settings":{"template":"highway","default_image_id":0,"font":"","enabled":false},"version":2}},"categories":[1,9],"tags":[],"class_list":["post-1309","post","type-post","status-publish","format-standard","hentry","category-allgemein","category-reise-entdeckungen"],"jetpack_publicize_connections":[],"jetpack_featured_media_url":"","jetpack_sharing_enabled":true,"jetpack_shortlink":"https:\/\/wp.me\/p64WYd-l7","jetpack_likes_enabled":true,"_links":{"self":[{"href":"http:\/\/www.segunda-feira.de\/index.php?rest_route=\/wp\/v2\/posts\/1309","targetHints":{"allow":["GET"]}}],"collection":[{"href":"http:\/\/www.segunda-feira.de\/index.php?rest_route=\/wp\/v2\/posts"}],"about":[{"href":"http:\/\/www.segunda-feira.de\/index.php?rest_route=\/wp\/v2\/types\/post"}],"author":[{"embeddable":true,"href":"http:\/\/www.segunda-feira.de\/index.php?rest_route=\/wp\/v2\/users\/1"}],"replies":[{"embeddable":true,"href":"http:\/\/www.segunda-feira.de\/index.php?rest_route=%2Fwp%2Fv2%2Fcomments&post=1309"}],"version-history":[{"count":1,"href":"http:\/\/www.segunda-feira.de\/index.php?rest_route=\/wp\/v2\/posts\/1309\/revisions"}],"predecessor-version":[{"id":1360,"href":"http:\/\/www.segunda-feira.de\/index.php?rest_route=\/wp\/v2\/posts\/1309\/revisions\/1360"}],"wp:attachment":[{"href":"http:\/\/www.segunda-feira.de\/index.php?rest_route=%2Fwp%2Fv2%2Fmedia&parent=1309"}],"wp:term":[{"taxonomy":"category","embeddable":true,"href":"http:\/\/www.segunda-feira.de\/index.php?rest_route=%2Fwp%2Fv2%2Fcategories&post=1309"},{"taxonomy":"post_tag","embeddable":true,"href":"http:\/\/www.segunda-feira.de\/index.php?rest_route=%2Fwp%2Fv2%2Ftags&post=1309"}],"curies":[{"name":"wp","href":"https:\/\/api.w.org\/{rel}","templated":true}]}}