{"id":131,"date":"2015-04-09T01:20:07","date_gmt":"2015-04-08T23:20:07","guid":{"rendered":"http:\/\/www.segunda-feira.de\/?p=131"},"modified":"2015-05-30T21:16:45","modified_gmt":"2015-05-30T19:16:45","slug":"taeglich-gruesst-der-auerhahn","status":"publish","type":"post","link":"http:\/\/www.segunda-feira.de\/?p=131","title":{"rendered":"T\u00e4glich gr\u00fc\u00dft der Auerhahn"},"content":{"rendered":"<p><iframe loading=\"lazy\" src=\"http:\/\/www.youtube.com\/embed\/xxINzagjcuw?rel=0&amp;modestbranding=1\" width=\"560\" height=\"315\" frameborder=\"0\" allowfullscreen=\"allowfullscreen\"><\/iframe><\/p>\n<p>Jeden Morgen wecken der Hahn und der Alarmanlagenvogel. Die Insektenwelt h\u00e4lt sich hingegen angenehm zur\u00fcck. Nat\u00fcrlich gibt es M\u00fccken, doch sie verhalten sich sehr vornehm und stechen nur in die Oberarme und die Fu\u00dffesseln. Auf meinen Spazierg\u00e4ngen bleibe ich manchmal in Spinnweben h\u00e4ngen, die mich mit ungewohntem Widerstand zur\u00fcckhalten. Die Biester, die das gesponnen haben, m\u00f6chte ich eher nicht kennenlernen.<\/p>\n<p>Im Augenblick ist Regenzeit. Es regnet jedoch meistens nur nachmittags und abends. Tags\u00fcber ist es sonnig-bew\u00f6lkt mit Temperaturen um die 25 Grad. Wenn man nach dem Regen in der Dunkelheit im Dschungel unterwegs ist, wird man mit angenehmer K\u00fchle und stimmungsvoller Atmosph\u00e4re belohnt.<\/p>\n<p><a href=\"http:\/\/www.segunda-feira.de\/wp-content\/uploads\/2015\/04\/Condominio-Verde.jpg\"><img loading=\"lazy\" decoding=\"async\" class=\"alignnone size-medium wp-image-132\" src=\"http:\/\/www.segunda-feira.de\/wp-content\/uploads\/2015\/04\/Condominio-Verde-300x225.jpg\" alt=\"Condominio Verde\" width=\"300\" height=\"225\" srcset=\"http:\/\/www.segunda-feira.de\/wp-content\/uploads\/2015\/04\/Condominio-Verde-300x225.jpg 300w, http:\/\/www.segunda-feira.de\/wp-content\/uploads\/2015\/04\/Condominio-Verde.jpg 1024w, http:\/\/www.segunda-feira.de\/wp-content\/uploads\/2015\/04\/Condominio-Verde-400x300.jpg 400w\" sizes=\"auto, (max-width: 300px) 100vw, 300px\" \/><\/a><\/p>\n","protected":false},"excerpt":{"rendered":"<p>Jeden Morgen wecken der Hahn und der Alarmanlagenvogel. Die Insektenwelt h\u00e4lt sich hingegen angenehm zur\u00fcck. Nat\u00fcrlich gibt es M\u00fccken, doch sie verhalten sich sehr vornehm und stechen nur in die Oberarme und die Fu\u00dffesseln. Auf meinen Spazierg\u00e4ngen bleibe ich manchmal &hellip; <a href=\"http:\/\/www.segunda-feira.de\/?p=131\">Weiterlesen <span class=\"meta-nav\">&rarr;<\/span><\/a><\/p>\n","protected":false},"author":1,"featured_media":0,"comment_status":"open","ping_status":"open","sticky":false,"template":"","format":"standard","meta":{"jetpack_post_was_ever_published":false,"_jetpack_newsletter_access":"","_jetpack_dont_email_post_to_subs":false,"_jetpack_newsletter_tier_id":0,"_jetpack_memberships_contains_paywalled_content":false,"_jetpack_memberships_contains_paid_content":false,"footnotes":"","jetpack_publicize_message":"","jetpack_publicize_feature_enabled":true,"jetpack_social_post_already_shared":false,"jetpack_social_options":{"image_generator_settings":{"template":"highway","default_image_id":0,"font":"","enabled":false},"version":2}},"categories":[1,15],"tags":[],"class_list":["post-131","post","type-post","status-publish","format-standard","hentry","category-allgemein","category-alltag"],"jetpack_publicize_connections":[],"jetpack_featured_media_url":"","jetpack_sharing_enabled":true,"jetpack_shortlink":"https:\/\/wp.me\/p64WYd-27","jetpack_likes_enabled":true,"_links":{"self":[{"href":"http:\/\/www.segunda-feira.de\/index.php?rest_route=\/wp\/v2\/posts\/131","targetHints":{"allow":["GET"]}}],"collection":[{"href":"http:\/\/www.segunda-feira.de\/index.php?rest_route=\/wp\/v2\/posts"}],"about":[{"href":"http:\/\/www.segunda-feira.de\/index.php?rest_route=\/wp\/v2\/types\/post"}],"author":[{"embeddable":true,"href":"http:\/\/www.segunda-feira.de\/index.php?rest_route=\/wp\/v2\/users\/1"}],"replies":[{"embeddable":true,"href":"http:\/\/www.segunda-feira.de\/index.php?rest_route=%2Fwp%2Fv2%2Fcomments&post=131"}],"version-history":[{"count":4,"href":"http:\/\/www.segunda-feira.de\/index.php?rest_route=\/wp\/v2\/posts\/131\/revisions"}],"predecessor-version":[{"id":590,"href":"http:\/\/www.segunda-feira.de\/index.php?rest_route=\/wp\/v2\/posts\/131\/revisions\/590"}],"wp:attachment":[{"href":"http:\/\/www.segunda-feira.de\/index.php?rest_route=%2Fwp%2Fv2%2Fmedia&parent=131"}],"wp:term":[{"taxonomy":"category","embeddable":true,"href":"http:\/\/www.segunda-feira.de\/index.php?rest_route=%2Fwp%2Fv2%2Fcategories&post=131"},{"taxonomy":"post_tag","embeddable":true,"href":"http:\/\/www.segunda-feira.de\/index.php?rest_route=%2Fwp%2Fv2%2Ftags&post=131"}],"curies":[{"name":"wp","href":"https:\/\/api.w.org\/{rel}","templated":true}]}}