{"id":134,"date":"2015-04-09T16:56:17","date_gmt":"2015-04-09T14:56:17","guid":{"rendered":"http:\/\/www.segunda-feira.de\/?p=134"},"modified":"2015-05-30T21:16:23","modified_gmt":"2015-05-30T19:16:23","slug":"begegnung-der-dritten-art","status":"publish","type":"post","link":"http:\/\/www.segunda-feira.de\/?p=134","title":{"rendered":"Begegnung der dritten Art"},"content":{"rendered":"<p>K\u00fche auf dieser Welt sind doch alle gleich: Obwohl wir Menschen sie massakrieren, zerfleischen und verzehren, stellen wir keine Gefahr f\u00fcr sie dar. Hunde hingegen haben es schwer bei den Rindern. Im Gegensatz zum Hund war ich \u00fcbrigens \u00fcberhaupt nicht nerv\u00f6s.<\/p>\n<p><a href=\"http:\/\/www.segunda-feira.de\/wp-content\/uploads\/2015\/04\/Stufe01.jpg\"><img loading=\"lazy\" decoding=\"async\" class=\"alignnone  wp-image-135\" src=\"http:\/\/www.segunda-feira.de\/wp-content\/uploads\/2015\/04\/Stufe01-300x225.jpg\" alt=\"Stufe01\" width=\"270\" height=\"206\" \/><\/a><a href=\"http:\/\/www.segunda-feira.de\/wp-content\/uploads\/2015\/04\/Stufe02.jpg\"><img loading=\"lazy\" decoding=\"async\" class=\"alignnone  wp-image-136\" src=\"http:\/\/www.segunda-feira.de\/wp-content\/uploads\/2015\/04\/Stufe02-300x225.jpg\" alt=\"Stufe02\" width=\"270\" height=\"206\" \/><\/a><\/p>\n<p><iframe loading=\"lazy\" src=\"http:\/\/www.youtube.com\/embed\/eEvn4KZXBn4?rel=0&amp;modestbranding=1\" width=\"560\" height=\"315\" frameborder=\"0\" allowfullscreen=\"allowfullscreen\"><\/iframe><\/p>\n","protected":false},"excerpt":{"rendered":"<p>K\u00fche auf dieser Welt sind doch alle gleich: Obwohl wir Menschen sie massakrieren, zerfleischen und verzehren, stellen wir keine Gefahr f\u00fcr sie dar. Hunde hingegen haben es schwer bei den Rindern. Im Gegensatz zum Hund war ich \u00fcbrigens \u00fcberhaupt nicht &hellip; <a href=\"http:\/\/www.segunda-feira.de\/?p=134\">Weiterlesen <span class=\"meta-nav\">&rarr;<\/span><\/a><\/p>\n","protected":false},"author":1,"featured_media":0,"comment_status":"open","ping_status":"open","sticky":false,"template":"","format":"standard","meta":{"jetpack_post_was_ever_published":false,"_jetpack_newsletter_access":"","_jetpack_dont_email_post_to_subs":false,"_jetpack_newsletter_tier_id":0,"_jetpack_memberships_contains_paywalled_content":false,"_jetpack_memberships_contains_paid_content":false,"footnotes":"","jetpack_publicize_message":"","jetpack_publicize_feature_enabled":true,"jetpack_social_post_already_shared":false,"jetpack_social_options":{"image_generator_settings":{"template":"highway","default_image_id":0,"font":"","enabled":false},"version":2}},"categories":[1,8],"tags":[],"class_list":["post-134","post","type-post","status-publish","format-standard","hentry","category-allgemein","category-wildlife"],"jetpack_publicize_connections":[],"jetpack_featured_media_url":"","jetpack_sharing_enabled":true,"jetpack_shortlink":"https:\/\/wp.me\/p64WYd-2a","jetpack_likes_enabled":true,"_links":{"self":[{"href":"http:\/\/www.segunda-feira.de\/index.php?rest_route=\/wp\/v2\/posts\/134","targetHints":{"allow":["GET"]}}],"collection":[{"href":"http:\/\/www.segunda-feira.de\/index.php?rest_route=\/wp\/v2\/posts"}],"about":[{"href":"http:\/\/www.segunda-feira.de\/index.php?rest_route=\/wp\/v2\/types\/post"}],"author":[{"embeddable":true,"href":"http:\/\/www.segunda-feira.de\/index.php?rest_route=\/wp\/v2\/users\/1"}],"replies":[{"embeddable":true,"href":"http:\/\/www.segunda-feira.de\/index.php?rest_route=%2Fwp%2Fv2%2Fcomments&post=134"}],"version-history":[{"count":7,"href":"http:\/\/www.segunda-feira.de\/index.php?rest_route=\/wp\/v2\/posts\/134\/revisions"}],"predecessor-version":[{"id":589,"href":"http:\/\/www.segunda-feira.de\/index.php?rest_route=\/wp\/v2\/posts\/134\/revisions\/589"}],"wp:attachment":[{"href":"http:\/\/www.segunda-feira.de\/index.php?rest_route=%2Fwp%2Fv2%2Fmedia&parent=134"}],"wp:term":[{"taxonomy":"category","embeddable":true,"href":"http:\/\/www.segunda-feira.de\/index.php?rest_route=%2Fwp%2Fv2%2Fcategories&post=134"},{"taxonomy":"post_tag","embeddable":true,"href":"http:\/\/www.segunda-feira.de\/index.php?rest_route=%2Fwp%2Fv2%2Ftags&post=134"}],"curies":[{"name":"wp","href":"https:\/\/api.w.org\/{rel}","templated":true}]}}