{"id":1363,"date":"2015-11-08T02:53:47","date_gmt":"2015-11-08T01:53:47","guid":{"rendered":"http:\/\/www.segunda-feira.de\/?p=1363"},"modified":"2015-11-08T09:53:13","modified_gmt":"2015-11-08T08:53:13","slug":"die-hoehe-die-kaelte-die-entfernungen-die-strassen-und-der-zeitdruck-setzen-uns-zu","status":"publish","type":"post","link":"http:\/\/www.segunda-feira.de\/?p=1363","title":{"rendered":"Die H\u00f6he, die K\u00e4lte, die Entfernungen, die Stra\u00dfen und der Zeitdruck setzen uns zu"},"content":{"rendered":"<p>Diese Reise ist noch ein ganzes St\u00fcck weiter davon entfernt, erholsam zu sein, als der Ausflug in den Nordosten Brasiliens.<\/p>\n<p>Da ist zun\u00e4chst einmal die H\u00f6he. La Paz, der Titicacasee, der Salar de Uyuni: Das alles liegt knapp unter 4.000 H\u00f6henmetern. Bei den Fahrten durch das bolivianische Hochland gelangt man nie unter 3.600 Meter, im Gegenteil, man kreuzt mitunter P\u00e4sse, die auf \u00fcber 4.500 Meter f\u00fchren. Man sagt, der K\u00f6rper w\u00fcrde sich mit der Zeit an die H\u00f6he gew\u00f6hnen. Das ist eine M\u00e4r. In Wirklichkeit gew\u00f6hnt man sich an die Kopfschmerzen, die Atemnot, die geschwollenen Schleimh\u00e4ute und den st\u00e4ndigen Durst. Die <a href=\"https:\/\/de.wikipedia.org\/wiki\/H%C3%B6henkrankheit\" target=\"_blank\">H\u00f6henkrankheit <\/a>trifft also nicht nur einige wenige Menschen, sondern bis auf die genetisch angepassten Tibetaner alle, auch die indigenen V\u00f6lker S\u00fcdamerikas. Die Folgen: Katja und Sylvia schmei\u00dfen die ganze Zeit Tabletten, und ich werde s\u00fcchtig von Nasivin. Zudem m\u00fcssen wir st\u00e4ndig pullern wie die Sextaner.<\/p>\n<p>Selbst in der N\u00e4he des \u00c4quators wird es auf 4.000 H\u00f6henmetern nachts empfindlich kalt. Wir campen mindestens jede zweite Nacht. Das bedeutet, die Abende sind kurz, die N\u00e4chte frostig und das Aufstehen bedarf \u00dcberwindung. W\u00e4hrend im Norden Boliviens in dieser Jahreszeit noch Regen, Hagel und Schnee dazukommen, scheint im S\u00fcden des Landes tags\u00fcber noch regelm\u00e4\u00dfig die Sonne und beschert uns immerhin fast T-Shirt-W\u00e4rme.<\/p>\n<p>Die Entfernungen haben wir komplett untersch\u00e4tzt. 1.500 Kilometer in zwei Wochen auf Landstra\u00dfen zu fahren, die teilweise nicht geteert sind, bedeutet, dass man fast jeden Tag unterwegs ist. F\u00fcr Erholung bleibt dabei nicht viel Zeit.<\/p>\n<p>Die Schotter- und Erdpisten zerst\u00f6ren auf Dauer unser Auto. Wir haben das hintere Gummi verloren, das den Auspuff am Wagen h\u00e4lt. Die improvisierte Notl\u00f6sung aus Schlauchschellen und Kabelbindern h\u00e4lt das Rohr zwar in Position, macht aber bei jedem Schlagloch und bei jeder Bodenwelle ein fieses metallisches Ger\u00e4usch. Zudem funktioniert der Motor der Heckscheibe nur noch sporadisch, wir k\u00f6nnen die Heckklappe also nur noch \u00f6ffnen, wenn der Gott der Fensterheber uns wohlgesonnen ist. Die Alternativl\u00f6sung, das Be- und Entladen von innen, ist umst\u00e4ndlich und kr\u00e4ftezehrend.<\/p>\n<p>Am Ende steht noch unser enger Zeitplan der Erholung entgegen. Sylvia muss am Sonntag, den 08. November von Santa Cruz zur\u00fcck nach Brasilia fliegen, und Katja muss ihren R\u00fcckflug am Samstag, den 16. November von Brasilia aus antreten. F\u00fcr Katja und mich liegen zwischen Santa Cruz und Brasilia noch circa 2.000 Kilometer, davon 600 Kilometer Schotterstrecke bis zur Grenze. Wenn alles gut geht, schaffen wir das in vier Tagen.<\/p>\n<p>All diese Faktoren lassen die Stimmung nicht sonderlich in die H\u00f6he steigen. Besonders ich bin mit den Nerven ziemlich runter. Die viele Fahrerei bereits im Vorfeld sowie die Sorge um das Auto lassen mich in einer anderen Dimension reisen. Ich bin jetzt bei circa 12.000 Kilometern in acht Wochen auf zum Teil sehr schlechten Stra\u00dfen angelangt. So etwas mache ich nieeeeeee wieder.<\/p>\n","protected":false},"excerpt":{"rendered":"<p>Diese Reise ist noch ein ganzes St\u00fcck weiter davon entfernt, erholsam zu sein, als der Ausflug in den Nordosten Brasiliens. Da ist zun\u00e4chst einmal die H\u00f6he. La Paz, der Titicacasee, der Salar de Uyuni: Das alles liegt knapp unter 4.000 &hellip; <a href=\"http:\/\/www.segunda-feira.de\/?p=1363\">Weiterlesen <span class=\"meta-nav\">&rarr;<\/span><\/a><\/p>\n","protected":false},"author":1,"featured_media":0,"comment_status":"open","ping_status":"open","sticky":false,"template":"","format":"standard","meta":{"jetpack_post_was_ever_published":false,"_jetpack_newsletter_access":"","_jetpack_dont_email_post_to_subs":false,"_jetpack_newsletter_tier_id":0,"_jetpack_memberships_contains_paywalled_content":false,"_jetpack_memberships_contains_paid_content":false,"footnotes":"","jetpack_publicize_message":"","jetpack_publicize_feature_enabled":true,"jetpack_social_post_already_shared":true,"jetpack_social_options":{"image_generator_settings":{"template":"highway","default_image_id":0,"font":"","enabled":false},"version":2}},"categories":[1,9],"tags":[],"class_list":["post-1363","post","type-post","status-publish","format-standard","hentry","category-allgemein","category-reise-entdeckungen"],"jetpack_publicize_connections":[],"jetpack_featured_media_url":"","jetpack_sharing_enabled":true,"jetpack_shortlink":"https:\/\/wp.me\/p64WYd-lZ","jetpack_likes_enabled":true,"_links":{"self":[{"href":"http:\/\/www.segunda-feira.de\/index.php?rest_route=\/wp\/v2\/posts\/1363","targetHints":{"allow":["GET"]}}],"collection":[{"href":"http:\/\/www.segunda-feira.de\/index.php?rest_route=\/wp\/v2\/posts"}],"about":[{"href":"http:\/\/www.segunda-feira.de\/index.php?rest_route=\/wp\/v2\/types\/post"}],"author":[{"embeddable":true,"href":"http:\/\/www.segunda-feira.de\/index.php?rest_route=\/wp\/v2\/users\/1"}],"replies":[{"embeddable":true,"href":"http:\/\/www.segunda-feira.de\/index.php?rest_route=%2Fwp%2Fv2%2Fcomments&post=1363"}],"version-history":[{"count":2,"href":"http:\/\/www.segunda-feira.de\/index.php?rest_route=\/wp\/v2\/posts\/1363\/revisions"}],"predecessor-version":[{"id":1366,"href":"http:\/\/www.segunda-feira.de\/index.php?rest_route=\/wp\/v2\/posts\/1363\/revisions\/1366"}],"wp:attachment":[{"href":"http:\/\/www.segunda-feira.de\/index.php?rest_route=%2Fwp%2Fv2%2Fmedia&parent=1363"}],"wp:term":[{"taxonomy":"category","embeddable":true,"href":"http:\/\/www.segunda-feira.de\/index.php?rest_route=%2Fwp%2Fv2%2Fcategories&post=1363"},{"taxonomy":"post_tag","embeddable":true,"href":"http:\/\/www.segunda-feira.de\/index.php?rest_route=%2Fwp%2Fv2%2Ftags&post=1363"}],"curies":[{"name":"wp","href":"https:\/\/api.w.org\/{rel}","templated":true}]}}