{"id":1367,"date":"2015-11-12T16:41:32","date_gmt":"2015-11-12T15:41:32","guid":{"rendered":"http:\/\/www.segunda-feira.de\/?p=1367"},"modified":"2015-11-12T17:50:43","modified_gmt":"2015-11-12T16:50:43","slug":"zuhause-ist-es-immer-noch-am-schoensten","status":"publish","type":"post","link":"http:\/\/www.segunda-feira.de\/?p=1367","title":{"rendered":"Zuhause ist es immer noch am sch\u00f6nsten"},"content":{"rendered":"<p>Nach einer \u00dcbernachtung in einem Hotel in Sucre und der Organisation eines Attests bei einem Tierarzt \u00fcber die offensichtliche Gesundheit unseres Hundes f\u00fcr die Einreise nach Brasilien machten wir uns weiter auf den Weg in Richtung Santa Cruz de la Sierra. Sucre ist die Hauptstadt und Santa Cruz mit etwas mehr als einer Millionen Einwohnern die gr\u00f6\u00dfte Stadt Boliviens. Die Orte sind circa 400 Kilometer voneinander entfernt, so dass man meinen k\u00f6nnte, es g\u00e4be regen Austausch zwischen beiden. Doch die schottrigen Passstra\u00dfen sprechen eine andere Sprache. Die improvisierte Auspuffhalterung brauchte Zuwendung und wir zerst\u00f6rten uns das Glas eines Scheinwerfers.<\/p>\n<p><a href=\"http:\/\/www.segunda-feira.de\/wp-content\/uploads\/2015\/11\/Auspuffhalterung-verloren.jpg\"><img loading=\"lazy\" decoding=\"async\" class=\"alignnone size-large wp-image-1368\" src=\"http:\/\/www.segunda-feira.de\/wp-content\/uploads\/2015\/11\/Auspuffhalterung-verloren-1024x682.jpg\" alt=\"Auspuffhalterung verloren\" width=\"584\" height=\"389\" srcset=\"http:\/\/www.segunda-feira.de\/wp-content\/uploads\/2015\/11\/Auspuffhalterung-verloren.jpg 1024w, http:\/\/www.segunda-feira.de\/wp-content\/uploads\/2015\/11\/Auspuffhalterung-verloren-300x200.jpg 300w, http:\/\/www.segunda-feira.de\/wp-content\/uploads\/2015\/11\/Auspuffhalterung-verloren-450x300.jpg 450w\" sizes=\"auto, (max-width: 584px) 100vw, 584px\" \/><\/a><\/p>\n<p>Da wir aufgrund der Stra\u00dfenverh\u00e4ltnisse bis zur Dunkelheit keine 300 Kilometer vorankamen, \u00fcbernachteten wir neben der Stra\u00dfe in einem Kakteenfeld auf 1.400 H\u00f6henmetern. 1.400 H\u00f6henmeter: Das bedeutete keine geschwollenen Schleimh\u00e4ute, keine Kopfschmerzen und kein Frieren beim Aufstehen.<\/p>\n<div class='polaroid-gallery galleryid-1367' style='width:auto;'>\n\t\t\t<a href=\"http:\/\/www.segunda-feira.de\/wp-content\/uploads\/2015\/11\/1400-H\u00f6henmeter-das-erste-Mal-morgens-nicht-frieren-1024x614.jpg\" title=\"1400 H\u00f6henmeter &#8211; das erste Mal morgens nicht frieren\" rel=\"polaroid_192427992\" class=\"polaroid-gallery-item showcaption\"><span class=\"polaroid-gallery-image\" title=\"\" style=\"background-image: url(http:\/\/www.segunda-feira.de\/wp-content\/uploads\/2015\/11\/1400-H\u00f6henmeter-das-erste-Mal-morgens-nicht-frieren-140x140.jpg); width: 140px; height: 140px;\"><\/span><\/a>\n\t\t\t<a href=\"http:\/\/www.segunda-feira.de\/wp-content\/uploads\/2015\/11\/Monsterkaktus-1024x614.jpg\" title=\"Monsterkaktus\" rel=\"polaroid_192427992\" class=\"polaroid-gallery-item showcaption\"><span class=\"polaroid-gallery-image\" title=\"\" style=\"background-image: url(http:\/\/www.segunda-feira.de\/wp-content\/uploads\/2015\/11\/Monsterkaktus-140x140.jpg); width: 140px; height: 140px;\"><\/span><\/a>\n\t\t\t<a href=\"http:\/\/www.segunda-feira.de\/wp-content\/uploads\/2015\/11\/Morgendliche-Idylle-1024x614.jpg\" title=\"Morgendliche Idylle\" rel=\"polaroid_192427992\" class=\"polaroid-gallery-item showcaption\"><span class=\"polaroid-gallery-image\" title=\"\" style=\"background-image: url(http:\/\/www.segunda-feira.de\/wp-content\/uploads\/2015\/11\/Morgendliche-Idylle-140x140.jpg); width: 140px; height: 140px;\"><\/span><\/a>\n\t\t\t<br style=\"clear: both;\" \/><\/div>\n\n<p>In Santa Cruz \u00fcbernachteten wir wieder in einem Hotel und brachten am Sonntagmorgen Sylvia zum Flughafen. Aus Scherz sagte ich zu Sylvia, dass wie durch ein Wunder die Stra\u00dfe entgegen der Informationen aus Wikipedia bis zur brasilianischen Grenze geteert sei und wir uns bereits am Montagabend wiedersehen w\u00fcrden.<\/p>\n<p>Gegen sp\u00e4ten Vormittag fuhren Katja und ich dann auf die Ruta 4, der s\u00fcdlichen Fernstra\u00dfe in Richtung Brasilien. Eingereist war ich \u00fcber die Ruta 10 n\u00f6rdlich von Santa Cruz. Auf dieser Strecke musste ich \u00fcber 700 Kilometer Schotterpiste fahren. In Erwartung \u00e4hnlicher Stra\u00dfenverh\u00e4ltnisse, waren wir v\u00f6llig baff, dass die komplette Strecke bis zur Grenze so aussah:<\/p>\n<p><iframe loading=\"lazy\" src=\"http:\/\/www.youtube.com\/embed\/MylHkribqUo?rel=0&amp;modestbranding=1\" width=\"560\" height=\"315\" frameborder=\"0\" allowfullscreen=\"allowfullscreen\"><\/iframe><\/p>\n<p>Die offensichtliche veraltete Information aus Wikipedia bewog mich das erste Mal im Leben dazu, einen <a href=\"https:\/\/de.wikipedia.org\/wiki\/Ruta_4_%28Bolivien%29\" target=\"_blank\">Wiki-Eintrag<\/a> zu korrigieren. Allerdings m\u00fcssen meine \u00c4nderungen offenbar noch &#8222;gesichtet&#8220; werden, bevor sie allen Nutzern zur Verf\u00fcgung stehen. Ich frage mich, wer das bei Wikipedia \u00fcberpr\u00fcfen will.<\/p>\n<p>Die Grenze nach Brasilien passierten wir bereits am Sonntagabend in der Dunkelheit. Gegen den Formalit\u00e4tenwahn waren wir gut ger\u00fcstet. Wir hatten zu fast allen Tankvorg\u00e4ngen in Bolivien die Rechnungen aufbewahrt, so dass wir nachweisen konnten, immer den dreifach h\u00f6heren &#8222;internationalen&#8220; Preis f\u00fcr den Diesel bezahlt zu haben. F\u00fcr den Hund hatten wir das aktuelle Gesundheitsattest vom Tierarzt. Doch was war? Auf der bolivianischen Seite schaut man kurz in unser Auto und lie\u00df uns ohne Kontrolle der P\u00e4sse passieren. Und auf der brasiliansichen Seite? Nada. Kein einziger Offizieller weit und breit. Wir fuhren einfach durch. Wahrscheinlich war die Policia Federal mal wieder im Streik. Nichts Ungew\u00f6hnliches in Brasilien.<\/p>\n<p>Gegen 02.00 Uhr nachts suchten wir uns kurz vor Campo Grande einen Schlafplatz abseits der Stra\u00dfe. Wir hatten am ersten Tag der R\u00fcckreise bereits fast die H\u00e4lfte der 2.200 Kilometer langen Strecke hinter uns gebracht.<\/p>\n<p>Geweckt durch Hitze und M\u00fccken im brasilianischen Teil des Pantanal machten wir uns recht fr\u00fch wieder auf den Weg. Katja und ich wechselten uns alle drei bis vier Stunden ab und bretterten, gelockt von einem richtigen Bett und dem Pool hinter unserem Haus, \u00fcber gute Stra\u00dfen durch die eint\u00f6nige Cerrado-Landschaft Richtung Brasilia. Entgegen aller vorherigen Erwartungen kamen wir tats\u00e4chlich Montagnacht gegen 01.00 Uhr zuhause an.<\/p>\n<p>Jetzt h\u00e4ngen wir bereits den dritten Tag in den Seilen, k\u00fchlen uns im Pool ab und machen einfach nichts. Selbst der Hund bewegt sich kaum von der Stelle.<\/p>\n","protected":false},"excerpt":{"rendered":"<p>Nach einer \u00dcbernachtung in einem Hotel in Sucre und der Organisation eines Attests bei einem Tierarzt \u00fcber die offensichtliche Gesundheit unseres Hundes f\u00fcr die Einreise nach Brasilien machten wir uns weiter auf den Weg in Richtung Santa Cruz de la &hellip; <a href=\"http:\/\/www.segunda-feira.de\/?p=1367\">Weiterlesen <span class=\"meta-nav\">&rarr;<\/span><\/a><\/p>\n","protected":false},"author":1,"featured_media":0,"comment_status":"open","ping_status":"open","sticky":false,"template":"","format":"standard","meta":{"jetpack_post_was_ever_published":false,"_jetpack_newsletter_access":"","_jetpack_dont_email_post_to_subs":false,"_jetpack_newsletter_tier_id":0,"_jetpack_memberships_contains_paywalled_content":false,"_jetpack_memberships_contains_paid_content":false,"footnotes":"","jetpack_publicize_message":"","jetpack_publicize_feature_enabled":true,"jetpack_social_post_already_shared":true,"jetpack_social_options":{"image_generator_settings":{"template":"highway","default_image_id":0,"font":"","enabled":false},"version":2}},"categories":[1,9],"tags":[],"class_list":["post-1367","post","type-post","status-publish","format-standard","hentry","category-allgemein","category-reise-entdeckungen"],"jetpack_publicize_connections":[],"jetpack_featured_media_url":"","jetpack_sharing_enabled":true,"jetpack_shortlink":"https:\/\/wp.me\/p64WYd-m3","jetpack_likes_enabled":true,"_links":{"self":[{"href":"http:\/\/www.segunda-feira.de\/index.php?rest_route=\/wp\/v2\/posts\/1367","targetHints":{"allow":["GET"]}}],"collection":[{"href":"http:\/\/www.segunda-feira.de\/index.php?rest_route=\/wp\/v2\/posts"}],"about":[{"href":"http:\/\/www.segunda-feira.de\/index.php?rest_route=\/wp\/v2\/types\/post"}],"author":[{"embeddable":true,"href":"http:\/\/www.segunda-feira.de\/index.php?rest_route=\/wp\/v2\/users\/1"}],"replies":[{"embeddable":true,"href":"http:\/\/www.segunda-feira.de\/index.php?rest_route=%2Fwp%2Fv2%2Fcomments&post=1367"}],"version-history":[{"count":8,"href":"http:\/\/www.segunda-feira.de\/index.php?rest_route=\/wp\/v2\/posts\/1367\/revisions"}],"predecessor-version":[{"id":1380,"href":"http:\/\/www.segunda-feira.de\/index.php?rest_route=\/wp\/v2\/posts\/1367\/revisions\/1380"}],"wp:attachment":[{"href":"http:\/\/www.segunda-feira.de\/index.php?rest_route=%2Fwp%2Fv2%2Fmedia&parent=1367"}],"wp:term":[{"taxonomy":"category","embeddable":true,"href":"http:\/\/www.segunda-feira.de\/index.php?rest_route=%2Fwp%2Fv2%2Fcategories&post=1367"},{"taxonomy":"post_tag","embeddable":true,"href":"http:\/\/www.segunda-feira.de\/index.php?rest_route=%2Fwp%2Fv2%2Ftags&post=1367"}],"curies":[{"name":"wp","href":"https:\/\/api.w.org\/{rel}","templated":true}]}}