{"id":1384,"date":"2015-11-21T19:53:53","date_gmt":"2015-11-21T18:53:53","guid":{"rendered":"http:\/\/www.segunda-feira.de\/?p=1384"},"modified":"2015-12-07T19:21:22","modified_gmt":"2015-12-07T18:21:22","slug":"lesen-bildet","status":"publish","type":"post","link":"http:\/\/www.segunda-feira.de\/?p=1384","title":{"rendered":"Lesen bildet"},"content":{"rendered":"<p>Seit neuestem lese ich morgens immer eine Stunde lang brasilianische Online-Zeitschriften, um mein Portugiesisch zu verbessern. Dabei bin ich \u00fcber einen Artikel mit diesem Titel in der Brasilianischen Post gestolpert:<\/p>\n<p><a href=\"http:\/\/www.correiobraziliense.com.br\/app\/noticia\/brasil\/2015\/11\/20\/internas_polbraeco,507510\/sesc-divulga-nota-de-esclarecimento-apos-peca-polemica-com-dedos-no-an.shtml\" target=\"_blank\">Sesc divulga nota de esclarecimento ap\u00f3s pe\u00e7a pol\u00eamica com dedos no \u00e2nus<\/a><\/p>\n<p>\u00dcbersetzt lautet der Titel: &#8222;Der SESC ver\u00f6ffentlicht eine Klarstellung nach einem polemischen St\u00fcck mit Fingern im Anus&#8220;.<\/p>\n<p>&#8222;SESC&#8220; steht f\u00fcr &#8222;Servi\u00e7o Social do Com\u00e9rcio&#8220; und bedeutet soviel wie &#8222;Sozialdienst des Handels&#8220;, einer privaten gemeinn\u00fctzigen brasilianischen Organisation, die von Handels-, Dienstleistungs- und Tourismusunternehmen finanziert wird mit dem Hauptziel, das soziale Wohlbefinden der Angestellten und deren Familien zu verbessern sowie das der allgemeinen \u00d6ffentlichkeit. Das Bet\u00e4tigungsfeld der SESC liegt in den Bereichen Bildung, Gesundheit, Freizeit, Kultur und Soziales.<\/p>\n<p>Was war geschehen? Im Rahmen einer j\u00e4hrlichen einw\u00f6chigen Veranstaltung namens &#8222;Mostra SESC Cariri de Culturas&#8220; (\u00fcbersetzt: Kulturelle SESC-Ausstellung der Region Cariri, oder so \u00e4hnlich) wurde ein Performance namens &#8222;Macaquinhos&#8220; (frei \u00fcbersetzt: \u00c4ffchen) basierend auf dem Buch &#8222;Das brasilianische Volk&#8220; des Autors Darcy Ribeiro aufgef\u00fchrt, in der acht nackte M\u00e4nner und Frauen im Kreis laufen und sich dabei gegenseitig den Finger in den Popo stecken. Das Ganze h\u00e4tte wohl kaum Aufsehen erregt, wenn nicht jemand im Publikum so geistesgegenw\u00e4rtig gewesen w\u00e4re, die Szene mit seinem Smartphone zu filmen und auf Youtube zu stellen.<\/p>\n<p>Vermutlich um rechtliche Schritte gegen die Veranstaltung vorzubeugen hat die Leitung der Veranstaltung nun eine Klarstellung ver\u00f6ffentlicht, die \u00fcbersetzt wie folgt lautet:<\/p>\n<p><em>Der SESC, eine durch die Handelsgesellschaften unterhaltene private Einrichtung, stellt hiermit \u00f6ffentlich klar, dass die 17. Durchf\u00fchrung der &#8222;Mostra SESC Cariri de Culturas&#8220; in 28 Gemeinden der Region Cariri den kostenlosen Zugang zu Kultur mit\u00a0 unterschiedlichsten Ausstellungen f\u00f6rdert. Dieses Jahr hatten mehr als 200.000 Menschen Zugang zu 127 Auff\u00fchrungen, welche in g\u00e4nzlicher und voller Autonomie ausgesucht wurden anhand der in der Auschreibung der Kuratorengruppe festgelegten Kriterien. Dem SESC obliegt es gem\u00e4\u00df der brasilianischen Verfassung nicht, irgendeine Art der Zensur auszu\u00fcben.<\/em><\/p>\n<p><em>In Bezug auf die Pr\u00e4sentation &#8222;\u00c4ffchen&#8220;, basierend auf dem Buch &#8222;Das brasilianische Volk&#8220; von Darcy Ribeiro, macht der SESC deutlich, dass er sich versichert hat, dass nur die interessierte \u00d6ffentlichkeit Zugang zu der betreffenden Auff\u00fchrung hatte. So wurden alle Informationen im Vorfeld zur Verf\u00fcgung gestellt, eine Klassifizierung auf 18 Jahre wurde festgelegt und die Zeit f\u00fcr die Pr\u00e4sentation auf 23 Uhr gelegt, Zugang nur mit Vorlage des Ausweises.<\/em><\/p>\n<p><em>Der SESC hat weiterhin Vorsorge getroffen, keinerlei Bilder der Auff\u00fchrung zu ver\u00f6ffentlichen in dem Sinne, dass Menschen au\u00dferhalb der festgelegten Altersgruppe einen Zugang zu den Inhalten haben sollten. Der SESC unterst\u00fctzt nicht die Ver\u00f6ffentlichung der Auff\u00fchrung und lehnt deren Verbreitung in sozialen Netzwerken ab.<\/em><\/p>\n<p><em>Der SESC erf\u00fcllt damit seine Pflicht zur Wahrung des k\u00fcnstlerischen Schaffens bez\u00fcglich der Vielf\u00e4ltigkeit und der Formung des kritischen und autonomen Bewusstseins.<\/em><\/p>\n<p><em>Die Leitung der Mostra SESC Cariri de Culturas<\/em><\/p>\n<p>Ich dachte, nur die Deutschen k\u00f6nnten so herrlich gestelzt formulieren, wenn es darum geht, die Quadratur des Kreises zu erkl\u00e4ren. Im Originaltext waren die S\u00e4tze sogar noch verschachtelter, so dass eine direkte \u00dcbersetzung kaum Sinn ergeben h\u00e4tte.<\/p>\n<p>Was ist die Nachricht der Klarstellung? Vordergr\u00fcndig: K\u00fcnstlerische Freiheit ist per Gesetz unantastbar und der Veranstalter hat alles unternommen, um den Jugendschutz zu gew\u00e4hrleisten. Und die eigentliche Nachricht: Wir haben Angst, dass man uns anzeigt und dass uns der Geldhahn zugedreht wird.<\/p>\n<p>Als ob k\u00fcnstlerische Freiheit tats\u00e4chlich unantastbar ist! Diejenigen, welche die Kunst finanzieren, haben immer das letzte Wort. Die \u00f6ffentliche Stellungnahme der Veranstaltungsleitung ist der Beweis, dass selbst sie nicht an die k\u00fcnstlerische Freiheit glaubt, sonst w\u00fcrde sie sich nicht in dieser Form rechtfertigen. Ich bin mir sicher, dass im n\u00e4chsten Jahr eine derartige Auff\u00fchrung nicht stattfinden wird und wenn doch, dann werden mit Sicherheit vorher alle Kameras und Smartphones eingesammelt.<\/p>\n","protected":false},"excerpt":{"rendered":"<p>Seit neuestem lese ich morgens immer eine Stunde lang brasilianische Online-Zeitschriften, um mein Portugiesisch zu verbessern. Dabei bin ich \u00fcber einen Artikel mit diesem Titel in der Brasilianischen Post gestolpert: Sesc divulga nota de esclarecimento ap\u00f3s pe\u00e7a pol\u00eamica com dedos &hellip; <a href=\"http:\/\/www.segunda-feira.de\/?p=1384\">Weiterlesen <span class=\"meta-nav\">&rarr;<\/span><\/a><\/p>\n","protected":false},"author":1,"featured_media":0,"comment_status":"open","ping_status":"open","sticky":false,"template":"","format":"standard","meta":{"jetpack_post_was_ever_published":false,"_jetpack_newsletter_access":"","_jetpack_dont_email_post_to_subs":false,"_jetpack_newsletter_tier_id":0,"_jetpack_memberships_contains_paywalled_content":false,"_jetpack_memberships_contains_paid_content":false,"footnotes":"","jetpack_publicize_message":"","jetpack_publicize_feature_enabled":true,"jetpack_social_post_already_shared":true,"jetpack_social_options":{"image_generator_settings":{"template":"highway","default_image_id":0,"font":"","enabled":false},"version":2}},"categories":[1,15],"tags":[],"class_list":["post-1384","post","type-post","status-publish","format-standard","hentry","category-allgemein","category-alltag"],"jetpack_publicize_connections":[],"jetpack_featured_media_url":"","jetpack_sharing_enabled":true,"jetpack_shortlink":"https:\/\/wp.me\/p64WYd-mk","jetpack_likes_enabled":true,"_links":{"self":[{"href":"http:\/\/www.segunda-feira.de\/index.php?rest_route=\/wp\/v2\/posts\/1384","targetHints":{"allow":["GET"]}}],"collection":[{"href":"http:\/\/www.segunda-feira.de\/index.php?rest_route=\/wp\/v2\/posts"}],"about":[{"href":"http:\/\/www.segunda-feira.de\/index.php?rest_route=\/wp\/v2\/types\/post"}],"author":[{"embeddable":true,"href":"http:\/\/www.segunda-feira.de\/index.php?rest_route=\/wp\/v2\/users\/1"}],"replies":[{"embeddable":true,"href":"http:\/\/www.segunda-feira.de\/index.php?rest_route=%2Fwp%2Fv2%2Fcomments&post=1384"}],"version-history":[{"count":4,"href":"http:\/\/www.segunda-feira.de\/index.php?rest_route=\/wp\/v2\/posts\/1384\/revisions"}],"predecessor-version":[{"id":1388,"href":"http:\/\/www.segunda-feira.de\/index.php?rest_route=\/wp\/v2\/posts\/1384\/revisions\/1388"}],"wp:attachment":[{"href":"http:\/\/www.segunda-feira.de\/index.php?rest_route=%2Fwp%2Fv2%2Fmedia&parent=1384"}],"wp:term":[{"taxonomy":"category","embeddable":true,"href":"http:\/\/www.segunda-feira.de\/index.php?rest_route=%2Fwp%2Fv2%2Fcategories&post=1384"},{"taxonomy":"post_tag","embeddable":true,"href":"http:\/\/www.segunda-feira.de\/index.php?rest_route=%2Fwp%2Fv2%2Ftags&post=1384"}],"curies":[{"name":"wp","href":"https:\/\/api.w.org\/{rel}","templated":true}]}}