{"id":1452,"date":"2015-12-22T20:14:54","date_gmt":"2015-12-22T19:14:54","guid":{"rendered":"http:\/\/www.segunda-feira.de\/?p=1452"},"modified":"2019-06-23T12:27:46","modified_gmt":"2019-06-23T10:27:46","slug":"weihnachten-2015","status":"publish","type":"post","link":"http:\/\/www.segunda-feira.de\/?p=1452","title":{"rendered":"Weihnachten 2015"},"content":{"rendered":"<p><img loading=\"lazy\" decoding=\"async\" class=\"alignnone size-large wp-image-1453\" src=\"http:\/\/www.segunda-feira.de\/wp-content\/uploads\/2015\/12\/Dramatischer-Himmel-1024x614.jpg\" alt=\"Dramatischer Himmel\" width=\"584\" height=\"350\" srcset=\"http:\/\/www.segunda-feira.de\/wp-content\/uploads\/2015\/12\/Dramatischer-Himmel.jpg 1024w, http:\/\/www.segunda-feira.de\/wp-content\/uploads\/2015\/12\/Dramatischer-Himmel-300x180.jpg 300w, http:\/\/www.segunda-feira.de\/wp-content\/uploads\/2015\/12\/Dramatischer-Himmel-768x461.jpg 768w, http:\/\/www.segunda-feira.de\/wp-content\/uploads\/2015\/12\/Dramatischer-Himmel-500x300.jpg 500w\" sizes=\"auto, (max-width: 584px) 100vw, 584px\" \/><\/p>\n<p>Weihnachtsgef\u00fchle kommen hier in Brasilia bei tags\u00fcber ungef\u00e4hr 30 Grad im Schatten kaum auf. Hier ist Hochsommer. In den N\u00e4chten ist es teilweise so warm, dass ich den Ventilator durchlaufen lasse.<\/p>\n<p>Wenigstens hat die Regenzeit jetzt begonnen. Es regnet fast jeden Nachmittag und manchmal nachts. Die kleinen B\u00e4che, die in der Trockenzeit vollkommen wasserlos waren, verwandeln sich nach einem Regenguss in rei\u00dfende Str\u00f6me.<\/p>\n<p>Nevertheless, ich w\u00fcnsche allen Leserinnen und Lesern meines Blogs geruhsame Tage und einen sch\u00f6nen Jahresanfang.<\/p>\n","protected":false},"excerpt":{"rendered":"<p>Weihnachtsgef\u00fchle kommen hier in Brasilia bei tags\u00fcber ungef\u00e4hr 30 Grad im Schatten kaum auf. Hier ist Hochsommer. In den N\u00e4chten ist es teilweise so warm, dass ich den Ventilator durchlaufen lasse. Wenigstens hat die Regenzeit jetzt begonnen. Es regnet fast &hellip; <a href=\"http:\/\/www.segunda-feira.de\/?p=1452\">Weiterlesen <span class=\"meta-nav\">&rarr;<\/span><\/a><\/p>\n","protected":false},"author":1,"featured_media":0,"comment_status":"open","ping_status":"open","sticky":false,"template":"","format":"standard","meta":{"jetpack_post_was_ever_published":false,"_jetpack_newsletter_access":"","_jetpack_dont_email_post_to_subs":false,"_jetpack_newsletter_tier_id":0,"_jetpack_memberships_contains_paywalled_content":false,"_jetpack_memberships_contains_paid_content":false,"footnotes":"","jetpack_publicize_message":"","jetpack_publicize_feature_enabled":true,"jetpack_social_post_already_shared":true,"jetpack_social_options":{"image_generator_settings":{"template":"highway","default_image_id":0,"font":"","enabled":false},"version":2}},"categories":[1,15],"tags":[],"class_list":["post-1452","post","type-post","status-publish","format-standard","hentry","category-allgemein","category-alltag"],"jetpack_publicize_connections":[],"jetpack_featured_media_url":"","jetpack_sharing_enabled":true,"jetpack_shortlink":"https:\/\/wp.me\/p64WYd-nq","jetpack_likes_enabled":true,"_links":{"self":[{"href":"http:\/\/www.segunda-feira.de\/index.php?rest_route=\/wp\/v2\/posts\/1452","targetHints":{"allow":["GET"]}}],"collection":[{"href":"http:\/\/www.segunda-feira.de\/index.php?rest_route=\/wp\/v2\/posts"}],"about":[{"href":"http:\/\/www.segunda-feira.de\/index.php?rest_route=\/wp\/v2\/types\/post"}],"author":[{"embeddable":true,"href":"http:\/\/www.segunda-feira.de\/index.php?rest_route=\/wp\/v2\/users\/1"}],"replies":[{"embeddable":true,"href":"http:\/\/www.segunda-feira.de\/index.php?rest_route=%2Fwp%2Fv2%2Fcomments&post=1452"}],"version-history":[{"count":2,"href":"http:\/\/www.segunda-feira.de\/index.php?rest_route=\/wp\/v2\/posts\/1452\/revisions"}],"predecessor-version":[{"id":2411,"href":"http:\/\/www.segunda-feira.de\/index.php?rest_route=\/wp\/v2\/posts\/1452\/revisions\/2411"}],"wp:attachment":[{"href":"http:\/\/www.segunda-feira.de\/index.php?rest_route=%2Fwp%2Fv2%2Fmedia&parent=1452"}],"wp:term":[{"taxonomy":"category","embeddable":true,"href":"http:\/\/www.segunda-feira.de\/index.php?rest_route=%2Fwp%2Fv2%2Fcategories&post=1452"},{"taxonomy":"post_tag","embeddable":true,"href":"http:\/\/www.segunda-feira.de\/index.php?rest_route=%2Fwp%2Fv2%2Ftags&post=1452"}],"curies":[{"name":"wp","href":"https:\/\/api.w.org\/{rel}","templated":true}]}}