{"id":1479,"date":"2015-12-30T17:07:59","date_gmt":"2015-12-30T16:07:59","guid":{"rendered":"http:\/\/www.segunda-feira.de\/?p=1479"},"modified":"2015-12-30T18:23:27","modified_gmt":"2015-12-30T17:23:27","slug":"the-making-of","status":"publish","type":"post","link":"http:\/\/www.segunda-feira.de\/?p=1479","title":{"rendered":"The Making of&#8230;"},"content":{"rendered":"<p>Bei der Recherche zu der Geschichte &#8222;<a href=\"http:\/\/www.segunda-feira.de\/?page_id=1425\">Ein Versicherungsfall<\/a>&#8220; bin ich immer wieder \u00fcber interessante und kuriose Quellen gestolpert.<\/p>\n<p>Zur Machbarkeit eines Weltraumaufzuges fand ich zum Beispiel diesen Bericht \u00fcber eine von der NASA finanzierte Studie, in der bis auf Detailebene die Konstruktion eines Aufzuges in den Erdorbit beschrieben wird: <a href=\"http:\/\/www.niac.usra.edu\/files\/studies\/final_report\/521Edwards.pdf\" target=\"_blank\">http:\/\/www.niac.usra.edu\/files\/studies\/final_report\/521Edwards.pdf<\/a>.<\/p>\n<p>Zur potentiellen Gefahr von Kohlenstoffnanor\u00f6hren f\u00fcr die menschliche Gesundheit stie\u00df ich auf diese Quelle: <a href=\"http:\/\/www.nzz.ch\/nanoroehrchen-asbest-lungen-1.3925425\" target=\"_blank\">http:\/\/www.nzz.ch\/nanoroehrchen-asbest-lungen-1.3925425<\/a>.<\/p>\n<p>Eine Beschreibung des sich im Bau befindlichen Belo-Monte-Wasserkraftwerkes befindet sich hier: <a href=\"https:\/\/de.wikipedia.org\/wiki\/Belo-Monte-Wasserkraftwerk\" target=\"_blank\">https:\/\/de.wikipedia.org\/wiki\/Belo-Monte-Wasserkraftwerk<\/a>.<\/p>\n<p>Die immense Gr\u00f6\u00dfe und die Auswirkungen dieses Bauwerks, das mit seinen 11 Gigawatt Energie f\u00fcr den weltweit gr\u00f6\u00dften Eisenerzabbau im 500 Kilometer weiter s\u00fcdlich gelegenen <a href=\"https:\/\/en.wikipedia.org\/wiki\/Caraj%C3%A1s_Mine\" target=\"_blank\">Caraj\u00e1s <\/a>liefern soll, wird jedoch erst deutlich, wenn man sich die <a href=\"https:\/\/www.google.com.br\/search?q=belo+monte&amp;biw=1366&amp;bih=618&amp;source=lnms&amp;tbm=isch&amp;sa=X&amp;ved=0ahUKEwjy_KyB64PKAhVKhZAKHbe2AKgQ_AUIBygB\" target=\"_blank\">Bilder <\/a>dazu ansieht. Hier eine <a href=\"http:\/\/2.bp.blogspot.com\/-56QtmykxWTM\/TsgOYg3Kx2I\/AAAAAAAAAek\/Ial4fNblSCs\/s1600\/Mapa+Belo+Monte.jpg\" target=\"_blank\">Darstellung<\/a>, wie der Rio Xingu f\u00fcr die Energieerzeugung umgeleitet wird.<\/p>\n<p>Hinter dem Belo-Monte-Staudamm sowie dem Eisenerzabbau in Caraj\u00e1s steht das Unternehmen <a href=\"https:\/\/de.wikipedia.org\/wiki\/Vale_%28Unternehmen%29\" target=\"_blank\">Vale<\/a>, eines der drei gr\u00f6\u00dften Bergbauunternehmen der Welt sowie der gr\u00f6\u00dfte Eisenerzexporteur der Welt. Vale ist \u00fcbrigens auch mitverantwortlich f\u00fcr die <a href=\"http:\/\/www.zeit.de\/wissen\/umwelt\/2015-12\/rio-doce-brasilien-umweltkatastrophe-dammbruch\" target=\"_blank\">Umweltkatastrophe am Rio Doce<\/a>, auch wenn das Unternehmen vehement versucht, sich aus der Aff\u00e4re zu ziehen.<\/p>\n<p>Absolut geflasht war ich jedoch von diesen Amateuraufnahmen von Kontakten mit in Isolation lebenden Indios im brasilianischen Bundesstaat Acre:<\/p>\n<ul>\n<li><a href=\"https:\/\/www.youtube.com\/watch?v=Sb7alahD-BE\" target=\"_blank\">https:\/\/www.youtube.com\/watch?v=Sb7alahD-BE<\/a><\/li>\n<li><a href=\"https:\/\/www.youtube.com\/watch?v=ETVNl4_IzHY\" target=\"_blank\">https:\/\/www.youtube.com\/watch?v=ETVNl4_IzHY<\/a><\/li>\n<\/ul>\n<p>Eines ist mir dabei klargeworden: Man muss nicht zu fernen Sternen reisen, um fremdes intelligentes Leben kennenzulernen. Ich habe mir die Videos mehrmals angesehen, um die Gestik der Indios zu verstehen. Ich denke, man muss kein Anthropologe sein, um zu erkennen, dass die Indios aufgeregt sind. Ihr Verhalten ist eine Mixtur aus Neugier und Drohung. Gro\u00dfe Interesse zeigen die Nativen an Kleidung und Waffen. Zugleich drohen sie, indem sie mit ihren Speeren und Macheten hantieren.<\/p>\n<p>Leider kann ich diese Rechercheergebnisse nicht verwenden. Die Indios in meiner Geschichte sind bereits mit Menschen in Kontakt gekommen.<\/p>\n<p>V\u00f6llig off topic, daf\u00fcr aber \u00e4u\u00dferst spektakul\u00e4r, ist die <a href=\"https:\/\/de.wikipedia.org\/wiki\/Pororoca\" target=\"_blank\">Pororoca<\/a>, eine Flutwelle, die bis zu 800 Kilometer den Amazonas flussaufw\u00e4rts durchl\u00e4uft. Und nat\u00fcrlich kann man darauf surfen: <a href=\"https:\/\/www.youtube.com\/watch?v=uyNcqrSaPVo\" target=\"_blank\">https:\/\/www.youtube.com\/watch?v=uyNcqrSaPVo<\/a>.<\/p>\n","protected":false},"excerpt":{"rendered":"<p>Bei der Recherche zu der Geschichte &#8222;Ein Versicherungsfall&#8220; bin ich immer wieder \u00fcber interessante und kuriose Quellen gestolpert. Zur Machbarkeit eines Weltraumaufzuges fand ich zum Beispiel diesen Bericht \u00fcber eine von der NASA finanzierte Studie, in der bis auf Detailebene &hellip; <a href=\"http:\/\/www.segunda-feira.de\/?p=1479\">Weiterlesen <span class=\"meta-nav\">&rarr;<\/span><\/a><\/p>\n","protected":false},"author":1,"featured_media":0,"comment_status":"open","ping_status":"open","sticky":false,"template":"","format":"standard","meta":{"jetpack_post_was_ever_published":false,"_jetpack_newsletter_access":"","_jetpack_dont_email_post_to_subs":false,"_jetpack_newsletter_tier_id":0,"_jetpack_memberships_contains_paywalled_content":false,"_jetpack_memberships_contains_paid_content":false,"footnotes":"","jetpack_publicize_message":"","jetpack_publicize_feature_enabled":true,"jetpack_social_post_already_shared":true,"jetpack_social_options":{"image_generator_settings":{"template":"highway","default_image_id":0,"font":"","enabled":false},"version":2}},"categories":[1,17],"tags":[],"class_list":["post-1479","post","type-post","status-publish","format-standard","hentry","category-allgemein","category-literatur"],"jetpack_publicize_connections":[],"jetpack_featured_media_url":"","jetpack_sharing_enabled":true,"jetpack_shortlink":"https:\/\/wp.me\/p64WYd-nR","jetpack_likes_enabled":true,"_links":{"self":[{"href":"http:\/\/www.segunda-feira.de\/index.php?rest_route=\/wp\/v2\/posts\/1479","targetHints":{"allow":["GET"]}}],"collection":[{"href":"http:\/\/www.segunda-feira.de\/index.php?rest_route=\/wp\/v2\/posts"}],"about":[{"href":"http:\/\/www.segunda-feira.de\/index.php?rest_route=\/wp\/v2\/types\/post"}],"author":[{"embeddable":true,"href":"http:\/\/www.segunda-feira.de\/index.php?rest_route=\/wp\/v2\/users\/1"}],"replies":[{"embeddable":true,"href":"http:\/\/www.segunda-feira.de\/index.php?rest_route=%2Fwp%2Fv2%2Fcomments&post=1479"}],"version-history":[{"count":3,"href":"http:\/\/www.segunda-feira.de\/index.php?rest_route=\/wp\/v2\/posts\/1479\/revisions"}],"predecessor-version":[{"id":1483,"href":"http:\/\/www.segunda-feira.de\/index.php?rest_route=\/wp\/v2\/posts\/1479\/revisions\/1483"}],"wp:attachment":[{"href":"http:\/\/www.segunda-feira.de\/index.php?rest_route=%2Fwp%2Fv2%2Fmedia&parent=1479"}],"wp:term":[{"taxonomy":"category","embeddable":true,"href":"http:\/\/www.segunda-feira.de\/index.php?rest_route=%2Fwp%2Fv2%2Fcategories&post=1479"},{"taxonomy":"post_tag","embeddable":true,"href":"http:\/\/www.segunda-feira.de\/index.php?rest_route=%2Fwp%2Fv2%2Ftags&post=1479"}],"curies":[{"name":"wp","href":"https:\/\/api.w.org\/{rel}","templated":true}]}}