{"id":1499,"date":"2016-01-06T01:16:37","date_gmt":"2016-01-06T00:16:37","guid":{"rendered":"http:\/\/www.segunda-feira.de\/?p=1499"},"modified":"2016-01-07T21:27:22","modified_gmt":"2016-01-07T20:27:22","slug":"dinner-for-one","status":"publish","type":"post","link":"http:\/\/www.segunda-feira.de\/?p=1499","title":{"rendered":"Dinner for One"},"content":{"rendered":"<p>Ich wollte schon immer wissen, wie ein Engl\u00e4nder auf &#8222;Dinner for One&#8220; reagiert. Mein letztes Silvester habe ich mit einem Engl\u00e4nder verbracht. Nicht mit irgendeinem, sondern mit unserem Nachbarn Jamie &#8211; ein Typ, als k\u00e4me er aus einem Guy Ritchie-Film.<\/p>\n<p><img loading=\"lazy\" decoding=\"async\" class=\"alignnone size-large wp-image-1503\" src=\"http:\/\/www.segunda-feira.de\/wp-content\/uploads\/2016\/01\/Jamie-1-1024x769.jpg\" alt=\"Jamie\" width=\"584\" height=\"439\" srcset=\"http:\/\/www.segunda-feira.de\/wp-content\/uploads\/2016\/01\/Jamie-1.jpg 1024w, http:\/\/www.segunda-feira.de\/wp-content\/uploads\/2016\/01\/Jamie-1-300x225.jpg 300w, http:\/\/www.segunda-feira.de\/wp-content\/uploads\/2016\/01\/Jamie-1-768x577.jpg 768w, http:\/\/www.segunda-feira.de\/wp-content\/uploads\/2016\/01\/Jamie-1-399x300.jpg 399w\" sizes=\"auto, (max-width: 584px) 100vw, 584px\" \/><\/p>\n<p>Die Frage ist nun:<\/p>\n<ol>\n<li>Lacht er sich kaputt?<\/li>\n<li>Findet er die Sendung langweilig?<\/li>\n<li>Erkennt er seinen Gro\u00dfvater in dem Darsteller, der den Butler James spielt, und tanzt er dann auf dem Tisch, weil er erst jetzt erf\u00e4hrt, dass sein Gro\u00dfvater seit Jahrzehnten eine Ber\u00fchmtheit in Deutschland ist?<\/li>\n<\/ol>\n","protected":false},"excerpt":{"rendered":"<p>Ich wollte schon immer wissen, wie ein Engl\u00e4nder auf &#8222;Dinner for One&#8220; reagiert. Mein letztes Silvester habe ich mit einem Engl\u00e4nder verbracht. Nicht mit irgendeinem, sondern mit unserem Nachbarn Jamie &#8211; ein Typ, als k\u00e4me er aus einem Guy Ritchie-Film. &hellip; <a href=\"http:\/\/www.segunda-feira.de\/?p=1499\">Weiterlesen <span class=\"meta-nav\">&rarr;<\/span><\/a><\/p>\n","protected":false},"author":1,"featured_media":0,"comment_status":"open","ping_status":"open","sticky":false,"template":"","format":"standard","meta":{"jetpack_post_was_ever_published":false,"_jetpack_newsletter_access":"","_jetpack_dont_email_post_to_subs":false,"_jetpack_newsletter_tier_id":0,"_jetpack_memberships_contains_paywalled_content":false,"_jetpack_memberships_contains_paid_content":false,"footnotes":"","jetpack_publicize_message":"","jetpack_publicize_feature_enabled":true,"jetpack_social_post_already_shared":true,"jetpack_social_options":{"image_generator_settings":{"template":"highway","default_image_id":0,"font":"","enabled":false},"version":2}},"categories":[1,9],"tags":[],"class_list":["post-1499","post","type-post","status-publish","format-standard","hentry","category-allgemein","category-reise-entdeckungen"],"jetpack_publicize_connections":[],"jetpack_featured_media_url":"","jetpack_sharing_enabled":true,"jetpack_shortlink":"https:\/\/wp.me\/p64WYd-ob","jetpack_likes_enabled":true,"_links":{"self":[{"href":"http:\/\/www.segunda-feira.de\/index.php?rest_route=\/wp\/v2\/posts\/1499","targetHints":{"allow":["GET"]}}],"collection":[{"href":"http:\/\/www.segunda-feira.de\/index.php?rest_route=\/wp\/v2\/posts"}],"about":[{"href":"http:\/\/www.segunda-feira.de\/index.php?rest_route=\/wp\/v2\/types\/post"}],"author":[{"embeddable":true,"href":"http:\/\/www.segunda-feira.de\/index.php?rest_route=\/wp\/v2\/users\/1"}],"replies":[{"embeddable":true,"href":"http:\/\/www.segunda-feira.de\/index.php?rest_route=%2Fwp%2Fv2%2Fcomments&post=1499"}],"version-history":[{"count":5,"href":"http:\/\/www.segunda-feira.de\/index.php?rest_route=\/wp\/v2\/posts\/1499\/revisions"}],"predecessor-version":[{"id":1507,"href":"http:\/\/www.segunda-feira.de\/index.php?rest_route=\/wp\/v2\/posts\/1499\/revisions\/1507"}],"wp:attachment":[{"href":"http:\/\/www.segunda-feira.de\/index.php?rest_route=%2Fwp%2Fv2%2Fmedia&parent=1499"}],"wp:term":[{"taxonomy":"category","embeddable":true,"href":"http:\/\/www.segunda-feira.de\/index.php?rest_route=%2Fwp%2Fv2%2Fcategories&post=1499"},{"taxonomy":"post_tag","embeddable":true,"href":"http:\/\/www.segunda-feira.de\/index.php?rest_route=%2Fwp%2Fv2%2Ftags&post=1499"}],"curies":[{"name":"wp","href":"https:\/\/api.w.org\/{rel}","templated":true}]}}