{"id":1529,"date":"2016-01-20T22:50:20","date_gmt":"2016-01-20T21:50:20","guid":{"rendered":"http:\/\/www.segunda-feira.de\/?p=1529"},"modified":"2016-01-20T22:52:35","modified_gmt":"2016-01-20T21:52:35","slug":"eifelwetter-2","status":"publish","type":"post","link":"http:\/\/www.segunda-feira.de\/?p=1529","title":{"rendered":"Eifelwetter"},"content":{"rendered":"<p>Nebel, Nieselregen und Eifelwetter bei 25 Grad.<\/p>\n<div class='polaroid-gallery galleryid-1529' style='width:auto;'>\n\t\t\t<a href=\"http:\/\/www.segunda-feira.de\/wp-content\/uploads\/2016\/01\/Eifelwetter-1024x614.jpg\" title=\"Eifelwetter\" rel=\"polaroid_273854786\" class=\"polaroid-gallery-item showcaption\"><span class=\"polaroid-gallery-image\" title=\"\" style=\"background-image: url(http:\/\/www.segunda-feira.de\/wp-content\/uploads\/2016\/01\/Eifelwetter-140x140.jpg); width: 140px; height: 140px;\"><\/span><\/a>\n\t\t\t<a href=\"http:\/\/www.segunda-feira.de\/wp-content\/uploads\/2016\/01\/Nebel-1024x614.jpg\" title=\"Nebel\" rel=\"polaroid_273854786\" class=\"polaroid-gallery-item showcaption\"><span class=\"polaroid-gallery-image\" title=\"\" style=\"background-image: url(http:\/\/www.segunda-feira.de\/wp-content\/uploads\/2016\/01\/Nebel-140x140.jpg); width: 140px; height: 140px;\"><\/span><\/a>\n\t\t\t<a href=\"http:\/\/www.segunda-feira.de\/wp-content\/uploads\/2016\/01\/Nieselregen-1024x614.jpg\" title=\"Nieselregen\" rel=\"polaroid_273854786\" class=\"polaroid-gallery-item showcaption\"><span class=\"polaroid-gallery-image\" title=\"\" style=\"background-image: url(http:\/\/www.segunda-feira.de\/wp-content\/uploads\/2016\/01\/Nieselregen-140x140.jpg); width: 140px; height: 140px;\"><\/span><\/a>\n\t\t\t<br style=\"clear: both;\" \/><\/div>\n\n<p>Seit Anfang Januar l\u00e4sst sich die Sonne kaum noch blicken. Die relative Luftfeuchtigkeit liegt bei 80 Prozent, und da die Temperaturen relativ hoch sind, ist auch die absolute Menge des in der Luft gebundenen Wassers sehr hoch. Den Schimmel freut&#8217;s. Auch die M\u00fccken f\u00fchlen sich in diesem Klima pudelwohl. Die Wetterlage ist typisch f\u00fcr die Regenzeit und bleibt nach den Aussagen meiner brasilianischen Nachbarn und Wanderkollegen f\u00fcr einen Monat stabil. Dann nimmt die st\u00e4ndige Bew\u00f6lkung wieder ab und die Sonne scheint regelm\u00e4\u00dfig.<\/p>\n<p>Die vielen Niederschl\u00e4ge ver\u00e4ndern auch die Wasserl\u00e4ufe dramatisch. Rinnsale, die in der Trockenzeit komplett austrocknen, mutieren zu Hindernissen, die f\u00fcr Kleintiere bereits ein Problem darstellen.<\/p>\n<p><iframe loading=\"lazy\" src=\"http:\/\/www.youtube.com\/embed\/ThDqqu1rbis?rel=0&amp;modestbranding=1\" width=\"560\" height=\"315\" frameborder=\"0\" allowfullscreen=\"allowfullscreen\"><\/iframe><\/p>\n","protected":false},"excerpt":{"rendered":"<p>Nebel, Nieselregen und Eifelwetter bei 25 Grad. Seit Anfang Januar l\u00e4sst sich die Sonne kaum noch blicken. Die relative Luftfeuchtigkeit liegt bei 80 Prozent, und da die Temperaturen relativ hoch sind, ist auch die absolute Menge des in der Luft &hellip; <a href=\"http:\/\/www.segunda-feira.de\/?p=1529\">Weiterlesen <span class=\"meta-nav\">&rarr;<\/span><\/a><\/p>\n","protected":false},"author":1,"featured_media":0,"comment_status":"open","ping_status":"open","sticky":false,"template":"","format":"standard","meta":{"jetpack_post_was_ever_published":false,"_jetpack_newsletter_access":"","_jetpack_dont_email_post_to_subs":false,"_jetpack_newsletter_tier_id":0,"_jetpack_memberships_contains_paywalled_content":false,"_jetpack_memberships_contains_paid_content":false,"footnotes":"","jetpack_publicize_message":"","jetpack_publicize_feature_enabled":true,"jetpack_social_post_already_shared":true,"jetpack_social_options":{"image_generator_settings":{"template":"highway","default_image_id":0,"font":"","enabled":false},"version":2}},"categories":[1,15],"tags":[],"class_list":["post-1529","post","type-post","status-publish","format-standard","hentry","category-allgemein","category-alltag"],"jetpack_publicize_connections":[],"jetpack_featured_media_url":"","jetpack_sharing_enabled":true,"jetpack_shortlink":"https:\/\/wp.me\/p64WYd-oF","jetpack_likes_enabled":true,"_links":{"self":[{"href":"http:\/\/www.segunda-feira.de\/index.php?rest_route=\/wp\/v2\/posts\/1529","targetHints":{"allow":["GET"]}}],"collection":[{"href":"http:\/\/www.segunda-feira.de\/index.php?rest_route=\/wp\/v2\/posts"}],"about":[{"href":"http:\/\/www.segunda-feira.de\/index.php?rest_route=\/wp\/v2\/types\/post"}],"author":[{"embeddable":true,"href":"http:\/\/www.segunda-feira.de\/index.php?rest_route=\/wp\/v2\/users\/1"}],"replies":[{"embeddable":true,"href":"http:\/\/www.segunda-feira.de\/index.php?rest_route=%2Fwp%2Fv2%2Fcomments&post=1529"}],"version-history":[{"count":1,"href":"http:\/\/www.segunda-feira.de\/index.php?rest_route=\/wp\/v2\/posts\/1529\/revisions"}],"predecessor-version":[{"id":1533,"href":"http:\/\/www.segunda-feira.de\/index.php?rest_route=\/wp\/v2\/posts\/1529\/revisions\/1533"}],"wp:attachment":[{"href":"http:\/\/www.segunda-feira.de\/index.php?rest_route=%2Fwp%2Fv2%2Fmedia&parent=1529"}],"wp:term":[{"taxonomy":"category","embeddable":true,"href":"http:\/\/www.segunda-feira.de\/index.php?rest_route=%2Fwp%2Fv2%2Fcategories&post=1529"},{"taxonomy":"post_tag","embeddable":true,"href":"http:\/\/www.segunda-feira.de\/index.php?rest_route=%2Fwp%2Fv2%2Ftags&post=1529"}],"curies":[{"name":"wp","href":"https:\/\/api.w.org\/{rel}","templated":true}]}}