{"id":1544,"date":"2016-01-24T16:04:21","date_gmt":"2016-01-24T15:04:21","guid":{"rendered":"http:\/\/www.segunda-feira.de\/?p=1544"},"modified":"2019-06-23T12:31:47","modified_gmt":"2019-06-23T10:31:47","slug":"nachtfalter-xl","status":"publish","type":"post","link":"http:\/\/www.segunda-feira.de\/?p=1544","title":{"rendered":"Nachtfalter XL"},"content":{"rendered":"<p><img loading=\"lazy\" decoding=\"async\" class=\"alignnone size-large wp-image-1545\" src=\"http:\/\/www.segunda-feira.de\/wp-content\/uploads\/2016\/01\/Falter-1024x638.jpg\" alt=\"Falter\" width=\"584\" height=\"364\" srcset=\"http:\/\/www.segunda-feira.de\/wp-content\/uploads\/2016\/01\/Falter.jpg 1024w, http:\/\/www.segunda-feira.de\/wp-content\/uploads\/2016\/01\/Falter-300x187.jpg 300w, http:\/\/www.segunda-feira.de\/wp-content\/uploads\/2016\/01\/Falter-768x479.jpg 768w, http:\/\/www.segunda-feira.de\/wp-content\/uploads\/2016\/01\/Falter-482x300.jpg 482w\" sizes=\"auto, (max-width: 584px) 100vw, 584px\" \/><\/p>\n<p>Selbst nach fast einem Jahr werden wir immer wieder von der Gr\u00f6\u00dfe der Insektenwelt in Brasilien \u00fcberrascht. Gestern Abend h\u00f6rte ich lautes Flattern in dem geschlossenen Treppenhaus, das in unseren Garten f\u00fchrt. Das Tier, das sich dorthin verirrt hatte, hatte die Gr\u00f6\u00dfe einer Fledermaus. Mit einem Netz holte ich es vorsichtig von der Decke und brachte es ins Freie. Bis zum Schluss war ich davon \u00fcberzeugt, eine Fledermaus vor mir zu haben. Erst nach n\u00e4herem Hinsehen wurde klar, dass es sich um ein Insekt handelte.<\/p>\n<p><iframe loading=\"lazy\" src=\"http:\/\/www.youtube.com\/embed\/vXoZmEJa46M?rel=0&amp;modestbranding=1\" width=\"560\" height=\"315\" frameborder=\"0\" allowfullscreen=\"allowfullscreen\"><\/iframe><\/p>\n","protected":false},"excerpt":{"rendered":"<p>Selbst nach fast einem Jahr werden wir immer wieder von der Gr\u00f6\u00dfe der Insektenwelt in Brasilien \u00fcberrascht. Gestern Abend h\u00f6rte ich lautes Flattern in dem geschlossenen Treppenhaus, das in unseren Garten f\u00fchrt. Das Tier, das sich dorthin verirrt hatte, hatte &hellip; <a href=\"http:\/\/www.segunda-feira.de\/?p=1544\">Weiterlesen <span class=\"meta-nav\">&rarr;<\/span><\/a><\/p>\n","protected":false},"author":1,"featured_media":0,"comment_status":"open","ping_status":"open","sticky":false,"template":"","format":"standard","meta":{"jetpack_post_was_ever_published":false,"_jetpack_newsletter_access":"","_jetpack_dont_email_post_to_subs":false,"_jetpack_newsletter_tier_id":0,"_jetpack_memberships_contains_paywalled_content":false,"_jetpack_memberships_contains_paid_content":false,"footnotes":"","jetpack_publicize_message":"","jetpack_publicize_feature_enabled":true,"jetpack_social_post_already_shared":true,"jetpack_social_options":{"image_generator_settings":{"template":"highway","default_image_id":0,"font":"","enabled":false},"version":2}},"categories":[1,15],"tags":[],"class_list":["post-1544","post","type-post","status-publish","format-standard","hentry","category-allgemein","category-alltag"],"jetpack_publicize_connections":[],"jetpack_featured_media_url":"","jetpack_sharing_enabled":true,"jetpack_shortlink":"https:\/\/wp.me\/p64WYd-oU","jetpack_likes_enabled":true,"_links":{"self":[{"href":"http:\/\/www.segunda-feira.de\/index.php?rest_route=\/wp\/v2\/posts\/1544","targetHints":{"allow":["GET"]}}],"collection":[{"href":"http:\/\/www.segunda-feira.de\/index.php?rest_route=\/wp\/v2\/posts"}],"about":[{"href":"http:\/\/www.segunda-feira.de\/index.php?rest_route=\/wp\/v2\/types\/post"}],"author":[{"embeddable":true,"href":"http:\/\/www.segunda-feira.de\/index.php?rest_route=\/wp\/v2\/users\/1"}],"replies":[{"embeddable":true,"href":"http:\/\/www.segunda-feira.de\/index.php?rest_route=%2Fwp%2Fv2%2Fcomments&post=1544"}],"version-history":[{"count":3,"href":"http:\/\/www.segunda-feira.de\/index.php?rest_route=\/wp\/v2\/posts\/1544\/revisions"}],"predecessor-version":[{"id":2412,"href":"http:\/\/www.segunda-feira.de\/index.php?rest_route=\/wp\/v2\/posts\/1544\/revisions\/2412"}],"wp:attachment":[{"href":"http:\/\/www.segunda-feira.de\/index.php?rest_route=%2Fwp%2Fv2%2Fmedia&parent=1544"}],"wp:term":[{"taxonomy":"category","embeddable":true,"href":"http:\/\/www.segunda-feira.de\/index.php?rest_route=%2Fwp%2Fv2%2Fcategories&post=1544"},{"taxonomy":"post_tag","embeddable":true,"href":"http:\/\/www.segunda-feira.de\/index.php?rest_route=%2Fwp%2Fv2%2Ftags&post=1544"}],"curies":[{"name":"wp","href":"https:\/\/api.w.org\/{rel}","templated":true}]}}