{"id":1692,"date":"2016-05-12T19:59:34","date_gmt":"2016-05-12T17:59:34","guid":{"rendered":"http:\/\/www.segunda-feira.de\/?p=1692"},"modified":"2016-05-12T20:40:32","modified_gmt":"2016-05-12T18:40:32","slug":"die-regierung-in-brasilien-ist-gestuerzt","status":"publish","type":"post","link":"http:\/\/www.segunda-feira.de\/?p=1692","title":{"rendered":"Die Regierung in Brasilien ist gest\u00fcrzt"},"content":{"rendered":"<p>Gestern hat der Senat die Fortf\u00fchrung des Amtsenthebungsverfahrens erwartungsgem\u00e4\u00df best\u00e4tigt. Damit ist die Pr\u00e4sidentin sowie die aktuelle Regierung vor\u00fcbergehend f\u00fcr maximal 180 Tage abgesetzt, bis Senat und Oberster Gerichtshof \u00fcber die endg\u00fcltige Enthebung entscheiden. Interimspr\u00e4sident ist ab heute der Vizepr\u00e4sident Michel Temer. Er hat bereits sein Kabinett aufgestellt, in dem Politiker sitzen, die unter Korruptionsverdacht stehen oder bereits w\u00e4hrend der Milit\u00e4rdiktatur an der Regierung beteiligt waren. Die R\u00fcckw\u00e4rtsgewandtheit der neuen Regierung kann man auch daran erkennen, dass nicht eine einzige Frau in ihr vertreten ist.<\/p>\n<p>Mein Nachbar und Freund <a href=\"https:\/\/veredasaude.com\/\" target=\"_blank\">Flavio<\/a>, mit dem ich zweimal die Woche spazieren gehe, sagte heute, er h\u00e4tte Dilma Rousseff nicht gew\u00e4hlt, sch\u00e4me sich aber f\u00fcr die undemokratischen Vorg\u00e4nge in seinem Land. Das hat mich sehr an den 13. M\u00e4rz erinnert, als die AfD in Deutschland in drei Landtage eingezogen ist und ich mich auch f\u00fcr mein Land gesch\u00e4mt habe.<\/p>\n","protected":false},"excerpt":{"rendered":"<p>Gestern hat der Senat die Fortf\u00fchrung des Amtsenthebungsverfahrens erwartungsgem\u00e4\u00df best\u00e4tigt. Damit ist die Pr\u00e4sidentin sowie die aktuelle Regierung vor\u00fcbergehend f\u00fcr maximal 180 Tage abgesetzt, bis Senat und Oberster Gerichtshof \u00fcber die endg\u00fcltige Enthebung entscheiden. Interimspr\u00e4sident ist ab heute der Vizepr\u00e4sident &hellip; <a href=\"http:\/\/www.segunda-feira.de\/?p=1692\">Weiterlesen <span class=\"meta-nav\">&rarr;<\/span><\/a><\/p>\n","protected":false},"author":1,"featured_media":0,"comment_status":"open","ping_status":"open","sticky":false,"template":"","format":"standard","meta":{"jetpack_post_was_ever_published":false,"_jetpack_newsletter_access":"","_jetpack_dont_email_post_to_subs":false,"_jetpack_newsletter_tier_id":0,"_jetpack_memberships_contains_paywalled_content":false,"_jetpack_memberships_contains_paid_content":false,"footnotes":"","jetpack_publicize_message":"","jetpack_publicize_feature_enabled":true,"jetpack_social_post_already_shared":true,"jetpack_social_options":{"image_generator_settings":{"template":"highway","default_image_id":0,"font":"","enabled":false},"version":2}},"categories":[1,14],"tags":[],"class_list":["post-1692","post","type-post","status-publish","format-standard","hentry","category-allgemein","category-politik"],"jetpack_publicize_connections":[],"jetpack_featured_media_url":"","jetpack_sharing_enabled":true,"jetpack_shortlink":"https:\/\/wp.me\/p64WYd-ri","jetpack_likes_enabled":true,"_links":{"self":[{"href":"http:\/\/www.segunda-feira.de\/index.php?rest_route=\/wp\/v2\/posts\/1692","targetHints":{"allow":["GET"]}}],"collection":[{"href":"http:\/\/www.segunda-feira.de\/index.php?rest_route=\/wp\/v2\/posts"}],"about":[{"href":"http:\/\/www.segunda-feira.de\/index.php?rest_route=\/wp\/v2\/types\/post"}],"author":[{"embeddable":true,"href":"http:\/\/www.segunda-feira.de\/index.php?rest_route=\/wp\/v2\/users\/1"}],"replies":[{"embeddable":true,"href":"http:\/\/www.segunda-feira.de\/index.php?rest_route=%2Fwp%2Fv2%2Fcomments&post=1692"}],"version-history":[{"count":5,"href":"http:\/\/www.segunda-feira.de\/index.php?rest_route=\/wp\/v2\/posts\/1692\/revisions"}],"predecessor-version":[{"id":1697,"href":"http:\/\/www.segunda-feira.de\/index.php?rest_route=\/wp\/v2\/posts\/1692\/revisions\/1697"}],"wp:attachment":[{"href":"http:\/\/www.segunda-feira.de\/index.php?rest_route=%2Fwp%2Fv2%2Fmedia&parent=1692"}],"wp:term":[{"taxonomy":"category","embeddable":true,"href":"http:\/\/www.segunda-feira.de\/index.php?rest_route=%2Fwp%2Fv2%2Fcategories&post=1692"},{"taxonomy":"post_tag","embeddable":true,"href":"http:\/\/www.segunda-feira.de\/index.php?rest_route=%2Fwp%2Fv2%2Ftags&post=1692"}],"curies":[{"name":"wp","href":"https:\/\/api.w.org\/{rel}","templated":true}]}}