{"id":1704,"date":"2016-05-18T20:04:09","date_gmt":"2016-05-18T18:04:09","guid":{"rendered":"http:\/\/www.segunda-feira.de\/?p=1704"},"modified":"2016-05-18T20:04:09","modified_gmt":"2016-05-18T18:04:09","slug":"tomb-raider-dschungelpruefung","status":"publish","type":"post","link":"http:\/\/www.segunda-feira.de\/?p=1704","title":{"rendered":"Tomb Raider Dschungelpr\u00fcfung"},"content":{"rendered":"<p>Am Samstag haben wir mit Mira und Martin, einem Kollegen von Sylvia, ein privates Naturreservat 130 Kilometer s\u00fcdlich von Bras\u00edlia erkundet. Der Vorteil dieser Einrichtung: Im Gegensatz zu Nationalparks darf Kollege Loukas mitkommen. \u00dcbernachtet haben wir auf einer Pousada, die sich <a href=\"https:\/\/maps.google.de\/maps?q=-16.741497,-47.693013&amp;t=h\" target=\"_blank\">hier <\/a>befindet.<\/p>\n<div class='polaroid-gallery galleryid-1704' style='width:auto;'>\n\t\t\t<a href=\"http:\/\/www.segunda-feira.de\/wp-content\/uploads\/2016\/05\/Mira-und-Martin-1024x682.jpg\" title=\"Mira und Martin\" rel=\"polaroid_305432687\" class=\"polaroid-gallery-item showcaption\"><span class=\"polaroid-gallery-image\" title=\"\" style=\"background-image: url(http:\/\/www.segunda-feira.de\/wp-content\/uploads\/2016\/05\/Mira-und-Martin-140x140.jpg); width: 140px; height: 140px;\"><\/span><\/a>\n\t\t\t<a href=\"http:\/\/www.segunda-feira.de\/wp-content\/uploads\/2016\/05\/Pousada-1024x682.jpg\" title=\"Pousada\" rel=\"polaroid_305432687\" class=\"polaroid-gallery-item showcaption\"><span class=\"polaroid-gallery-image\" title=\"\" style=\"background-image: url(http:\/\/www.segunda-feira.de\/wp-content\/uploads\/2016\/05\/Pousada-140x140.jpg); width: 140px; height: 140px;\"><\/span><\/a>\n\t\t\t<a href=\"http:\/\/www.segunda-feira.de\/wp-content\/uploads\/2016\/05\/Sylvia-1024x614.jpg\" title=\"Sylvia\" rel=\"polaroid_305432687\" class=\"polaroid-gallery-item showcaption\"><span class=\"polaroid-gallery-image\" title=\"\" style=\"background-image: url(http:\/\/www.segunda-feira.de\/wp-content\/uploads\/2016\/05\/Sylvia-140x140.jpg); width: 140px; height: 140px;\"><\/span><\/a>\n\t\t\t<br style=\"clear: both;\" \/><\/div>\n\n<p>Am Sonntag ging es mit F\u00fchrer durch das Reservat, das zum Teil sehr an die Kulisse von Tomb Raider erinnerte.<\/p>\n<div class='polaroid-gallery galleryid-1704' style='width:auto;'>\n\t\t\t<a href=\"http:\/\/www.segunda-feira.de\/wp-content\/uploads\/2016\/05\/Fast-wie-in-Afrika-1024x682.jpg\" title=\"Fast wie in Afrika\" rel=\"polaroid_555316582\" class=\"polaroid-gallery-item showcaption\"><span class=\"polaroid-gallery-image\" title=\"\" style=\"background-image: url(http:\/\/www.segunda-feira.de\/wp-content\/uploads\/2016\/05\/Fast-wie-in-Afrika-140x140.jpg); width: 140px; height: 140px;\"><\/span><\/a>\n\t\t\t<a href=\"http:\/\/www.segunda-feira.de\/wp-content\/uploads\/2016\/05\/Oh-Cerrado-1024x682.jpg\" title=\"Oh Cerrado\" rel=\"polaroid_555316582\" class=\"polaroid-gallery-item showcaption\"><span class=\"polaroid-gallery-image\" title=\"\" style=\"background-image: url(http:\/\/www.segunda-feira.de\/wp-content\/uploads\/2016\/05\/Oh-Cerrado-140x140.jpg); width: 140px; height: 140px;\"><\/span><\/a>\n\t\t\t<a href=\"http:\/\/www.segunda-feira.de\/wp-content\/uploads\/2016\/05\/Mit-Guide-durch-die-Wildnis-1024x682.jpg\" title=\"Mit Guide durch die Wildnis\" rel=\"polaroid_555316582\" class=\"polaroid-gallery-item showcaption\"><span class=\"polaroid-gallery-image\" title=\"\" style=\"background-image: url(http:\/\/www.segunda-feira.de\/wp-content\/uploads\/2016\/05\/Mit-Guide-durch-die-Wildnis-140x140.jpg); width: 140px; height: 140px;\"><\/span><\/a>\n\t\t\t<a href=\"http:\/\/www.segunda-feira.de\/wp-content\/uploads\/2016\/05\/Die-Silvesterraketenpflanze-1024x682.jpg\" title=\"Die Silvesterraketenpflanze\" rel=\"polaroid_555316582\" class=\"polaroid-gallery-item showcaption\"><span class=\"polaroid-gallery-image\" title=\"\" style=\"background-image: url(http:\/\/www.segunda-feira.de\/wp-content\/uploads\/2016\/05\/Die-Silvesterraketenpflanze-140x140.jpg); width: 140px; height: 140px;\"><\/span><\/a>\n\t\t\t<a href=\"http:\/\/www.segunda-feira.de\/wp-content\/uploads\/2016\/05\/Szenen-wie-in-Tomb-Raider-1024x682.jpg\" title=\"Szenen wie in Tomb Raider\" rel=\"polaroid_555316582\" class=\"polaroid-gallery-item showcaption\"><span class=\"polaroid-gallery-image\" title=\"\" style=\"background-image: url(http:\/\/www.segunda-feira.de\/wp-content\/uploads\/2016\/05\/Szenen-wie-in-Tomb-Raider-140x140.jpg); width: 140px; height: 140px;\"><\/span><\/a>\n\t\t\t<a href=\"http:\/\/www.segunda-feira.de\/wp-content\/uploads\/2016\/05\/Schiefe-Ebene-1024x682.jpg\" title=\"Schiefe Ebene\" rel=\"polaroid_555316582\" class=\"polaroid-gallery-item showcaption\"><span class=\"polaroid-gallery-image\" title=\"\" style=\"background-image: url(http:\/\/www.segunda-feira.de\/wp-content\/uploads\/2016\/05\/Schiefe-Ebene-140x140.jpg); width: 140px; height: 140px;\"><\/span><\/a>\n\t\t\t<a href=\"http:\/\/www.segunda-feira.de\/wp-content\/uploads\/2016\/05\/Lara-Croft-und-Indiana-Jones-1024x682.jpg\" title=\"Lara Croft und Indiana Jones\" rel=\"polaroid_555316582\" class=\"polaroid-gallery-item showcaption\"><span class=\"polaroid-gallery-image\" title=\"\" style=\"background-image: url(http:\/\/www.segunda-feira.de\/wp-content\/uploads\/2016\/05\/Lara-Croft-und-Indiana-Jones-140x140.jpg); width: 140px; height: 140px;\"><\/span><\/a>\n\t\t\t<a href=\"http:\/\/www.segunda-feira.de\/wp-content\/uploads\/2016\/05\/Tomb-Raider-Dschungelpr\u00fcfung-1024x682.jpg\" title=\"Tomb Raider Dschungelpr\u00fcfung\" rel=\"polaroid_555316582\" class=\"polaroid-gallery-item showcaption\"><span class=\"polaroid-gallery-image\" title=\"\" style=\"background-image: url(http:\/\/www.segunda-feira.de\/wp-content\/uploads\/2016\/05\/Tomb-Raider-Dschungelpr\u00fcfung-140x140.jpg); width: 140px; height: 140px;\"><\/span><\/a>\n\t\t\t<br style=\"clear: both;\" \/><\/div>\n\n<p>&nbsp;<\/p>\n","protected":false},"excerpt":{"rendered":"<p>Am Samstag haben wir mit Mira und Martin, einem Kollegen von Sylvia, ein privates Naturreservat 130 Kilometer s\u00fcdlich von Bras\u00edlia erkundet. Der Vorteil dieser Einrichtung: Im Gegensatz zu Nationalparks darf Kollege Loukas mitkommen. \u00dcbernachtet haben wir auf einer Pousada, die &hellip; <a href=\"http:\/\/www.segunda-feira.de\/?p=1704\">Weiterlesen <span class=\"meta-nav\">&rarr;<\/span><\/a><\/p>\n","protected":false},"author":1,"featured_media":0,"comment_status":"open","ping_status":"open","sticky":false,"template":"","format":"standard","meta":{"jetpack_post_was_ever_published":false,"_jetpack_newsletter_access":"","_jetpack_dont_email_post_to_subs":false,"_jetpack_newsletter_tier_id":0,"_jetpack_memberships_contains_paywalled_content":false,"_jetpack_memberships_contains_paid_content":false,"footnotes":"","jetpack_publicize_message":"","jetpack_publicize_feature_enabled":true,"jetpack_social_post_already_shared":true,"jetpack_social_options":{"image_generator_settings":{"template":"highway","default_image_id":0,"font":"","enabled":false},"version":2}},"categories":[1],"tags":[],"class_list":["post-1704","post","type-post","status-publish","format-standard","hentry","category-allgemein"],"jetpack_publicize_connections":[],"jetpack_featured_media_url":"","jetpack_sharing_enabled":true,"jetpack_shortlink":"https:\/\/wp.me\/p64WYd-ru","jetpack_likes_enabled":true,"_links":{"self":[{"href":"http:\/\/www.segunda-feira.de\/index.php?rest_route=\/wp\/v2\/posts\/1704","targetHints":{"allow":["GET"]}}],"collection":[{"href":"http:\/\/www.segunda-feira.de\/index.php?rest_route=\/wp\/v2\/posts"}],"about":[{"href":"http:\/\/www.segunda-feira.de\/index.php?rest_route=\/wp\/v2\/types\/post"}],"author":[{"embeddable":true,"href":"http:\/\/www.segunda-feira.de\/index.php?rest_route=\/wp\/v2\/users\/1"}],"replies":[{"embeddable":true,"href":"http:\/\/www.segunda-feira.de\/index.php?rest_route=%2Fwp%2Fv2%2Fcomments&post=1704"}],"version-history":[{"count":1,"href":"http:\/\/www.segunda-feira.de\/index.php?rest_route=\/wp\/v2\/posts\/1704\/revisions"}],"predecessor-version":[{"id":1716,"href":"http:\/\/www.segunda-feira.de\/index.php?rest_route=\/wp\/v2\/posts\/1704\/revisions\/1716"}],"wp:attachment":[{"href":"http:\/\/www.segunda-feira.de\/index.php?rest_route=%2Fwp%2Fv2%2Fmedia&parent=1704"}],"wp:term":[{"taxonomy":"category","embeddable":true,"href":"http:\/\/www.segunda-feira.de\/index.php?rest_route=%2Fwp%2Fv2%2Fcategories&post=1704"},{"taxonomy":"post_tag","embeddable":true,"href":"http:\/\/www.segunda-feira.de\/index.php?rest_route=%2Fwp%2Fv2%2Ftags&post=1704"}],"curies":[{"name":"wp","href":"https:\/\/api.w.org\/{rel}","templated":true}]}}