{"id":1743,"date":"2016-07-02T02:57:56","date_gmt":"2016-07-02T00:57:56","guid":{"rendered":"http:\/\/www.segunda-feira.de\/?p=1743"},"modified":"2016-07-02T02:57:56","modified_gmt":"2016-07-02T00:57:56","slug":"die-politische-entwicklung-in-brasilien","status":"publish","type":"post","link":"http:\/\/www.segunda-feira.de\/?p=1743","title":{"rendered":"Die politische Entwicklung in Brasilien"},"content":{"rendered":"<p>F\u00fcr diejenigen, die der englischen Sprache m\u00e4chtig sind, empfehle ich diesen Artikel des in Brasilien lebenden amerikanischen Pulitzer-Preistr\u00e4gers Glenn Greenwald: <a href=\"https:\/\/theintercept.com\/2016\/06\/30\/major-new-brazil-events-expose-the-fraud-of-dilmas-impeachment-and-temers-corruption\/\" target=\"_blank\">https:\/\/theintercept.com\/2016\/06\/30\/major-new-brazil-events-expose-the-fraud-of-dilmas-impeachment-and-temers-corruption\/<\/a><\/p>\n<p>Ich mag nicht mehr berichten. Mir wird einfach nur schlecht, wenn ich die brasilianischen Nachrichten lese. Was hier in Brasilien stattgefunden hat, ist ein kalter Putsch, und die Welt tut so, als w\u00e4re alles mit rechten Dingen zugegangen. Ich habe zudem die Hoffnung in die Aufrichtigkeit der brasilianischen Justiz verloren, die offenbar Teil des Komplotts gegen die demokratisch gew\u00e4hlte Pr\u00e4sidentin Dilma Rousseff ist.<\/p>\n","protected":false},"excerpt":{"rendered":"<p>F\u00fcr diejenigen, die der englischen Sprache m\u00e4chtig sind, empfehle ich diesen Artikel des in Brasilien lebenden amerikanischen Pulitzer-Preistr\u00e4gers Glenn Greenwald: https:\/\/theintercept.com\/2016\/06\/30\/major-new-brazil-events-expose-the-fraud-of-dilmas-impeachment-and-temers-corruption\/ Ich mag nicht mehr berichten. Mir wird einfach nur schlecht, wenn ich die brasilianischen Nachrichten lese. Was hier in &hellip; <a href=\"http:\/\/www.segunda-feira.de\/?p=1743\">Weiterlesen <span class=\"meta-nav\">&rarr;<\/span><\/a><\/p>\n","protected":false},"author":1,"featured_media":0,"comment_status":"open","ping_status":"open","sticky":false,"template":"","format":"standard","meta":{"jetpack_post_was_ever_published":false,"_jetpack_newsletter_access":"","_jetpack_dont_email_post_to_subs":false,"_jetpack_newsletter_tier_id":0,"_jetpack_memberships_contains_paywalled_content":false,"_jetpack_memberships_contains_paid_content":false,"footnotes":"","jetpack_publicize_message":"","jetpack_publicize_feature_enabled":true,"jetpack_social_post_already_shared":true,"jetpack_social_options":{"image_generator_settings":{"template":"highway","default_image_id":0,"font":"","enabled":false},"version":2}},"categories":[1,14],"tags":[],"class_list":["post-1743","post","type-post","status-publish","format-standard","hentry","category-allgemein","category-politik"],"jetpack_publicize_connections":[],"jetpack_featured_media_url":"","jetpack_sharing_enabled":true,"jetpack_shortlink":"https:\/\/wp.me\/p64WYd-s7","jetpack_likes_enabled":true,"_links":{"self":[{"href":"http:\/\/www.segunda-feira.de\/index.php?rest_route=\/wp\/v2\/posts\/1743","targetHints":{"allow":["GET"]}}],"collection":[{"href":"http:\/\/www.segunda-feira.de\/index.php?rest_route=\/wp\/v2\/posts"}],"about":[{"href":"http:\/\/www.segunda-feira.de\/index.php?rest_route=\/wp\/v2\/types\/post"}],"author":[{"embeddable":true,"href":"http:\/\/www.segunda-feira.de\/index.php?rest_route=\/wp\/v2\/users\/1"}],"replies":[{"embeddable":true,"href":"http:\/\/www.segunda-feira.de\/index.php?rest_route=%2Fwp%2Fv2%2Fcomments&post=1743"}],"version-history":[{"count":1,"href":"http:\/\/www.segunda-feira.de\/index.php?rest_route=\/wp\/v2\/posts\/1743\/revisions"}],"predecessor-version":[{"id":1744,"href":"http:\/\/www.segunda-feira.de\/index.php?rest_route=\/wp\/v2\/posts\/1743\/revisions\/1744"}],"wp:attachment":[{"href":"http:\/\/www.segunda-feira.de\/index.php?rest_route=%2Fwp%2Fv2%2Fmedia&parent=1743"}],"wp:term":[{"taxonomy":"category","embeddable":true,"href":"http:\/\/www.segunda-feira.de\/index.php?rest_route=%2Fwp%2Fv2%2Fcategories&post=1743"},{"taxonomy":"post_tag","embeddable":true,"href":"http:\/\/www.segunda-feira.de\/index.php?rest_route=%2Fwp%2Fv2%2Ftags&post=1743"}],"curies":[{"name":"wp","href":"https:\/\/api.w.org\/{rel}","templated":true}]}}