{"id":1746,"date":"2016-08-01T02:40:27","date_gmt":"2016-08-01T00:40:27","guid":{"rendered":"http:\/\/www.segunda-feira.de\/?p=1746"},"modified":"2016-08-01T03:28:23","modified_gmt":"2016-08-01T01:28:23","slug":"das-pantanal-ist-so-wie-man-sich-den-amazonas-vorstellt","status":"publish","type":"post","link":"http:\/\/www.segunda-feira.de\/?p=1746","title":{"rendered":"Das Pantanal ist so, wie man sich den Amazonas vorstellt"},"content":{"rendered":"<div id=\"attachment_1749\" style=\"width: 1034px\" class=\"wp-caption aligncenter\"><img loading=\"lazy\" decoding=\"async\" aria-describedby=\"caption-attachment-1749\" class=\"wp-image-1749 size-full\" src=\"http:\/\/www.segunda-feira.de\/wp-content\/uploads\/2016\/08\/DSC_0992.jpg\" width=\"1024\" height=\"683\" srcset=\"http:\/\/www.segunda-feira.de\/wp-content\/uploads\/2016\/08\/DSC_0992.jpg 1024w, http:\/\/www.segunda-feira.de\/wp-content\/uploads\/2016\/08\/DSC_0992-300x200.jpg 300w, http:\/\/www.segunda-feira.de\/wp-content\/uploads\/2016\/08\/DSC_0992-768x512.jpg 768w, http:\/\/www.segunda-feira.de\/wp-content\/uploads\/2016\/08\/DSC_0992-450x300.jpg 450w\" sizes=\"auto, (max-width: 1024px) 100vw, 1024px\" \/><p id=\"caption-attachment-1749\" class=\"wp-caption-text\">Kaiman (Jacar\u00e9) am Rio Miranda im Pantanal, Foto: Sylvia Montag<\/p><\/div>\n<p>Das Pantanal ist so, wie man sich den Amazonas vorstellt. Das sagt man hier so, weil man im Pantanal angeblich die Tiere sieht, die dem gemeinen Besucher am Amazonas verborgen bleiben. Grund f\u00fcr Letzteres soll sein, dass sich die Tiere dort eher im Wald und an den kleinen Nebenfl\u00fcssen aufhalten als an dem riesigen Amazonas-Fluss. Ob das wirklich so ist, werde ich im Oktober pr\u00fcfen k\u00f6nnen. Zum Pantanal m\u00f6chte ich selbstbewusst behaupten, dass es zurecht <a href=\"https:\/\/de.wikipedia.org\/wiki\/UNESCO-Welterbe\" target=\"_blank\">UNESCO-Weltnaturerbe<\/a> ist. Es ist einer der Biodiversit\u00e4ts-Hotspots dieses Planeten und obwohl wir nur zwei Tage im Kerngebiet waren, hat mich das Naturerlebnis regelrecht umgehauen. \u00dcbrigens: Laut <a href=\"https:\/\/de.wikipedia.org\/wiki\/Pantanal\" target=\"_blank\">Wikipedia<\/a> ist das Pantanal (portugiesisch f\u00fcr <i>Sumpf<\/i>) mit einer Fl\u00e4che von etwa 230.000 Quadratkilometern fast genauso gro\u00df wie die Bundesrepublik Deutschland vor der Wiedervereinigung. Damit ist es eines der gr\u00f6\u00dften Binnenland-Feuchtgebiete der Erde.<\/p>\n<p>&#8222;Bestimmt ganz sch\u00f6n m\u00fcckig und hei\u00df&#8220;, assoziert der Laie richtig. Mitte Juli aber, also im tiefsten Winter und damit in der Trockenzeit, ist das Klima mit rund 25 Grad am Tage gro\u00dfartig und die M\u00fcckenplage kaum gr\u00f6\u00dfer als an einem Sommertag am Baggersee in Moers-Scherpenberg. Am besagten Baggersee gibt es jedoch keine Kaimane, Jaguare oder <a href=\"https:\/\/de.wikipedia.org\/wiki\/Capybara\" target=\"_blank\">Capybaras. <\/a>Es gibt auch keine wilden Aras, Affen, Ameisenb\u00e4ren oder <a href=\"https:\/\/de.wikipedia.org\/wiki\/Jabiru_(Vogel)\" target=\"_blank\">Riesenst\u00f6rche mit dem lustigen Namen Tuiuiu<\/a>.<\/p>\n<p>Abgesehen von dem Jaguar hab ich alle diese Tiere gesehen. Teilweise sehr, sehr, sehr nah&#8230;<\/p>\n<div class='polaroid-gallery galleryid-1746' style='width:auto;'>\n\t\t\t<a href=\"http:\/\/www.segunda-feira.de\/wp-content\/uploads\/2016\/08\/DSC_0879-1024x682.jpg\" title=\"Zwei Aras bei der gegenseitigen K\u00f6rperpflege. Auf Portugiesisch hei\u00dfen sie \u00fcbrigens Araras und sind nach ihrem kr\u00e4chszenden Gesang benannt.  Foto: Sylvia Montag\" rel=\"polaroid_641451565\" class=\"polaroid-gallery-item showcaption\"><span class=\"polaroid-gallery-image\" title=\"\" style=\"background-image: url(http:\/\/www.segunda-feira.de\/wp-content\/uploads\/2016\/08\/DSC_0879-140x140.jpg); width: 140px; height: 140px;\"><\/span><\/a>\n\t\t\t<a href=\"http:\/\/www.segunda-feira.de\/wp-content\/uploads\/2016\/08\/DSC_1009-1024x683.jpg\" title=\"Der Tuiuiu hei\u00dft eigentlich Jabiru und ist das Vogel-Symbol des Pantanal. Er wird bis zu 1,40 Meter gro\u00df mit einer Fl\u00fcgelspannweite von bis zu 2,60 Metern. Foto: Sylvia Montag\" rel=\"polaroid_641451565\" class=\"polaroid-gallery-item showcaption\"><span class=\"polaroid-gallery-image\" title=\"\" style=\"background-image: url(http:\/\/www.segunda-feira.de\/wp-content\/uploads\/2016\/08\/DSC_1009-140x140.jpg); width: 140px; height: 140px;\"><\/span><\/a>\n\t\t\t<a href=\"http:\/\/www.segunda-feira.de\/wp-content\/uploads\/2016\/08\/DSC_1022-1024x683.jpg\" title=\"Hab leider die Erkl\u00e4rung des Bootsf\u00fchrers China verpasst, als der den Namen dieses Affens erw\u00e4hnte. Aber soviel ist sicher: Er ist ein Kulinaria Akrobatikus. Foto: Sylvia Montag\" rel=\"polaroid_641451565\" class=\"polaroid-gallery-item showcaption\"><span class=\"polaroid-gallery-image\" title=\"\" style=\"background-image: url(http:\/\/www.segunda-feira.de\/wp-content\/uploads\/2016\/08\/DSC_1022-140x140.jpg); width: 140px; height: 140px;\"><\/span><\/a>\n\t\t\t<a href=\"http:\/\/www.segunda-feira.de\/wp-content\/uploads\/2016\/08\/DSC_1013-1024x682.jpg\" title=\"Ein Tuiuiu beim Nestbau. Wenn man gut hinschaut, sieht man auch die Brut im Nest. Foto: Sylvia Montag\" rel=\"polaroid_641451565\" class=\"polaroid-gallery-item showcaption\"><span class=\"polaroid-gallery-image\" title=\"\" style=\"background-image: url(http:\/\/www.segunda-feira.de\/wp-content\/uploads\/2016\/08\/DSC_1013-140x140.jpg); width: 140px; height: 140px;\"><\/span><\/a>\n\t\t\t<a href=\"http:\/\/www.segunda-feira.de\/wp-content\/uploads\/2016\/08\/DSC_0836.jpg\" title=\"Die Aras in freier Wildbahn zu erleben ist ber\u00fchrender als jeder Kinoklassiker. Foto: Sylvia Montag\" rel=\"polaroid_641451565\" class=\"polaroid-gallery-item showcaption\"><span class=\"polaroid-gallery-image\" title=\"\" style=\"background-image: url(http:\/\/www.segunda-feira.de\/wp-content\/uploads\/2016\/08\/DSC_0836-140x140.jpg); width: 140px; height: 140px;\"><\/span><\/a>\n\t\t\t<a href=\"http:\/\/www.segunda-feira.de\/wp-content\/uploads\/2016\/08\/DSC_1043-1024x683.jpg\" title=\"Mit vollem Bauch liegen auch die Kaimane gern faul in der Sonne rum. Foto: Sylvia Montag\" rel=\"polaroid_641451565\" class=\"polaroid-gallery-item showcaption\"><span class=\"polaroid-gallery-image\" title=\"\" style=\"background-image: url(http:\/\/www.segunda-feira.de\/wp-content\/uploads\/2016\/08\/DSC_1043-140x140.jpg); width: 140px; height: 140px;\"><\/span><\/a>\n\t\t\t<a href=\"http:\/\/www.segunda-feira.de\/wp-content\/uploads\/2016\/08\/DSC_0969-1024x683.jpg\" title=\"Es gibt unendlich viele Reiher zu sehen. Sehr nah. Sehr sch\u00f6n. Foto: Sylvia Montag\" rel=\"polaroid_641451565\" class=\"polaroid-gallery-item showcaption\"><span class=\"polaroid-gallery-image\" title=\"\" style=\"background-image: url(http:\/\/www.segunda-feira.de\/wp-content\/uploads\/2016\/08\/DSC_0969-140x140.jpg); width: 140px; height: 140px;\"><\/span><\/a>\n\t\t\t<a href=\"http:\/\/www.segunda-feira.de\/wp-content\/uploads\/2016\/08\/DSC_1073-1024x683.jpg\" title=\"Noch mehr Capibaras. Foto: Sylvia Montag\" rel=\"polaroid_641451565\" class=\"polaroid-gallery-item showcaption\"><span class=\"polaroid-gallery-image\" title=\"\" style=\"background-image: url(http:\/\/www.segunda-feira.de\/wp-content\/uploads\/2016\/08\/DSC_1073-140x140.jpg); width: 140px; height: 140px;\"><\/span><\/a>\n\t\t\t<br style=\"clear: both;\" \/><\/div>\n\n<p>W\u00e4hrend mich die Aras in Freiheit am meisten ber\u00fchrt haben und mir bei den Alligatoren der Atem stockte, bin ich ein echter Fan der Capybaras geworden. Die sehen nicht nur aus wie Riesenmeerschweinchen, sie geh\u00f6ren tats\u00e4chlich zu ihrer Famile. Nur eben dass sie bis zu 70 Kilogramm schwer werden und damit die gr\u00f6\u00dften Nagetiere der Welt sein sollen. Knuffig, oder?<\/p>\n<div id=\"attachment_1776\" style=\"width: 1034px\" class=\"wp-caption aligncenter\"><img loading=\"lazy\" decoding=\"async\" aria-describedby=\"caption-attachment-1776\" class=\"wp-image-1776 size-full\" src=\"http:\/\/www.segunda-feira.de\/wp-content\/uploads\/2016\/08\/DSC_0983.jpg\" width=\"1024\" height=\"683\" srcset=\"http:\/\/www.segunda-feira.de\/wp-content\/uploads\/2016\/08\/DSC_0983.jpg 1024w, http:\/\/www.segunda-feira.de\/wp-content\/uploads\/2016\/08\/DSC_0983-300x200.jpg 300w, http:\/\/www.segunda-feira.de\/wp-content\/uploads\/2016\/08\/DSC_0983-768x512.jpg 768w, http:\/\/www.segunda-feira.de\/wp-content\/uploads\/2016\/08\/DSC_0983-450x300.jpg 450w\" sizes=\"auto, (max-width: 1024px) 100vw, 1024px\" \/><p id=\"caption-attachment-1776\" class=\"wp-caption-text\">Riesenmerschweinchen (Capybaras) am Rio Miranda im Pantanal, Foto: Sylvia Montag<\/p><\/div>\n","protected":false},"excerpt":{"rendered":"<p>Das Pantanal ist so, wie man sich den Amazonas vorstellt. Das sagt man hier so, weil man im Pantanal angeblich die Tiere sieht, die dem gemeinen Besucher am Amazonas verborgen bleiben. Grund f\u00fcr Letzteres soll sein, dass sich die Tiere &hellip; <a href=\"http:\/\/www.segunda-feira.de\/?p=1746\">Weiterlesen <span class=\"meta-nav\">&rarr;<\/span><\/a><\/p>\n","protected":false},"author":1,"featured_media":356,"comment_status":"open","ping_status":"open","sticky":false,"template":"","format":"standard","meta":{"jetpack_post_was_ever_published":false,"_jetpack_newsletter_access":"","_jetpack_dont_email_post_to_subs":false,"_jetpack_newsletter_tier_id":0,"_jetpack_memberships_contains_paywalled_content":false,"_jetpack_memberships_contains_paid_content":false,"footnotes":"","jetpack_publicize_message":"","jetpack_publicize_feature_enabled":true,"jetpack_social_post_already_shared":true,"jetpack_social_options":{"image_generator_settings":{"template":"highway","default_image_id":0,"font":"","enabled":false},"version":2}},"categories":[1,9,8],"tags":[],"class_list":["post-1746","post","type-post","status-publish","format-standard","has-post-thumbnail","hentry","category-allgemein","category-reise-entdeckungen","category-wildlife"],"jetpack_publicize_connections":[],"jetpack_featured_media_url":"http:\/\/www.segunda-feira.de\/wp-content\/uploads\/2015\/04\/segunda-feira7.jpg","jetpack_sharing_enabled":true,"jetpack_shortlink":"https:\/\/wp.me\/p64WYd-sa","jetpack_likes_enabled":true,"_links":{"self":[{"href":"http:\/\/www.segunda-feira.de\/index.php?rest_route=\/wp\/v2\/posts\/1746","targetHints":{"allow":["GET"]}}],"collection":[{"href":"http:\/\/www.segunda-feira.de\/index.php?rest_route=\/wp\/v2\/posts"}],"about":[{"href":"http:\/\/www.segunda-feira.de\/index.php?rest_route=\/wp\/v2\/types\/post"}],"author":[{"embeddable":true,"href":"http:\/\/www.segunda-feira.de\/index.php?rest_route=\/wp\/v2\/users\/1"}],"replies":[{"embeddable":true,"href":"http:\/\/www.segunda-feira.de\/index.php?rest_route=%2Fwp%2Fv2%2Fcomments&post=1746"}],"version-history":[{"count":18,"href":"http:\/\/www.segunda-feira.de\/index.php?rest_route=\/wp\/v2\/posts\/1746\/revisions"}],"predecessor-version":[{"id":1809,"href":"http:\/\/www.segunda-feira.de\/index.php?rest_route=\/wp\/v2\/posts\/1746\/revisions\/1809"}],"wp:featuredmedia":[{"embeddable":true,"href":"http:\/\/www.segunda-feira.de\/index.php?rest_route=\/wp\/v2\/media\/356"}],"wp:attachment":[{"href":"http:\/\/www.segunda-feira.de\/index.php?rest_route=%2Fwp%2Fv2%2Fmedia&parent=1746"}],"wp:term":[{"taxonomy":"category","embeddable":true,"href":"http:\/\/www.segunda-feira.de\/index.php?rest_route=%2Fwp%2Fv2%2Fcategories&post=1746"},{"taxonomy":"post_tag","embeddable":true,"href":"http:\/\/www.segunda-feira.de\/index.php?rest_route=%2Fwp%2Fv2%2Ftags&post=1746"}],"curies":[{"name":"wp","href":"https:\/\/api.w.org\/{rel}","templated":true}]}}