{"id":1813,"date":"2016-09-01T03:45:28","date_gmt":"2016-09-01T01:45:28","guid":{"rendered":"http:\/\/www.segunda-feira.de\/?p=1813"},"modified":"2016-09-01T04:00:54","modified_gmt":"2016-09-01T02:00:54","slug":"roadtrip-to-pantanal","status":"publish","type":"post","link":"http:\/\/www.segunda-feira.de\/?p=1813","title":{"rendered":"Roadtrip to Pantanal"},"content":{"rendered":"<p>So, jetzt nicht durcheinander kommen&#8230; F\u00fcr alle Hobbygeografen unter uns: Das Pantanal liegt nicht auf dem Weg\u00a0nach Rio. Rio liegt auch nicht auf dem Weg ins Pantanal. Ich komme lediglich erst jetzt dazu, unsere letzte Reise zu illustrieren, die nunmehr eineinhalb Monate zur\u00fcckliegt.<\/p>\n<p>Was f\u00fcr ein\u00a0Roadtrip. 3.000 Kilometer in neun Tagen. Und das nennt man dann &#8222;Urlaub&#8220;.\u00a0Das geografische Ziel: Pantanal. Unsere Reisegruppe: Unser Nachbar Fl\u00e1vio (unten auf dem Foto mittig) mit Kindern Flavinho und Sophie (rechts von ihm) sowie Partnerin Carmen (zu seiner Linken) mit Tochter Yara.<\/p>\n<p><img loading=\"lazy\" decoding=\"async\" class=\"aligncenter wp-image-1754 size-full\" src=\"http:\/\/www.segunda-feira.de\/wp-content\/uploads\/2016\/08\/DSC_0791.jpg\" alt=\"Reisegruppe v.l.: Yara, Carmen, Fl\u00e1vio, Flavinho, Sophia\" width=\"1024\" height=\"683\" srcset=\"http:\/\/www.segunda-feira.de\/wp-content\/uploads\/2016\/08\/DSC_0791.jpg 1024w, http:\/\/www.segunda-feira.de\/wp-content\/uploads\/2016\/08\/DSC_0791-300x200.jpg 300w, http:\/\/www.segunda-feira.de\/wp-content\/uploads\/2016\/08\/DSC_0791-768x512.jpg 768w, http:\/\/www.segunda-feira.de\/wp-content\/uploads\/2016\/08\/DSC_0791-450x300.jpg 450w\" sizes=\"auto, (max-width: 1024px) 100vw, 1024px\" \/><\/p>\n<p>Reisemittel: Unsere Freunde sind mit dem Flugzeug angereist. Wir mit dem Toyota. Als Treffpunkt haben wir <a href=\"https:\/\/goo.gl\/maps\/RAw3WNK9z8k\" target=\"_blank\">Campo Grande<\/a> verabredet, wo wir eine Nacht bei Nadja, einer Jugendfreundin von Carmen, und ihrer Familie blieben.<\/p>\n<p>Was ich an Roadtrips so mag ist, dass man Land und Leute viel besser kennenlernt als wenn man mit dem Flugzeug reist. Das Bild wird vollst\u00e4ndiger. Nehmen wir Brasilien: Woran denkt ihr, wenn ihr an dieses Land denkt? Samba, Caipirinha, Rio de Janeiro, Amazonas&#8230; noch etwas? Ach ja, 7:1.<br \/>\nSeltener denkt man dar\u00fcber nach, dass Brasilien die Kornkammer der Erde ist. Ich hab hierzu noch keine Zahlen recherchiert, aber nach diesem Urlaub glaub ich das auch ohne Wikipedia. Rund 2.500 Kilometer unserer atemberaubenden Reisestrecke sahen n\u00e4mlich ungef\u00e4hr so aus:<\/p>\n<p><img loading=\"lazy\" decoding=\"async\" class=\"aligncenter size-full wp-image-1750\" src=\"http:\/\/www.segunda-feira.de\/wp-content\/uploads\/2016\/08\/DSC_0766.jpg\" alt=\"Mais\" width=\"1024\" height=\"683\" srcset=\"http:\/\/www.segunda-feira.de\/wp-content\/uploads\/2016\/08\/DSC_0766.jpg 1024w, http:\/\/www.segunda-feira.de\/wp-content\/uploads\/2016\/08\/DSC_0766-300x200.jpg 300w, http:\/\/www.segunda-feira.de\/wp-content\/uploads\/2016\/08\/DSC_0766-768x512.jpg 768w, http:\/\/www.segunda-feira.de\/wp-content\/uploads\/2016\/08\/DSC_0766-450x300.jpg 450w\" sizes=\"auto, (max-width: 1024px) 100vw, 1024px\" \/><\/p>\n<p>Angebaut wird Mais und Zuckerrohr. Hin und wieder Soja. Riesige Eukalyptusplantagen in der Gr\u00f6\u00dfe unseres Nationalparks Eifel. Ab und zu K\u00fche. Der Kontakt zu Menschen war auf dieser Strecke eher schwierig, denn es gab so gut wie Keine. Alle paar Hundert Kilometer mal eine kleine Ortschaft mit Tankstelle. Regelrechte Zentren des sozialen Miteinanders.<\/p>\n<p><img loading=\"lazy\" decoding=\"async\" class=\"aligncenter size-full wp-image-1751\" src=\"http:\/\/www.segunda-feira.de\/wp-content\/uploads\/2016\/08\/DSC_0781.jpg\" alt=\"Tankstelle irgendwo in Mato Grosso do Sul, Foto: Sylvia Montag\" width=\"1024\" height=\"683\" srcset=\"http:\/\/www.segunda-feira.de\/wp-content\/uploads\/2016\/08\/DSC_0781.jpg 1024w, http:\/\/www.segunda-feira.de\/wp-content\/uploads\/2016\/08\/DSC_0781-300x200.jpg 300w, http:\/\/www.segunda-feira.de\/wp-content\/uploads\/2016\/08\/DSC_0781-768x512.jpg 768w, http:\/\/www.segunda-feira.de\/wp-content\/uploads\/2016\/08\/DSC_0781-450x300.jpg 450w\" sizes=\"auto, (max-width: 1024px) 100vw, 1024px\" \/><\/p>\n<p>Nach eineinhalb Autotagen kamen wir dann (endlich) in Campo Grande an. Eine (fast) Millionenmetropole mitten im Nirgendwo, die wir nicht wirklich kennenlernen konnten. Nach rund zw\u00f6lf Stunden mit Churrasco, Bier und BossaNova (und ein wenig Schlaf) sind wir wieder aufgebrochen, ohne die Stadt nennenswert kennengelernt zu haben. Dass sich Natur und mond\u00e4nes Gro\u00dfstadtleben hier n\u00e4her sind als sonstwo, kann ich dennoch mit folgendem Foto belegen.<\/p>\n<p><img loading=\"lazy\" decoding=\"async\" class=\"aligncenter size-full wp-image-1753\" src=\"http:\/\/www.segunda-feira.de\/wp-content\/uploads\/2016\/08\/DSC_0784.jpg\" alt=\"Raucherin mit Papagei in Campo Grande, Foto: Sylvia Montag\" width=\"1024\" height=\"683\" srcset=\"http:\/\/www.segunda-feira.de\/wp-content\/uploads\/2016\/08\/DSC_0784.jpg 1024w, http:\/\/www.segunda-feira.de\/wp-content\/uploads\/2016\/08\/DSC_0784-300x200.jpg 300w, http:\/\/www.segunda-feira.de\/wp-content\/uploads\/2016\/08\/DSC_0784-768x512.jpg 768w, http:\/\/www.segunda-feira.de\/wp-content\/uploads\/2016\/08\/DSC_0784-450x300.jpg 450w\" sizes=\"auto, (max-width: 1024px) 100vw, 1024px\" \/><\/p>\n<p>Weiter ging es nach <a href=\"https:\/\/goo.gl\/maps\/BgVCvcbQw6N2\" target=\"_blank\">Bonito<\/a>, wo wir drei Tage blieben. Man sagt, Bonito sei eine der bestorganisiertesten Naturtourismus-Destinationen des ganzen Landes. Und in der Tat, konnten wir hier einiges sehen, machen und teuer bezahlen. Wir schnorchelten in dem kristallklaren Fl\u00fcsschen Sucuri. Das folgende Video belegt nicht nur die Sch\u00f6nheit des Flusses sondern beweist abschlie\u00dfend, dass wir durchaus auch in Brasilien unter winterlichen Temperaturen leiden m\u00fcssen.<\/p>\n<p><iframe loading=\"lazy\" src=\"http:\/\/www.youtube.com\/embed\/49YjM-QrlbY?rel=0&amp;modestbranding=1\" width=\"560\" height=\"315\" frameborder=\"0\" allowfullscreen=\"allowfullscreen\"><\/iframe><\/p>\n<p>Dann erlebten wir Aras in freier Wildbahn im <a href=\"http:\/\/buracodasararas.com.br\/en\/\" target=\"_blank\">Buraco das Araras <\/a>( siehe Artikel <a href=\"http:\/\/www.segunda-feira.de\/?p=1746\" target=\"_blank\">Das Pantanal ist so wie man sich den Amazonas vorstellt<\/a>)und erforschten die Gruta do Lago Azul (Grotte des blauen Sees) in fachkundiger Begleitung.<\/p>\n<div class='polaroid-gallery galleryid-1813' style='width:auto;'>\n\t\t\t<a href=\"http:\/\/www.segunda-feira.de\/wp-content\/uploads\/2016\/08\/DSC_0803-1024x682.jpg\" title=\"Besuch in der Gruta do Lago Azul in Bonito, Foto: Sylvia Montag\" rel=\"polaroid_1385028580\" class=\"polaroid-gallery-item showcaption\"><span class=\"polaroid-gallery-image\" title=\"\" style=\"background-image: url(http:\/\/www.segunda-feira.de\/wp-content\/uploads\/2016\/08\/DSC_0803-140x140.jpg); width: 140px; height: 140px;\"><\/span><\/a>\n\t\t\t<a href=\"http:\/\/www.segunda-feira.de\/wp-content\/uploads\/2016\/08\/DSC_0816-1024x683.jpg\" title=\"Gruta do Lago Azul in Bonito, Foto: Sylvia Montag\" rel=\"polaroid_1385028580\" class=\"polaroid-gallery-item showcaption\"><span class=\"polaroid-gallery-image\" title=\"\" style=\"background-image: url(http:\/\/www.segunda-feira.de\/wp-content\/uploads\/2016\/08\/DSC_0816-140x140.jpg); width: 140px; height: 140px;\"><\/span><\/a>\n\t\t\t<a href=\"http:\/\/www.segunda-feira.de\/wp-content\/uploads\/2016\/08\/DSC_0836.jpg\" title=\"Die Aras in freier Wildbahn zu erleben ist ber\u00fchrender als jeder Kinoklassiker. Foto: Sylvia Montag\" rel=\"polaroid_1385028580\" class=\"polaroid-gallery-item showcaption\"><span class=\"polaroid-gallery-image\" title=\"\" style=\"background-image: url(http:\/\/www.segunda-feira.de\/wp-content\/uploads\/2016\/08\/DSC_0836-140x140.jpg); width: 140px; height: 140px;\"><\/span><\/a>\n\t\t\t<a href=\"http:\/\/www.segunda-feira.de\/wp-content\/uploads\/2016\/08\/DSC_0864-1024x683.jpg\" title=\"Ara im Buraco das Araras, Bonito, Foto: Sylvia Montag\" rel=\"polaroid_1385028580\" class=\"polaroid-gallery-item showcaption\"><span class=\"polaroid-gallery-image\" title=\"\" style=\"background-image: url(http:\/\/www.segunda-feira.de\/wp-content\/uploads\/2016\/08\/DSC_0864-140x140.jpg); width: 140px; height: 140px;\"><\/span><\/a>\n\t\t\t<br style=\"clear: both;\" \/><\/div>\n\n<p>Am vierten Tag brachen wir in Richtung Kerngebiet des Pantanal auf. Dabei passierten wir <a href=\"https:\/\/goo.gl\/maps\/GAK6Q62ePDx\" target=\"_blank\">Miranda<\/a>, wo wir eine Vollmond-Nacht blieben.<\/p>\n<p><img loading=\"lazy\" decoding=\"async\" class=\"aligncenter size-full wp-image-1761\" src=\"http:\/\/www.segunda-feira.de\/wp-content\/uploads\/2016\/08\/DSC_0898.jpg\" alt=\"Fu\u00dfball bei Vollmond in Miranda, Foto: Sylvia Montag\" width=\"1024\" height=\"683\" srcset=\"http:\/\/www.segunda-feira.de\/wp-content\/uploads\/2016\/08\/DSC_0898.jpg 1024w, http:\/\/www.segunda-feira.de\/wp-content\/uploads\/2016\/08\/DSC_0898-300x200.jpg 300w, http:\/\/www.segunda-feira.de\/wp-content\/uploads\/2016\/08\/DSC_0898-768x512.jpg 768w, http:\/\/www.segunda-feira.de\/wp-content\/uploads\/2016\/08\/DSC_0898-450x300.jpg 450w\" sizes=\"auto, (max-width: 1024px) 100vw, 1024px\" \/><\/p>\n<p>Etappenziel des n\u00e4chsten Tages war der Rio Miranda, den wir mit dem Boot erkunden wollten. Aber bevor wir Alligatoren, Tuiuius und Capibaras zu Gesicht bekamen, durften wir erst einmal unz\u00e4hlige Rinderhintern bewundern.<\/p>\n<p><img loading=\"lazy\" decoding=\"async\" class=\"aligncenter size-full wp-image-1762\" src=\"http:\/\/www.segunda-feira.de\/wp-content\/uploads\/2016\/08\/DSC_0902.jpg\" alt=\"Kuhherde im Pantanal, Foto: Sylvia Montag\" width=\"1024\" height=\"683\" srcset=\"http:\/\/www.segunda-feira.de\/wp-content\/uploads\/2016\/08\/DSC_0902.jpg 1024w, http:\/\/www.segunda-feira.de\/wp-content\/uploads\/2016\/08\/DSC_0902-300x200.jpg 300w, http:\/\/www.segunda-feira.de\/wp-content\/uploads\/2016\/08\/DSC_0902-768x512.jpg 768w, http:\/\/www.segunda-feira.de\/wp-content\/uploads\/2016\/08\/DSC_0902-450x300.jpg 450w\" sizes=\"auto, (max-width: 1024px) 100vw, 1024px\" \/><\/p>\n<p>Der Rio Miranda ist ein Fluss, wie man sich den Amazanos in viel gr\u00f6\u00dfer vorstellen k\u00f6nnte. An seinem Ufer leben kleine Gemeinschaften in Holzh\u00e4usern auf Stelzen und es gibt auch viele Hausboote.<\/p>\n<p><img loading=\"lazy\" decoding=\"async\" class=\"aligncenter size-full wp-image-1763\" src=\"http:\/\/www.segunda-feira.de\/wp-content\/uploads\/2016\/08\/DSC_0924-1.jpg\" alt=\"o Miranda, Pantanal, Foto: Sylvia Montag\" width=\"1024\" height=\"683\" srcset=\"http:\/\/www.segunda-feira.de\/wp-content\/uploads\/2016\/08\/DSC_0924-1.jpg 1024w, http:\/\/www.segunda-feira.de\/wp-content\/uploads\/2016\/08\/DSC_0924-1-300x200.jpg 300w, http:\/\/www.segunda-feira.de\/wp-content\/uploads\/2016\/08\/DSC_0924-1-768x512.jpg 768w, http:\/\/www.segunda-feira.de\/wp-content\/uploads\/2016\/08\/DSC_0924-1-450x300.jpg 450w\" sizes=\"auto, (max-width: 1024px) 100vw, 1024px\" \/><img loading=\"lazy\" decoding=\"async\" class=\"aligncenter size-full wp-image-1764\" src=\"http:\/\/www.segunda-feira.de\/wp-content\/uploads\/2016\/08\/DSC_0925.jpg\" alt=\"Holzh\u00e4user am Rio Miranda, Pantanal, Foto: Sylvia Montag\" width=\"1024\" height=\"683\" srcset=\"http:\/\/www.segunda-feira.de\/wp-content\/uploads\/2016\/08\/DSC_0925.jpg 1024w, http:\/\/www.segunda-feira.de\/wp-content\/uploads\/2016\/08\/DSC_0925-300x200.jpg 300w, http:\/\/www.segunda-feira.de\/wp-content\/uploads\/2016\/08\/DSC_0925-768x512.jpg 768w, http:\/\/www.segunda-feira.de\/wp-content\/uploads\/2016\/08\/DSC_0925-450x300.jpg 450w\" sizes=\"auto, (max-width: 1024px) 100vw, 1024px\" \/><\/p>\n<p>Wir wollten Tiere sehen. Die beste M\u00f6glichkeit ist eine Tour auf dem Wasser. In einer kleinen Gemeinschaft, die sich an der Br\u00fccke angesiedelt hat, fanden wir <em>China<\/em>, der eigentlich Japaner ist und in S\u00e4o Paulo aufwuchs. Er hat ein kleines Motorboot, mit dem wir uns zwei Stunden sp\u00e4ter auf dem Wasser befanden. In der Zwischenzeit verbrachten wir die Zeit mit kleinen Spazierg\u00e4ngen durchs Dorf, Fotografieren und Picknicken. Loukas hat sich indes eine Dorfsch\u00f6nheit verliebt, von der er sich nur ungern wieder trennen wollte.<\/p>\n<div class='polaroid-gallery galleryid-1813' style='width:auto;'>\n\t\t\t<a href=\"http:\/\/www.segunda-feira.de\/wp-content\/uploads\/2016\/08\/DSC_0936-1024x683.jpg\" title=\"Alte Br\u00fccke &#8211; neue Br\u00fccke, Rio Miranda, Pantanal, Foto: Sylvia Montag\" rel=\"polaroid_774364179\" class=\"polaroid-gallery-item showcaption\"><span class=\"polaroid-gallery-image\" title=\"\" style=\"background-image: url(http:\/\/www.segunda-feira.de\/wp-content\/uploads\/2016\/08\/DSC_0936-140x140.jpg); width: 140px; height: 140px;\"><\/span><\/a>\n\t\t\t<a href=\"http:\/\/www.segunda-feira.de\/wp-content\/uploads\/2016\/08\/DSC_0935-1024x683.jpg\" title=\"Kind am Rio Miranda, Pantanal, Foto: Sylvia Montag\" rel=\"polaroid_774364179\" class=\"polaroid-gallery-item showcaption\"><span class=\"polaroid-gallery-image\" title=\"\" style=\"background-image: url(http:\/\/www.segunda-feira.de\/wp-content\/uploads\/2016\/08\/DSC_0935-140x140.jpg); width: 140px; height: 140px;\"><\/span><\/a>\n\t\t\t<a href=\"http:\/\/www.segunda-feira.de\/wp-content\/uploads\/2016\/08\/DSC_0932-1024x683.jpg\" title=\"K\u00e4fer 4 x 4, Foto: Sylvia Montag\" rel=\"polaroid_774364179\" class=\"polaroid-gallery-item showcaption\"><span class=\"polaroid-gallery-image\" title=\"\" style=\"background-image: url(http:\/\/www.segunda-feira.de\/wp-content\/uploads\/2016\/08\/DSC_0932-140x140.jpg); width: 140px; height: 140px;\"><\/span><\/a>\n\t\t\t<a href=\"http:\/\/www.segunda-feira.de\/wp-content\/uploads\/2016\/08\/DSC_0946-1024x682.jpg\" title=\"Arme H\u00fctte, dicke Karre. Foto: Sylvia Montag\" rel=\"polaroid_774364179\" class=\"polaroid-gallery-item showcaption\"><span class=\"polaroid-gallery-image\" title=\"\" style=\"background-image: url(http:\/\/www.segunda-feira.de\/wp-content\/uploads\/2016\/08\/DSC_0946-140x140.jpg); width: 140px; height: 140px;\"><\/span><\/a>\n\t\t\t<a href=\"http:\/\/www.segunda-feira.de\/wp-content\/uploads\/2016\/08\/DSC_0944-1024x683.jpg\" title=\"Loukas in Love, Foto: Sylvia Montag\" rel=\"polaroid_774364179\" class=\"polaroid-gallery-item showcaption\"><span class=\"polaroid-gallery-image\" title=\"\" style=\"background-image: url(http:\/\/www.segunda-feira.de\/wp-content\/uploads\/2016\/08\/DSC_0944-140x140.jpg); width: 140px; height: 140px;\"><\/span><\/a>\n\t\t\t<a href=\"http:\/\/www.segunda-feira.de\/wp-content\/uploads\/2016\/08\/DSC_0951-1024x683.jpg\" title=\"Kinder am Rio Miranda, Foto: Sylvia Montag\" rel=\"polaroid_774364179\" class=\"polaroid-gallery-item showcaption\"><span class=\"polaroid-gallery-image\" title=\"\" style=\"background-image: url(http:\/\/www.segunda-feira.de\/wp-content\/uploads\/2016\/08\/DSC_0951-140x140.jpg); width: 140px; height: 140px;\"><\/span><\/a>\n\t\t\t<br style=\"clear: both;\" \/><\/div>\n\n<p>&nbsp;<\/p>\n<p><iframe loading=\"lazy\" src=\"http:\/\/www.youtube.com\/embed\/Asu2ybetmdw?rel=0&amp;modestbranding=1\" width=\"560\" height=\"315\" frameborder=\"0\" allowfullscreen=\"allowfullscreen\"><\/iframe><\/p>\n<p>Die fotografischer Ausbeute dieser Tour hatte ich schon pr\u00e4sentiert (<a href=\"http:\/\/www.segunda-feira.de\/?p=1746\" target=\"_blank\">Das Pantanal ist so wie man sich den Amazonas vorstellt<\/a>). Im Anschluss der etwa zweist\u00fcndigen Fahrt noch das klassische Gruppenfoto, zu dem sich jeder Brasilianer (gleichwohl portugiesischer, italienischer, chinesischer oder japanischer Herkunft) gerne hergibt.<\/p>\n<p><img loading=\"lazy\" decoding=\"async\" class=\"alignnone size-full wp-image-1782\" src=\"http:\/\/www.segunda-feira.de\/wp-content\/uploads\/2016\/08\/DSC_1035.jpg\" alt=\"Rio Miranda Boat Crew\" width=\"1024\" height=\"683\" srcset=\"http:\/\/www.segunda-feira.de\/wp-content\/uploads\/2016\/08\/DSC_1035.jpg 1024w, http:\/\/www.segunda-feira.de\/wp-content\/uploads\/2016\/08\/DSC_1035-300x200.jpg 300w, http:\/\/www.segunda-feira.de\/wp-content\/uploads\/2016\/08\/DSC_1035-768x512.jpg 768w, http:\/\/www.segunda-feira.de\/wp-content\/uploads\/2016\/08\/DSC_1035-450x300.jpg 450w\" sizes=\"auto, (max-width: 1024px) 100vw, 1024px\" \/><\/p>\n<p>An diesem Abend trennten sich die beiden Reisegruppen. W\u00e4hrend Fl\u00e1vio und Familie zur\u00fcck nach Campo Grande fuhren, blieben Karsten und ich noch zwei weitere N\u00e4chte im Pantanal. Wir \u00fcbernachteten auf einer Fazenda, die jungen Naturbegeisterten aus aller Welt f\u00fcr viel Geld die Wildnis des Pantanals n\u00e4herbrachten\u00a0 (Unterhaltung mit einer Australierin &#8211; Sie: &#8222;Und heute waren wir Bootfahren. Das war sch\u00f6n.&#8220; Ich: &#8222;Ah toll, wir auch. Auf welchem Fluss wart ihr? Rio Miranda oder Rio Paraguai?&#8220; Sie: &#8222;Ach, das weiss ich nicht. Die sagen zu uns immer nur <em>Einsteigen!<\/em> oder <em>Aussteigen!<\/em>&#8220;<\/p>\n<p><img loading=\"lazy\" decoding=\"async\" class=\"alignnone size-full wp-image-1784\" src=\"http:\/\/www.segunda-feira.de\/wp-content\/uploads\/2016\/08\/DSC_1039.jpg\" alt=\"Shuttle von jungen Abenteuerreisenden\" width=\"1024\" height=\"683\" srcset=\"http:\/\/www.segunda-feira.de\/wp-content\/uploads\/2016\/08\/DSC_1039.jpg 1024w, http:\/\/www.segunda-feira.de\/wp-content\/uploads\/2016\/08\/DSC_1039-300x200.jpg 300w, http:\/\/www.segunda-feira.de\/wp-content\/uploads\/2016\/08\/DSC_1039-768x512.jpg 768w, http:\/\/www.segunda-feira.de\/wp-content\/uploads\/2016\/08\/DSC_1039-450x300.jpg 450w\" sizes=\"auto, (max-width: 1024px) 100vw, 1024px\" \/><\/p>\n<p>Bevor wir wieder den Heimweg angetreten sind, sind wir noch einige\u00a0 Kilometer die Parkstra\u00dfe hoch und wieder runter gefahren, haben dort weitere wunderbare Landschafts- und Tiererlebnisse gehabt, sind mit der F\u00e4hre den Rio Paraguai \u00fcbergesetzt und mussten noch eine Mutprobe \u00fcberstehen.<\/p>\n<div class='polaroid-gallery galleryid-1813' style='width:auto;'>\n\t\t\t<a href=\"http:\/\/www.segunda-feira.de\/wp-content\/uploads\/2016\/08\/DSC_1076-1024x683.jpg\" title=\"Die sch\u00f6nste Kaffeepause im Pantanal, Foto: Sylvia Montag\" rel=\"polaroid_1829231874\" class=\"polaroid-gallery-item showcaption\"><span class=\"polaroid-gallery-image\" title=\"\" style=\"background-image: url(http:\/\/www.segunda-feira.de\/wp-content\/uploads\/2016\/08\/DSC_1076-140x140.jpg); width: 140px; height: 140px;\"><\/span><\/a>\n\t\t\t<a href=\"http:\/\/www.segunda-feira.de\/wp-content\/uploads\/2016\/08\/DSC_1075-1024x683.jpg\" title=\"F\u00e4hrschiffer am Rio Paraguai, Foto: Sylvia Montag\" rel=\"polaroid_1829231874\" class=\"polaroid-gallery-item showcaption\"><span class=\"polaroid-gallery-image\" title=\"\" style=\"background-image: url(http:\/\/www.segunda-feira.de\/wp-content\/uploads\/2016\/08\/DSC_1075-140x140.jpg); width: 140px; height: 140px;\"><\/span><\/a>\n\t\t\t<a href=\"http:\/\/www.segunda-feira.de\/wp-content\/uploads\/2016\/08\/DSC_1073-1024x683.jpg\" title=\"Noch mehr Capibaras. Foto: Sylvia Montag\" rel=\"polaroid_1829231874\" class=\"polaroid-gallery-item showcaption\"><span class=\"polaroid-gallery-image\" title=\"\" style=\"background-image: url(http:\/\/www.segunda-feira.de\/wp-content\/uploads\/2016\/08\/DSC_1073-140x140.jpg); width: 140px; height: 140px;\"><\/span><\/a>\n\t\t\t<a href=\"http:\/\/www.segunda-feira.de\/wp-content\/uploads\/2016\/08\/DSC_1043-1024x683.jpg\" title=\"Mit vollem Bauch liegen auch die Kaimane gern faul in der Sonne rum. Foto: Sylvia Montag\" rel=\"polaroid_1829231874\" class=\"polaroid-gallery-item showcaption\"><span class=\"polaroid-gallery-image\" title=\"\" style=\"background-image: url(http:\/\/www.segunda-feira.de\/wp-content\/uploads\/2016\/08\/DSC_1043-140x140.jpg); width: 140px; height: 140px;\"><\/span><\/a>\n\t\t\t<a href=\"http:\/\/www.segunda-feira.de\/wp-content\/uploads\/2016\/08\/DSC_1036-1024x683.jpg\" title=\"Welpen auf der Fazenda do Arara Azul, Foto: Sylvia Montag\" rel=\"polaroid_1829231874\" class=\"polaroid-gallery-item showcaption\"><span class=\"polaroid-gallery-image\" title=\"\" style=\"background-image: url(http:\/\/www.segunda-feira.de\/wp-content\/uploads\/2016\/08\/DSC_1036-140x140.jpg); width: 140px; height: 140px;\"><\/span><\/a>\n\t\t\t<a href=\"http:\/\/www.segunda-feira.de\/wp-content\/uploads\/2016\/08\/DSC_1032-1024x683.jpg\" title=\"Anglerbedarf auf dem Rio Miranda, Foto: Sylvia Montag\" rel=\"polaroid_1829231874\" class=\"polaroid-gallery-item showcaption\"><span class=\"polaroid-gallery-image\" title=\"\" style=\"background-image: url(http:\/\/www.segunda-feira.de\/wp-content\/uploads\/2016\/08\/DSC_1032-140x140.jpg); width: 140px; height: 140px;\"><\/span><\/a>\n\t\t\t<br style=\"clear: both;\" \/><\/div>\n\n<p><iframe loading=\"lazy\" src=\"http:\/\/www.youtube.com\/embed\/t_PFuFC4sik?rel=0&amp;modestbranding=1\" width=\"560\" height=\"315\" frameborder=\"0\" allowfullscreen=\"allowfullscreen\"><\/iframe><\/p>\n<p>Wehen Herzens mussten wir uns dann doch viel zu schnell verabschieden, aus diesem sch\u00f6nen Flecken Erde. Aber bevor wir wieder in die endlosen Mais- und Zuckerrohr-Plantagen eintauchten, begegneten wir noch einmal die uns schon bekannte Rinderherde. Dieses mal von vorne.<img loading=\"lazy\" decoding=\"async\" class=\"alignnone size-full wp-image-1789\" src=\"http:\/\/www.segunda-feira.de\/wp-content\/uploads\/2016\/08\/DSC_1079.jpg\" alt=\"Rinderherde von vorn. Foto: Sylvia Montag\" width=\"1024\" height=\"683\" srcset=\"http:\/\/www.segunda-feira.de\/wp-content\/uploads\/2016\/08\/DSC_1079.jpg 1024w, http:\/\/www.segunda-feira.de\/wp-content\/uploads\/2016\/08\/DSC_1079-300x200.jpg 300w, http:\/\/www.segunda-feira.de\/wp-content\/uploads\/2016\/08\/DSC_1079-768x512.jpg 768w, http:\/\/www.segunda-feira.de\/wp-content\/uploads\/2016\/08\/DSC_1079-450x300.jpg 450w\" sizes=\"auto, (max-width: 1024px) 100vw, 1024px\" \/><\/p>\n","protected":false},"excerpt":{"rendered":"<p>So, jetzt nicht durcheinander kommen&#8230; F\u00fcr alle Hobbygeografen unter uns: Das Pantanal liegt nicht auf dem Weg\u00a0nach Rio. Rio liegt auch nicht auf dem Weg ins Pantanal. Ich komme lediglich erst jetzt dazu, unsere letzte Reise zu illustrieren, die nunmehr &hellip; <a href=\"http:\/\/www.segunda-feira.de\/?p=1813\">Weiterlesen <span class=\"meta-nav\">&rarr;<\/span><\/a><\/p>\n","protected":false},"author":1,"featured_media":0,"comment_status":"open","ping_status":"open","sticky":false,"template":"","format":"standard","meta":{"jetpack_post_was_ever_published":false,"_jetpack_newsletter_access":"","_jetpack_dont_email_post_to_subs":false,"_jetpack_newsletter_tier_id":0,"_jetpack_memberships_contains_paywalled_content":false,"_jetpack_memberships_contains_paid_content":false,"footnotes":"","jetpack_publicize_message":"","jetpack_publicize_feature_enabled":true,"jetpack_social_post_already_shared":true,"jetpack_social_options":{"image_generator_settings":{"template":"highway","default_image_id":0,"font":"","enabled":false},"version":2}},"categories":[1,9],"tags":[],"class_list":["post-1813","post","type-post","status-publish","format-standard","hentry","category-allgemein","category-reise-entdeckungen"],"jetpack_publicize_connections":[],"jetpack_featured_media_url":"","jetpack_sharing_enabled":true,"jetpack_shortlink":"https:\/\/wp.me\/p64WYd-tf","jetpack_likes_enabled":true,"_links":{"self":[{"href":"http:\/\/www.segunda-feira.de\/index.php?rest_route=\/wp\/v2\/posts\/1813","targetHints":{"allow":["GET"]}}],"collection":[{"href":"http:\/\/www.segunda-feira.de\/index.php?rest_route=\/wp\/v2\/posts"}],"about":[{"href":"http:\/\/www.segunda-feira.de\/index.php?rest_route=\/wp\/v2\/types\/post"}],"author":[{"embeddable":true,"href":"http:\/\/www.segunda-feira.de\/index.php?rest_route=\/wp\/v2\/users\/1"}],"replies":[{"embeddable":true,"href":"http:\/\/www.segunda-feira.de\/index.php?rest_route=%2Fwp%2Fv2%2Fcomments&post=1813"}],"version-history":[{"count":19,"href":"http:\/\/www.segunda-feira.de\/index.php?rest_route=\/wp\/v2\/posts\/1813\/revisions"}],"predecessor-version":[{"id":1833,"href":"http:\/\/www.segunda-feira.de\/index.php?rest_route=\/wp\/v2\/posts\/1813\/revisions\/1833"}],"wp:attachment":[{"href":"http:\/\/www.segunda-feira.de\/index.php?rest_route=%2Fwp%2Fv2%2Fmedia&parent=1813"}],"wp:term":[{"taxonomy":"category","embeddable":true,"href":"http:\/\/www.segunda-feira.de\/index.php?rest_route=%2Fwp%2Fv2%2Fcategories&post=1813"},{"taxonomy":"post_tag","embeddable":true,"href":"http:\/\/www.segunda-feira.de\/index.php?rest_route=%2Fwp%2Fv2%2Ftags&post=1813"}],"curies":[{"name":"wp","href":"https:\/\/api.w.org\/{rel}","templated":true}]}}