{"id":1828,"date":"2016-08-11T03:09:03","date_gmt":"2016-08-11T01:09:03","guid":{"rendered":"http:\/\/www.segunda-feira.de\/?p=1828"},"modified":"2019-06-23T12:52:29","modified_gmt":"2019-06-23T10:52:29","slug":"festival-im-centro-olimpico-in-ceilandia","status":"publish","type":"post","link":"http:\/\/www.segunda-feira.de\/?p=1828","title":{"rendered":"Festival im Centro Ol\u00edmpico in Ceil\u00e2ndia"},"content":{"rendered":"<div id=\"attachment_1829\" style=\"width: 1033px\" class=\"wp-caption alignnone\"><img loading=\"lazy\" decoding=\"async\" aria-describedby=\"caption-attachment-1829\" class=\"wp-image-1829 size-full\" src=\"http:\/\/www.segunda-feira.de\/wp-content\/uploads\/2016\/08\/7-Centros-7-L\u00e4nder.jpg\" alt=\"7 Centros 7 L\u00e4nder\" width=\"1023\" height=\"614\" srcset=\"http:\/\/www.segunda-feira.de\/wp-content\/uploads\/2016\/08\/7-Centros-7-L\u00e4nder.jpg 1023w, http:\/\/www.segunda-feira.de\/wp-content\/uploads\/2016\/08\/7-Centros-7-L\u00e4nder-300x180.jpg 300w, http:\/\/www.segunda-feira.de\/wp-content\/uploads\/2016\/08\/7-Centros-7-L\u00e4nder-768x461.jpg 768w, http:\/\/www.segunda-feira.de\/wp-content\/uploads\/2016\/08\/7-Centros-7-L\u00e4nder-500x300.jpg 500w\" sizes=\"auto, (max-width: 1023px) 100vw, 1023px\" \/><p id=\"caption-attachment-1829\" class=\"wp-caption-text\">7 Centros, 7 L\u00e4nder<\/p><\/div>\n<p>Lange habe ich nichts mehr geschrieben. Ich hatte einfach keinen Bock. Jetzt habe ich einiges nachzuholen. So zum Beispiel ein Ereignis, das sich Anfang Juli im <a href=\"https:\/\/maps.google.de\/maps?q=-15.801215,-48.124864&amp;t=h\" target=\"_blank\" rel=\"noopener noreferrer\">Centro Ol\u00edmpico in Ceil\u00e2ndia<\/a> zugetragen hat.<\/p>\n<p>Ich schwimme zweimal die Woche im <a href=\"https:\/\/maps.google.de\/maps?q=-15.891964,-47.781795&amp;t=h\" target=\"_blank\" rel=\"noopener noreferrer\">Centro Ol\u00edmpico in Sao Sebastiao<\/a>. Als mich der Trainer nach der Schwimmstunde fragte, ob ich Lust h\u00e4tte, an einem Festival teilzunehmen, sagte ich zu, ohne zu wissen, was auf mich zukommt. Zwei Tage Sp\u00e4ter, an einem Samstag, musste ich um sieben Uhr morgens in Sao Sebastiao sein, um mit dem Bus weiterzufahren. Ich erfuhr, dass es im Distrito Federal zw\u00f6lf Centros Ol\u00edmpicos gibt und dass sieben davon zu einer Einheit geh\u00f6ren, die regelm\u00e4\u00dfig Festivals veranstalten. Jedes der Centros symbolisiert ein Land. Zuf\u00e4lligerweise steht das Centro Ol\u00edmpico in Sao Sebastiao f\u00fcr Deutschland. Ceil\u00e2ndia symbolisiert China.<\/p>\n<p>Die Fahrt bis nach Ceil\u00e2ndia dauerte eine geschlagene Stunde. Dort angekommen herrschte eine Atmosph\u00e4re wie auf den DLRG-Wettk\u00e4mpfen in Deutschland. Ich f\u00fchlte mich ein wenig wie zuhause.<\/p>\n<p>Eigentlich war ich nur f\u00fcr die 4 mal 50 Meter Kraul-Staffel vorgesehen, doch ich bot mich an, auch mehr zu schwimmen, und so schwamm ich 50 Meter R\u00fccken, 50 Meter Kraul, 2 mal 50 Meter Kraul in der Staffel, da der vierte Mann fehlte, sowie mit insgesamt zehn Schwimmern 30 Minuten lang 25-Meter-Staffeln. Danach konnte ich kaum noch aus dem Becken krabbeln.<\/p>\n<p>Regelrecht ger\u00fchrt war ich von der Abschlussveranstaltung, in der nach dem Singen der Nationalhymne die Vorstellung der Brasilianer von China dargeboten wurde.<\/p>\n<p><iframe loading=\"lazy\" src=\"http:\/\/www.youtube.com\/embed\/2-Qa5w_GqgA?rel=0&amp;modestbranding=1\" width=\"560\" height=\"315\" frameborder=\"0\" allowfullscreen=\"allowfullscreen\"><\/iframe><\/p>\n<p>Das Ergebnis w\u00fcrde meine ehemalige Schwimmtrainerin stolz machen.<\/p>\n<p><img loading=\"lazy\" decoding=\"async\" class=\"alignnone size-medium wp-image-1830\" src=\"http:\/\/www.segunda-feira.de\/wp-content\/uploads\/2016\/08\/Strahlender-Sieger-225x300.jpg\" alt=\"Strahlender Sieger\" width=\"225\" height=\"300\" srcset=\"http:\/\/www.segunda-feira.de\/wp-content\/uploads\/2016\/08\/Strahlender-Sieger-225x300.jpg 225w, http:\/\/www.segunda-feira.de\/wp-content\/uploads\/2016\/08\/Strahlender-Sieger.jpg 768w\" sizes=\"auto, (max-width: 225px) 100vw, 225px\" \/><\/p>\n","protected":false},"excerpt":{"rendered":"<p>Lange habe ich nichts mehr geschrieben. Ich hatte einfach keinen Bock. Jetzt habe ich einiges nachzuholen. So zum Beispiel ein Ereignis, das sich Anfang Juli im Centro Ol\u00edmpico in Ceil\u00e2ndia zugetragen hat. Ich schwimme zweimal die Woche im Centro Ol\u00edmpico &hellip; <a href=\"http:\/\/www.segunda-feira.de\/?p=1828\">Weiterlesen <span class=\"meta-nav\">&rarr;<\/span><\/a><\/p>\n","protected":false},"author":1,"featured_media":0,"comment_status":"open","ping_status":"open","sticky":false,"template":"","format":"standard","meta":{"jetpack_post_was_ever_published":false,"_jetpack_newsletter_access":"","_jetpack_dont_email_post_to_subs":false,"_jetpack_newsletter_tier_id":0,"_jetpack_memberships_contains_paywalled_content":false,"_jetpack_memberships_contains_paid_content":false,"footnotes":"","jetpack_publicize_message":"","jetpack_publicize_feature_enabled":true,"jetpack_social_post_already_shared":true,"jetpack_social_options":{"image_generator_settings":{"template":"highway","default_image_id":0,"font":"","enabled":false},"version":2}},"categories":[1,9],"tags":[],"class_list":["post-1828","post","type-post","status-publish","format-standard","hentry","category-allgemein","category-reise-entdeckungen"],"jetpack_publicize_connections":[],"jetpack_featured_media_url":"","jetpack_sharing_enabled":true,"jetpack_shortlink":"https:\/\/wp.me\/p64WYd-tu","jetpack_likes_enabled":true,"_links":{"self":[{"href":"http:\/\/www.segunda-feira.de\/index.php?rest_route=\/wp\/v2\/posts\/1828","targetHints":{"allow":["GET"]}}],"collection":[{"href":"http:\/\/www.segunda-feira.de\/index.php?rest_route=\/wp\/v2\/posts"}],"about":[{"href":"http:\/\/www.segunda-feira.de\/index.php?rest_route=\/wp\/v2\/types\/post"}],"author":[{"embeddable":true,"href":"http:\/\/www.segunda-feira.de\/index.php?rest_route=\/wp\/v2\/users\/1"}],"replies":[{"embeddable":true,"href":"http:\/\/www.segunda-feira.de\/index.php?rest_route=%2Fwp%2Fv2%2Fcomments&post=1828"}],"version-history":[{"count":3,"href":"http:\/\/www.segunda-feira.de\/index.php?rest_route=\/wp\/v2\/posts\/1828\/revisions"}],"predecessor-version":[{"id":2419,"href":"http:\/\/www.segunda-feira.de\/index.php?rest_route=\/wp\/v2\/posts\/1828\/revisions\/2419"}],"wp:attachment":[{"href":"http:\/\/www.segunda-feira.de\/index.php?rest_route=%2Fwp%2Fv2%2Fmedia&parent=1828"}],"wp:term":[{"taxonomy":"category","embeddable":true,"href":"http:\/\/www.segunda-feira.de\/index.php?rest_route=%2Fwp%2Fv2%2Fcategories&post=1828"},{"taxonomy":"post_tag","embeddable":true,"href":"http:\/\/www.segunda-feira.de\/index.php?rest_route=%2Fwp%2Fv2%2Ftags&post=1828"}],"curies":[{"name":"wp","href":"https:\/\/api.w.org\/{rel}","templated":true}]}}