{"id":1872,"date":"2016-09-06T04:07:04","date_gmt":"2016-09-06T02:07:04","guid":{"rendered":"http:\/\/www.segunda-feira.de\/?p=1872"},"modified":"2016-09-06T04:25:19","modified_gmt":"2016-09-06T02:25:19","slug":"tropfsteinhoehlen-hast-du-eine-gesehen-hast-du-alle-gesehen","status":"publish","type":"post","link":"http:\/\/www.segunda-feira.de\/?p=1872","title":{"rendered":"Tropfsteinh\u00f6hlen &#8211; Hast du eine gesehen, hast du alle gesehen"},"content":{"rendered":"<p>Das n\u00e4chste Ziel auf unserer Reise nach Rio war die &#8222;<a href=\"https:\/\/maps.google.de\/maps?q=-19.125033,-44.352786&amp;t=h\" target=\"_blank\">Gruta de Maquin\u00e9<\/a>&#8220; kurz vor Belo Horizonte. Ich bin zu dem Schluss gekommen, dass sich nicht nur s\u00e4mtliche Tropfsteinh\u00f6hlen verdammt \u00e4hneln, sondern auch die Spr\u00fcche der Touristenf\u00fchrer: &#8222;Stalagmiten, Stalagtiten und seht mal dort. Sieht das nicht aus wie ein Pferdekopf, ein Salamander oder ein erigierter&#8230;?&#8220;<\/p>\n<p>Ich glaube, das war meine letzte Tropfsteinh\u00f6hle.<\/p>\n<div class='polaroid-gallery galleryid-1872' style='width:auto;'>\n\t\t\t<a href=\"http:\/\/www.segunda-feira.de\/wp-content\/uploads\/2016\/09\/Gruta-de-Maquin\u00e9-I.jpg\" title=\"Gruta de Maquin\u00e9 I\" rel=\"polaroid_874402736\" class=\"polaroid-gallery-item showcaption\"><span class=\"polaroid-gallery-image\" title=\"\" style=\"background-image: url(http:\/\/www.segunda-feira.de\/wp-content\/uploads\/2016\/09\/Gruta-de-Maquin\u00e9-I-140x140.jpg); width: 140px; height: 140px;\"><\/span><\/a>\n\t\t\t<a href=\"http:\/\/www.segunda-feira.de\/wp-content\/uploads\/2016\/09\/Gruta-de-Maquin\u00e9-II.jpg\" title=\"Gruta de Maquin\u00e9 II\" rel=\"polaroid_874402736\" class=\"polaroid-gallery-item showcaption\"><span class=\"polaroid-gallery-image\" title=\"\" style=\"background-image: url(http:\/\/www.segunda-feira.de\/wp-content\/uploads\/2016\/09\/Gruta-de-Maquin\u00e9-II-140x140.jpg); width: 140px; height: 140px;\"><\/span><\/a>\n\t\t\t<a href=\"http:\/\/www.segunda-feira.de\/wp-content\/uploads\/2016\/09\/Gruta-de-Maquin\u00e9-III.jpg\" title=\"Gruta de Maquin\u00e9 III\" rel=\"polaroid_874402736\" class=\"polaroid-gallery-item showcaption\"><span class=\"polaroid-gallery-image\" title=\"\" style=\"background-image: url(http:\/\/www.segunda-feira.de\/wp-content\/uploads\/2016\/09\/Gruta-de-Maquin\u00e9-III-140x140.jpg); width: 140px; height: 140px;\"><\/span><\/a>\n\t\t\t<a href=\"http:\/\/www.segunda-feira.de\/wp-content\/uploads\/2016\/09\/Gruta-de-Maquin\u00e9-Ray-Girl.jpg\" title=\"Gruta de Maquin\u00e9 &#8211; Ray Girl\" rel=\"polaroid_874402736\" class=\"polaroid-gallery-item showcaption\"><span class=\"polaroid-gallery-image\" title=\"\" style=\"background-image: url(http:\/\/www.segunda-feira.de\/wp-content\/uploads\/2016\/09\/Gruta-de-Maquin\u00e9-Ray-Girl-140x140.jpg); width: 140px; height: 140px;\"><\/span><\/a>\n\t\t\t<br style=\"clear: both;\" \/><\/div>\n\n","protected":false},"excerpt":{"rendered":"<p>Das n\u00e4chste Ziel auf unserer Reise nach Rio war die &#8222;Gruta de Maquin\u00e9&#8220; kurz vor Belo Horizonte. Ich bin zu dem Schluss gekommen, dass sich nicht nur s\u00e4mtliche Tropfsteinh\u00f6hlen verdammt \u00e4hneln, sondern auch die Spr\u00fcche der Touristenf\u00fchrer: &#8222;Stalagmiten, Stalagtiten und &hellip; <a href=\"http:\/\/www.segunda-feira.de\/?p=1872\">Weiterlesen <span class=\"meta-nav\">&rarr;<\/span><\/a><\/p>\n","protected":false},"author":1,"featured_media":0,"comment_status":"open","ping_status":"open","sticky":false,"template":"","format":"standard","meta":{"jetpack_post_was_ever_published":false,"_jetpack_newsletter_access":"","_jetpack_dont_email_post_to_subs":false,"_jetpack_newsletter_tier_id":0,"_jetpack_memberships_contains_paywalled_content":false,"_jetpack_memberships_contains_paid_content":false,"footnotes":"","jetpack_publicize_message":"","jetpack_publicize_feature_enabled":true,"jetpack_social_post_already_shared":true,"jetpack_social_options":{"image_generator_settings":{"template":"highway","default_image_id":0,"font":"","enabled":false},"version":2}},"categories":[1,12,9],"tags":[],"class_list":["post-1872","post","type-post","status-publish","format-standard","hentry","category-allgemein","category-erkenntnisse","category-reise-entdeckungen"],"jetpack_publicize_connections":[],"jetpack_featured_media_url":"","jetpack_sharing_enabled":true,"jetpack_shortlink":"https:\/\/wp.me\/p64WYd-uc","jetpack_likes_enabled":true,"_links":{"self":[{"href":"http:\/\/www.segunda-feira.de\/index.php?rest_route=\/wp\/v2\/posts\/1872","targetHints":{"allow":["GET"]}}],"collection":[{"href":"http:\/\/www.segunda-feira.de\/index.php?rest_route=\/wp\/v2\/posts"}],"about":[{"href":"http:\/\/www.segunda-feira.de\/index.php?rest_route=\/wp\/v2\/types\/post"}],"author":[{"embeddable":true,"href":"http:\/\/www.segunda-feira.de\/index.php?rest_route=\/wp\/v2\/users\/1"}],"replies":[{"embeddable":true,"href":"http:\/\/www.segunda-feira.de\/index.php?rest_route=%2Fwp%2Fv2%2Fcomments&post=1872"}],"version-history":[{"count":3,"href":"http:\/\/www.segunda-feira.de\/index.php?rest_route=\/wp\/v2\/posts\/1872\/revisions"}],"predecessor-version":[{"id":1890,"href":"http:\/\/www.segunda-feira.de\/index.php?rest_route=\/wp\/v2\/posts\/1872\/revisions\/1890"}],"wp:attachment":[{"href":"http:\/\/www.segunda-feira.de\/index.php?rest_route=%2Fwp%2Fv2%2Fmedia&parent=1872"}],"wp:term":[{"taxonomy":"category","embeddable":true,"href":"http:\/\/www.segunda-feira.de\/index.php?rest_route=%2Fwp%2Fv2%2Fcategories&post=1872"},{"taxonomy":"post_tag","embeddable":true,"href":"http:\/\/www.segunda-feira.de\/index.php?rest_route=%2Fwp%2Fv2%2Ftags&post=1872"}],"curies":[{"name":"wp","href":"https:\/\/api.w.org\/{rel}","templated":true}]}}