{"id":1879,"date":"2016-09-06T04:20:11","date_gmt":"2016-09-06T02:20:11","guid":{"rendered":"http:\/\/www.segunda-feira.de\/?p=1879"},"modified":"2016-09-06T04:20:59","modified_gmt":"2016-09-06T02:20:59","slug":"bei-quilombolas","status":"publish","type":"post","link":"http:\/\/www.segunda-feira.de\/?p=1879","title":{"rendered":"Bei Quilombolas"},"content":{"rendered":"<p>Auf der Suche nach einem Standplatz f\u00fcr die Nacht sind wir einfach einer Erdstra\u00dfe hinter der Gruta de Maquin\u00e9 gefolgt und haben ein Tiergatter nach dem n\u00e4chsten passiert, bis wir vor dem Haus einer kleinen Fazenda standen. Dort trafen wir Ronaldo, einen <a href=\"https:\/\/de.wikipedia.org\/wiki\/Quilombo\" target=\"_blank\">Quilombola<\/a>.<\/p>\n<div class='polaroid-gallery galleryid-1879' style='width:auto;'>\n\t\t\t<a href=\"http:\/\/www.segunda-feira.de\/wp-content\/uploads\/2016\/09\/Quilombola-Urlaub-Ronaldo-und-Familie-und-Syl.jpg\" title=\"Quilombola-Urlaub &#8211; Ronaldo und Familie und Syl\" rel=\"polaroid_894178018\" class=\"polaroid-gallery-item showcaption\"><span class=\"polaroid-gallery-image\" title=\"\" style=\"background-image: url(http:\/\/www.segunda-feira.de\/wp-content\/uploads\/2016\/09\/Quilombola-Urlaub-Ronaldo-und-Familie-und-Syl-140x140.jpg); width: 140px; height: 140px;\"><\/span><\/a>\n\t\t\t<a href=\"http:\/\/www.segunda-feira.de\/wp-content\/uploads\/2016\/09\/Quilombola-Urlaub-Ronaldo-und-Familie-und-Kar.jpg\" title=\"Quilombola-Urlaub &#8211; Ronaldo und Familie und Kar\" rel=\"polaroid_894178018\" class=\"polaroid-gallery-item showcaption\"><span class=\"polaroid-gallery-image\" title=\"\" style=\"background-image: url(http:\/\/www.segunda-feira.de\/wp-content\/uploads\/2016\/09\/Quilombola-Urlaub-Ronaldo-und-Familie-und-Kar-140x140.jpg); width: 140px; height: 140px;\"><\/span><\/a>\n\t\t\t<br style=\"clear: both;\" \/><\/div>\n\n<p>Wir fragten, ob wir auf seinem Grundst\u00fcck \u00fcbernachten d\u00fcrften, und stolz zeigte er uns daraufhin seinen Grund und Boden. Wir entschieden uns f\u00fcr eine Anh\u00f6he mit einem wunderbaren Blick \u00fcber die Gegend.<\/p>\n<div class='polaroid-gallery galleryid-1879' style='width:auto;'>\n\t\t\t<a href=\"http:\/\/www.segunda-feira.de\/wp-content\/uploads\/2016\/09\/Quilombola-Urlaub-I.jpg\" title=\"Quilombola-Urlaub I\" rel=\"polaroid_619158649\" class=\"polaroid-gallery-item showcaption\"><span class=\"polaroid-gallery-image\" title=\"\" style=\"background-image: url(http:\/\/www.segunda-feira.de\/wp-content\/uploads\/2016\/09\/Quilombola-Urlaub-I-140x140.jpg); width: 140px; height: 140px;\"><\/span><\/a>\n\t\t\t<a href=\"http:\/\/www.segunda-feira.de\/wp-content\/uploads\/2016\/09\/Quilombola-Urlaub-Sylvana.jpg\" title=\"Quilombola-Urlaub &#8211; Sylvana\" rel=\"polaroid_619158649\" class=\"polaroid-gallery-item showcaption\"><span class=\"polaroid-gallery-image\" title=\"\" style=\"background-image: url(http:\/\/www.segunda-feira.de\/wp-content\/uploads\/2016\/09\/Quilombola-Urlaub-Sylvana-140x140.jpg); width: 140px; height: 140px;\"><\/span><\/a>\n\t\t\t<a href=\"http:\/\/www.segunda-feira.de\/wp-content\/uploads\/2016\/09\/Quilombola-Urlaub-II.jpg\" title=\"Quilombola-Urlaub &#8211; II\" rel=\"polaroid_619158649\" class=\"polaroid-gallery-item showcaption\"><span class=\"polaroid-gallery-image\" title=\"\" style=\"background-image: url(http:\/\/www.segunda-feira.de\/wp-content\/uploads\/2016\/09\/Quilombola-Urlaub-II-140x140.jpg); width: 140px; height: 140px;\"><\/span><\/a>\n\t\t\t<a href=\"http:\/\/www.segunda-feira.de\/wp-content\/uploads\/2016\/09\/Quilombola-Urlaub-III.jpg\" title=\"Quilombola-Urlaub &#8211; III\" rel=\"polaroid_619158649\" class=\"polaroid-gallery-item showcaption\"><span class=\"polaroid-gallery-image\" title=\"\" style=\"background-image: url(http:\/\/www.segunda-feira.de\/wp-content\/uploads\/2016\/09\/Quilombola-Urlaub-III-140x140.jpg); width: 140px; height: 140px;\"><\/span><\/a>\n\t\t\t<a href=\"http:\/\/www.segunda-feira.de\/wp-content\/uploads\/2016\/09\/Quilombola-Urlaub-Morgenstund-hat-Amalgan-im-Mund.jpg\" title=\"Quilombola-Urlaub &#8211; Morgenstund hat Amalgan im Mund\" rel=\"polaroid_619158649\" class=\"polaroid-gallery-item showcaption\"><span class=\"polaroid-gallery-image\" title=\"\" style=\"background-image: url(http:\/\/www.segunda-feira.de\/wp-content\/uploads\/2016\/09\/Quilombola-Urlaub-Morgenstund-hat-Amalgan-im-Mund-140x140.jpg); width: 140px; height: 140px;\"><\/span><\/a>\n\t\t\t<br style=\"clear: both;\" \/><\/div>\n\n","protected":false},"excerpt":{"rendered":"<p>Auf der Suche nach einem Standplatz f\u00fcr die Nacht sind wir einfach einer Erdstra\u00dfe hinter der Gruta de Maquin\u00e9 gefolgt und haben ein Tiergatter nach dem n\u00e4chsten passiert, bis wir vor dem Haus einer kleinen Fazenda standen. Dort trafen wir &hellip; <a href=\"http:\/\/www.segunda-feira.de\/?p=1879\">Weiterlesen <span class=\"meta-nav\">&rarr;<\/span><\/a><\/p>\n","protected":false},"author":1,"featured_media":0,"comment_status":"open","ping_status":"open","sticky":false,"template":"","format":"standard","meta":{"jetpack_post_was_ever_published":false,"_jetpack_newsletter_access":"","_jetpack_dont_email_post_to_subs":false,"_jetpack_newsletter_tier_id":0,"_jetpack_memberships_contains_paywalled_content":false,"_jetpack_memberships_contains_paid_content":false,"footnotes":"","jetpack_publicize_message":"","jetpack_publicize_feature_enabled":true,"jetpack_social_post_already_shared":true,"jetpack_social_options":{"image_generator_settings":{"template":"highway","default_image_id":0,"font":"","enabled":false},"version":2}},"categories":[1,9],"tags":[],"class_list":["post-1879","post","type-post","status-publish","format-standard","hentry","category-allgemein","category-reise-entdeckungen"],"jetpack_publicize_connections":[],"jetpack_featured_media_url":"","jetpack_sharing_enabled":true,"jetpack_shortlink":"https:\/\/wp.me\/p64WYd-uj","jetpack_likes_enabled":true,"_links":{"self":[{"href":"http:\/\/www.segunda-feira.de\/index.php?rest_route=\/wp\/v2\/posts\/1879","targetHints":{"allow":["GET"]}}],"collection":[{"href":"http:\/\/www.segunda-feira.de\/index.php?rest_route=\/wp\/v2\/posts"}],"about":[{"href":"http:\/\/www.segunda-feira.de\/index.php?rest_route=\/wp\/v2\/types\/post"}],"author":[{"embeddable":true,"href":"http:\/\/www.segunda-feira.de\/index.php?rest_route=\/wp\/v2\/users\/1"}],"replies":[{"embeddable":true,"href":"http:\/\/www.segunda-feira.de\/index.php?rest_route=%2Fwp%2Fv2%2Fcomments&post=1879"}],"version-history":[{"count":3,"href":"http:\/\/www.segunda-feira.de\/index.php?rest_route=\/wp\/v2\/posts\/1879\/revisions"}],"predecessor-version":[{"id":1889,"href":"http:\/\/www.segunda-feira.de\/index.php?rest_route=\/wp\/v2\/posts\/1879\/revisions\/1889"}],"wp:attachment":[{"href":"http:\/\/www.segunda-feira.de\/index.php?rest_route=%2Fwp%2Fv2%2Fmedia&parent=1879"}],"wp:term":[{"taxonomy":"category","embeddable":true,"href":"http:\/\/www.segunda-feira.de\/index.php?rest_route=%2Fwp%2Fv2%2Fcategories&post=1879"},{"taxonomy":"post_tag","embeddable":true,"href":"http:\/\/www.segunda-feira.de\/index.php?rest_route=%2Fwp%2Fv2%2Ftags&post=1879"}],"curies":[{"name":"wp","href":"https:\/\/api.w.org\/{rel}","templated":true}]}}