{"id":1898,"date":"2016-09-06T04:53:43","date_gmt":"2016-09-06T02:53:43","guid":{"rendered":"http:\/\/www.segunda-feira.de\/?p=1898"},"modified":"2016-09-06T04:53:43","modified_gmt":"2016-09-06T02:53:43","slug":"brasilien-so-wie-ich-es-mir-urspruenglich-vorgestellt-hatte","status":"publish","type":"post","link":"http:\/\/www.segunda-feira.de\/?p=1898","title":{"rendered":"Brasilien, so wie ich es mir urspr\u00fcnglich vorgestellt hatte"},"content":{"rendered":"<p>Auf der Suche nach einem Standplatz bei Ouro Preto, einer Goldgr\u00e4berstadt, die im 18. Jahrhundert ihre Bl\u00fctezeit erlebte, fanden wir zuf\u00e4llig einen der sch\u00f6nsten Orte Brasiliens. Mitten in einer bergartigen Region, am Rande eines Offroad-Trails campierten wir drei N\u00e4chte in der <a href=\"https:\/\/maps.google.de\/maps?q=-20.442285,-43.556467&amp;t=h\" target=\"_blank\">Wildnis<\/a>, ohne gest\u00f6rt zu werden. Um uns herum keine Z\u00e4une, alles war frei zug\u00e4nglich. So hatte ich mir in meiner Phantasie ganz Brasilien vorgestellt.<\/p>\n<div class='polaroid-gallery galleryid-1898' style='width:auto;'>\n\t\t\t<a href=\"http:\/\/www.segunda-feira.de\/wp-content\/uploads\/2016\/09\/Zwischen-Ouro-Preto-und-Ouro-Branco-I.jpg\" title=\"Zwischen Ouro Preto und Ouro Branco I\" rel=\"polaroid_1192535508\" class=\"polaroid-gallery-item showcaption\"><span class=\"polaroid-gallery-image\" title=\"\" style=\"background-image: url(http:\/\/www.segunda-feira.de\/wp-content\/uploads\/2016\/09\/Zwischen-Ouro-Preto-und-Ouro-Branco-I-140x140.jpg); width: 140px; height: 140px;\"><\/span><\/a>\n\t\t\t<a href=\"http:\/\/www.segunda-feira.de\/wp-content\/uploads\/2016\/09\/Zwischen-Ouro-Preto-und-Ouro-Branco-VI.jpg\" title=\"Zwischen Ouro Preto und Ouro Branco VI\" rel=\"polaroid_1192535508\" class=\"polaroid-gallery-item showcaption\"><span class=\"polaroid-gallery-image\" title=\"\" style=\"background-image: url(http:\/\/www.segunda-feira.de\/wp-content\/uploads\/2016\/09\/Zwischen-Ouro-Preto-und-Ouro-Branco-VI-140x140.jpg); width: 140px; height: 140px;\"><\/span><\/a>\n\t\t\t<a href=\"http:\/\/www.segunda-feira.de\/wp-content\/uploads\/2016\/09\/Zwischen-Ouro-Preto-und-Ouro-Branco-VII.jpg\" title=\"Zwischen Ouro Preto und Ouro Branco VII\" rel=\"polaroid_1192535508\" class=\"polaroid-gallery-item showcaption\"><span class=\"polaroid-gallery-image\" title=\"\" style=\"background-image: url(http:\/\/www.segunda-feira.de\/wp-content\/uploads\/2016\/09\/Zwischen-Ouro-Preto-und-Ouro-Branco-VII-140x140.jpg); width: 140px; height: 140px;\"><\/span><\/a>\n\t\t\t<a href=\"http:\/\/www.segunda-feira.de\/wp-content\/uploads\/2016\/09\/Zwischen-Ouro-Preto-und-Ouro-Branco-II.jpg\" title=\"Zwischen Ouro Preto und Ouro Branco II\" rel=\"polaroid_1192535508\" class=\"polaroid-gallery-item showcaption\"><span class=\"polaroid-gallery-image\" title=\"\" style=\"background-image: url(http:\/\/www.segunda-feira.de\/wp-content\/uploads\/2016\/09\/Zwischen-Ouro-Preto-und-Ouro-Branco-II-140x140.jpg); width: 140px; height: 140px;\"><\/span><\/a>\n\t\t\t<a href=\"http:\/\/www.segunda-feira.de\/wp-content\/uploads\/2016\/09\/Zwischen-Ouro-Preto-und-Ouro-Branco-III.jpg\" title=\"Zwischen Ouro Preto und Ouro Branco III\" rel=\"polaroid_1192535508\" class=\"polaroid-gallery-item showcaption\"><span class=\"polaroid-gallery-image\" title=\"\" style=\"background-image: url(http:\/\/www.segunda-feira.de\/wp-content\/uploads\/2016\/09\/Zwischen-Ouro-Preto-und-Ouro-Branco-III-140x140.jpg); width: 140px; height: 140px;\"><\/span><\/a>\n\t\t\t<a href=\"http:\/\/www.segunda-feira.de\/wp-content\/uploads\/2016\/09\/Zwischen-Ouro-Preto-und-Ouro-Branco-VIII.jpg\" title=\"Zwischen Ouro Preto und Ouro Branco VIII\" rel=\"polaroid_1192535508\" class=\"polaroid-gallery-item showcaption\"><span class=\"polaroid-gallery-image\" title=\"\" style=\"background-image: url(http:\/\/www.segunda-feira.de\/wp-content\/uploads\/2016\/09\/Zwischen-Ouro-Preto-und-Ouro-Branco-VIII-140x140.jpg); width: 140px; height: 140px;\"><\/span><\/a>\n\t\t\t<a href=\"http:\/\/www.segunda-feira.de\/wp-content\/uploads\/2016\/09\/Zwischen-Ouro-Preto-und-Ouro-Branco-IV.jpg\" title=\"Zwischen Ouro Preto und Ouro Branco IV\" rel=\"polaroid_1192535508\" class=\"polaroid-gallery-item showcaption\"><span class=\"polaroid-gallery-image\" title=\"\" style=\"background-image: url(http:\/\/www.segunda-feira.de\/wp-content\/uploads\/2016\/09\/Zwischen-Ouro-Preto-und-Ouro-Branco-IV-140x140.jpg); width: 140px; height: 140px;\"><\/span><\/a>\n\t\t\t<a href=\"http:\/\/www.segunda-feira.de\/wp-content\/uploads\/2016\/09\/Zwischen-Ouro-Preto-und-Ouro-Branco-Morgentoilette.jpg\" title=\"Zwischen Ouro Preto und Ouro Branco &#8211; Morgentoilette\" rel=\"polaroid_1192535508\" class=\"polaroid-gallery-item showcaption\"><span class=\"polaroid-gallery-image\" title=\"\" style=\"background-image: url(http:\/\/www.segunda-feira.de\/wp-content\/uploads\/2016\/09\/Zwischen-Ouro-Preto-und-Ouro-Branco-Morgentoilette-140x140.jpg); width: 140px; height: 140px;\"><\/span><\/a>\n\t\t\t<a href=\"http:\/\/www.segunda-feira.de\/wp-content\/uploads\/2016\/09\/Zwischen-Ouro-Preto-und-Ouro-Branco-Suchbild-mit-Auto.jpg\" title=\"Zwischen Ouro Preto und Ouro Branco &#8211; Suchbild mit Auto\" rel=\"polaroid_1192535508\" class=\"polaroid-gallery-item showcaption\"><span class=\"polaroid-gallery-image\" title=\"\" style=\"background-image: url(http:\/\/www.segunda-feira.de\/wp-content\/uploads\/2016\/09\/Zwischen-Ouro-Preto-und-Ouro-Branco-Suchbild-mit-Auto-140x140.jpg); width: 140px; height: 140px;\"><\/span><\/a>\n\t\t\t<a href=\"http:\/\/www.segunda-feira.de\/wp-content\/uploads\/2016\/09\/Zwischen-Ouro-Preto-und-Ouro-Branco-Wandertag.jpg\" title=\"Zwischen Ouro Preto und Ouro Branco &#8211; Wandertag\" rel=\"polaroid_1192535508\" class=\"polaroid-gallery-item showcaption\"><span class=\"polaroid-gallery-image\" title=\"\" style=\"background-image: url(http:\/\/www.segunda-feira.de\/wp-content\/uploads\/2016\/09\/Zwischen-Ouro-Preto-und-Ouro-Branco-Wandertag-140x140.jpg); width: 140px; height: 140px;\"><\/span><\/a>\n\t\t\t<a href=\"http:\/\/www.segunda-feira.de\/wp-content\/uploads\/2016\/09\/Zwischen-Ouro-Preto-und-Ouro-Branco-Hundeurlaub.jpg\" title=\"Zwischen Ouro Preto und Ouro Branco &#8211; Hundeurlaub\" rel=\"polaroid_1192535508\" class=\"polaroid-gallery-item showcaption\"><span class=\"polaroid-gallery-image\" title=\"\" style=\"background-image: url(http:\/\/www.segunda-feira.de\/wp-content\/uploads\/2016\/09\/Zwischen-Ouro-Preto-und-Ouro-Branco-Hundeurlaub-140x140.jpg); width: 140px; height: 140px;\"><\/span><\/a>\n\t\t\t<br style=\"clear: both;\" \/><\/div>\n\n<p>Der Hund war vollends zufrieden mit unserer Wahl.<\/p>\n<p><img loading=\"lazy\" decoding=\"async\" class=\"alignnone size-full wp-image-1899\" src=\"http:\/\/www.segunda-feira.de\/wp-content\/uploads\/2016\/09\/Zwischen-Ouro-Preto-und-Ouro-Branco-Hundegl\u00fcck.jpg\" alt=\"Zwischen Ouro Preto und Ouro Branco - Hundegl\u00fcck\" width=\"1023\" height=\"614\" srcset=\"http:\/\/www.segunda-feira.de\/wp-content\/uploads\/2016\/09\/Zwischen-Ouro-Preto-und-Ouro-Branco-Hundegl\u00fcck.jpg 1023w, http:\/\/www.segunda-feira.de\/wp-content\/uploads\/2016\/09\/Zwischen-Ouro-Preto-und-Ouro-Branco-Hundegl\u00fcck-300x180.jpg 300w, http:\/\/www.segunda-feira.de\/wp-content\/uploads\/2016\/09\/Zwischen-Ouro-Preto-und-Ouro-Branco-Hundegl\u00fcck-768x461.jpg 768w, http:\/\/www.segunda-feira.de\/wp-content\/uploads\/2016\/09\/Zwischen-Ouro-Preto-und-Ouro-Branco-Hundegl\u00fcck-500x300.jpg 500w\" sizes=\"auto, (max-width: 1023px) 100vw, 1023px\" \/><\/p>\n","protected":false},"excerpt":{"rendered":"<p>Auf der Suche nach einem Standplatz bei Ouro Preto, einer Goldgr\u00e4berstadt, die im 18. Jahrhundert ihre Bl\u00fctezeit erlebte, fanden wir zuf\u00e4llig einen der sch\u00f6nsten Orte Brasiliens. Mitten in einer bergartigen Region, am Rande eines Offroad-Trails campierten wir drei N\u00e4chte in &hellip; <a href=\"http:\/\/www.segunda-feira.de\/?p=1898\">Weiterlesen <span class=\"meta-nav\">&rarr;<\/span><\/a><\/p>\n","protected":false},"author":1,"featured_media":0,"comment_status":"open","ping_status":"open","sticky":false,"template":"","format":"standard","meta":{"jetpack_post_was_ever_published":false,"_jetpack_newsletter_access":"","_jetpack_dont_email_post_to_subs":false,"_jetpack_newsletter_tier_id":0,"_jetpack_memberships_contains_paywalled_content":false,"_jetpack_memberships_contains_paid_content":false,"footnotes":"","jetpack_publicize_message":"","jetpack_publicize_feature_enabled":true,"jetpack_social_post_already_shared":true,"jetpack_social_options":{"image_generator_settings":{"template":"highway","default_image_id":0,"font":"","enabled":false},"version":2}},"categories":[1,9],"tags":[],"class_list":["post-1898","post","type-post","status-publish","format-standard","hentry","category-allgemein","category-reise-entdeckungen"],"jetpack_publicize_connections":[],"jetpack_featured_media_url":"","jetpack_sharing_enabled":true,"jetpack_shortlink":"https:\/\/wp.me\/p64WYd-uC","jetpack_likes_enabled":true,"_links":{"self":[{"href":"http:\/\/www.segunda-feira.de\/index.php?rest_route=\/wp\/v2\/posts\/1898","targetHints":{"allow":["GET"]}}],"collection":[{"href":"http:\/\/www.segunda-feira.de\/index.php?rest_route=\/wp\/v2\/posts"}],"about":[{"href":"http:\/\/www.segunda-feira.de\/index.php?rest_route=\/wp\/v2\/types\/post"}],"author":[{"embeddable":true,"href":"http:\/\/www.segunda-feira.de\/index.php?rest_route=\/wp\/v2\/users\/1"}],"replies":[{"embeddable":true,"href":"http:\/\/www.segunda-feira.de\/index.php?rest_route=%2Fwp%2Fv2%2Fcomments&post=1898"}],"version-history":[{"count":1,"href":"http:\/\/www.segunda-feira.de\/index.php?rest_route=\/wp\/v2\/posts\/1898\/revisions"}],"predecessor-version":[{"id":1911,"href":"http:\/\/www.segunda-feira.de\/index.php?rest_route=\/wp\/v2\/posts\/1898\/revisions\/1911"}],"wp:attachment":[{"href":"http:\/\/www.segunda-feira.de\/index.php?rest_route=%2Fwp%2Fv2%2Fmedia&parent=1898"}],"wp:term":[{"taxonomy":"category","embeddable":true,"href":"http:\/\/www.segunda-feira.de\/index.php?rest_route=%2Fwp%2Fv2%2Fcategories&post=1898"},{"taxonomy":"post_tag","embeddable":true,"href":"http:\/\/www.segunda-feira.de\/index.php?rest_route=%2Fwp%2Fv2%2Ftags&post=1898"}],"curies":[{"name":"wp","href":"https:\/\/api.w.org\/{rel}","templated":true}]}}