{"id":1912,"date":"2016-09-06T06:56:23","date_gmt":"2016-09-06T04:56:23","guid":{"rendered":"http:\/\/www.segunda-feira.de\/?p=1912"},"modified":"2016-09-14T12:38:20","modified_gmt":"2016-09-14T10:38:20","slug":"ouro-preto-mit-dem-gold-aus-dieser-stadt-wurden-in-portugal-schloesser-gebaut-und-kriege-finanziert","status":"publish","type":"post","link":"http:\/\/www.segunda-feira.de\/?p=1912","title":{"rendered":"Ouro Preto &#8211; Mit dem Gold aus dieser Stadt wurden in Portugal Schl\u00f6sser gebaut und Kriege finanziert"},"content":{"rendered":"<p><a href=\"https:\/\/de.wikipedia.org\/wiki\/Ouro_Preto\" target=\"_blank\">Ouro Preto<\/a> (auf Deutsch: Schwarzes Gold) ist eine 70.000-Seelen-Kleinstadt in den Bergen <a href=\"https:\/\/maps.google.de\/maps?q=-20.385335,-43.503589&amp;t=h\" target=\"_blank\">s\u00fcdlich von Belo Horizonte<\/a>. In seiner Bl\u00fctezeit im 18. Jahrhundert lebten hier \u00fcber 100.000 Menschen, gr\u00f6\u00dftenteils Sklaven, die in den Minen rund um die Stadt Gold f\u00f6rderten, mit welchem die portugiesische Krone ihre Macht in Europa ausbaute.<\/p>\n<div class='polaroid-gallery galleryid-1912' style='width:auto;'>\n\t\t\t<a href=\"http:\/\/www.segunda-feira.de\/wp-content\/uploads\/2016\/09\/Ouro-Preto-I.jpg\" title=\"Ouro Preto I\" rel=\"polaroid_1243006337\" class=\"polaroid-gallery-item showcaption\"><span class=\"polaroid-gallery-image\" title=\"\" style=\"background-image: url(http:\/\/www.segunda-feira.de\/wp-content\/uploads\/2016\/09\/Ouro-Preto-I-140x140.jpg); width: 140px; height: 140px;\"><\/span><\/a>\n\t\t\t<a href=\"http:\/\/www.segunda-feira.de\/wp-content\/uploads\/2016\/09\/Ouro-Preto-II.jpg\" title=\"Ouro Preto II\" rel=\"polaroid_1243006337\" class=\"polaroid-gallery-item showcaption\"><span class=\"polaroid-gallery-image\" title=\"\" style=\"background-image: url(http:\/\/www.segunda-feira.de\/wp-content\/uploads\/2016\/09\/Ouro-Preto-II-140x140.jpg); width: 140px; height: 140px;\"><\/span><\/a>\n\t\t\t<a href=\"http:\/\/www.segunda-feira.de\/wp-content\/uploads\/2016\/09\/Ouro-Preto-III.jpg\" title=\"Ouro Preto III\" rel=\"polaroid_1243006337\" class=\"polaroid-gallery-item showcaption\"><span class=\"polaroid-gallery-image\" title=\"\" style=\"background-image: url(http:\/\/www.segunda-feira.de\/wp-content\/uploads\/2016\/09\/Ouro-Preto-III-140x140.jpg); width: 140px; height: 140px;\"><\/span><\/a>\n\t\t\t<a href=\"http:\/\/www.segunda-feira.de\/wp-content\/uploads\/2016\/09\/Ouro-Preto-IV.jpg\" title=\"Ouro Preto IV\" rel=\"polaroid_1243006337\" class=\"polaroid-gallery-item showcaption\"><span class=\"polaroid-gallery-image\" title=\"\" style=\"background-image: url(http:\/\/www.segunda-feira.de\/wp-content\/uploads\/2016\/09\/Ouro-Preto-IV-140x140.jpg); width: 140px; height: 140px;\"><\/span><\/a>\n\t\t\t<a href=\"http:\/\/www.segunda-feira.de\/wp-content\/uploads\/2016\/09\/Ouro-Preto-Souveniermarkt.jpg\" title=\"Ouro Preto &#8211; Souveniermarkt\" rel=\"polaroid_1243006337\" class=\"polaroid-gallery-item showcaption\"><span class=\"polaroid-gallery-image\" title=\"\" style=\"background-image: url(http:\/\/www.segunda-feira.de\/wp-content\/uploads\/2016\/09\/Ouro-Preto-Souveniermarkt-140x140.jpg); width: 140px; height: 140px;\"><\/span><\/a>\n\t\t\t<a href=\"http:\/\/www.segunda-feira.de\/wp-content\/uploads\/2016\/09\/Ouro-Preto-Tiradentesplatz.jpg\" title=\"Ouro Preto &#8211; Tiradentesplatz\" rel=\"polaroid_1243006337\" class=\"polaroid-gallery-item showcaption\"><span class=\"polaroid-gallery-image\" title=\"\" style=\"background-image: url(http:\/\/www.segunda-feira.de\/wp-content\/uploads\/2016\/09\/Ouro-Preto-Tiradentesplatz-140x140.jpg); width: 140px; height: 140px;\"><\/span><\/a>\n\t\t\t<a href=\"http:\/\/www.segunda-feira.de\/wp-content\/uploads\/2016\/09\/Ouro-Preto-V.jpg\" title=\"Ouro Preto V\" rel=\"polaroid_1243006337\" class=\"polaroid-gallery-item showcaption\"><span class=\"polaroid-gallery-image\" title=\"\" style=\"background-image: url(http:\/\/www.segunda-feira.de\/wp-content\/uploads\/2016\/09\/Ouro-Preto-V-140x140.jpg); width: 140px; height: 140px;\"><\/span><\/a>\n\t\t\t<a href=\"http:\/\/www.segunda-feira.de\/wp-content\/uploads\/2016\/09\/Ouro-Preto-VI.jpg\" title=\"Ouro Preto VI\" rel=\"polaroid_1243006337\" class=\"polaroid-gallery-item showcaption\"><span class=\"polaroid-gallery-image\" title=\"\" style=\"background-image: url(http:\/\/www.segunda-feira.de\/wp-content\/uploads\/2016\/09\/Ouro-Preto-VI-140x140.jpg); width: 140px; height: 140px;\"><\/span><\/a>\n\t\t\t<a href=\"http:\/\/www.segunda-feira.de\/wp-content\/uploads\/2016\/09\/Ouro-Preto-VII.jpg\" title=\"Ouro Preto VII\" rel=\"polaroid_1243006337\" class=\"polaroid-gallery-item showcaption\"><span class=\"polaroid-gallery-image\" title=\"\" style=\"background-image: url(http:\/\/www.segunda-feira.de\/wp-content\/uploads\/2016\/09\/Ouro-Preto-VII-140x140.jpg); width: 140px; height: 140px;\"><\/span><\/a>\n\t\t\t<br style=\"clear: both;\" \/><\/div>\n\n<p>Da die Stadt von Kolonialisten im 18. Jahrhundert erbaut wurde, sieht sie so gar nicht aus wie der Rest Brasiliens. Zur Erinnerung: Brasiliens St\u00e4dte sehen in weiten Teilen so aus:<\/p>\n<p><img loading=\"lazy\" decoding=\"async\" class=\"alignnone size-full wp-image-1933\" src=\"http:\/\/www.segunda-feira.de\/wp-content\/uploads\/2016\/09\/Typisch-Brasilien.jpg\" alt=\"Typisch Brasilien\" width=\"1023\" height=\"682\" srcset=\"http:\/\/www.segunda-feira.de\/wp-content\/uploads\/2016\/09\/Typisch-Brasilien.jpg 1023w, http:\/\/www.segunda-feira.de\/wp-content\/uploads\/2016\/09\/Typisch-Brasilien-300x200.jpg 300w, http:\/\/www.segunda-feira.de\/wp-content\/uploads\/2016\/09\/Typisch-Brasilien-768x512.jpg 768w, http:\/\/www.segunda-feira.de\/wp-content\/uploads\/2016\/09\/Typisch-Brasilien-450x300.jpg 450w\" sizes=\"auto, (max-width: 1023px) 100vw, 1023px\" \/><\/p>\n<p>Brasilien ist in den letzten 200 Jahren schnell gewachsen. Ziegelsteine, Beton und Improvisationstalent sind da eher gefragt als Putz, Stuck und Ornamente. Immerhin gibt es noch die Architekturperle Bras\u00edlia, Weltkulturerbe:<\/p>\n<p><img loading=\"lazy\" decoding=\"async\" class=\"alignnone size-full wp-image-1923\" src=\"http:\/\/www.segunda-feira.de\/wp-content\/uploads\/2016\/09\/Brasilia.jpg\" alt=\"Brasilia\" width=\"1023\" height=\"614\" srcset=\"http:\/\/www.segunda-feira.de\/wp-content\/uploads\/2016\/09\/Brasilia.jpg 1023w, http:\/\/www.segunda-feira.de\/wp-content\/uploads\/2016\/09\/Brasilia-300x180.jpg 300w, http:\/\/www.segunda-feira.de\/wp-content\/uploads\/2016\/09\/Brasilia-768x461.jpg 768w, http:\/\/www.segunda-feira.de\/wp-content\/uploads\/2016\/09\/Brasilia-500x300.jpg 500w\" sizes=\"auto, (max-width: 1023px) 100vw, 1023px\" \/><\/p>\n<p>Verdammt, ich habe das Gef\u00fchl, das macht es auch nicht besser. Lassen wir es vielleicht einfach bei der Aussage: Brasiliens Durchschnittsstadt ist eher unattraktiv. Ungef\u00e4hr so unattraktiv wie eine Ruhrgebietsstadt, die im Zweiten Weltkrieg zerbombt und danach schnell und billig wieder aufgebaut wurde.<\/p>\n<p>Kommen wir lieber wieder zur\u00fcck zu Ouro Preto. Was man heute dort bewundern kann, ist die Geschichte der reichen und hochn\u00e4sigen wei\u00dfen Kolonialisten aus Europa, welche keine Skrupel hatten, die indigenen Ureinwohner abzuschlachten und Sklaven aus Afrika f\u00fcr sich arbeiten zu lassen. Nirgendwo findet man in der Stadt einen Hinweis darauf, unter welchen Umst\u00e4nden der Gro\u00dfteil ihrer Bev\u00f6lkerung gezwungen war zu leben und zu arbeiten. Erst au\u00dferhalb der Stadt, auf dem Weg in ein weiteres Kolonialst\u00e4dtchen namens Mariana, kann man eine Goldmine namens &#8222;Mina da Passagem&#8220; besuchen, die in ihrem Ausbau und ihrer Technik jedoch auf dem Stand der 80er Jahre ist, als man dort den Betrieb eingestellt hat. Da man im 18. Jahrhundert noch nicht \u00fcber Dynamit verf\u00fcgte und die Sch\u00e4chte und Stollen noch mit der Hacke in den Fels hauen musste, waren die G\u00e4nge zu dieser Zeit ganz sicher nicht so komfortabel ausgebaut, wie auf den folgenden Bildern zu sehen ist.<\/p>\n<p><iframe loading=\"lazy\" src=\"http:\/\/www.dailymotion.com\/embed\/video\/x4s158n\" width=\"560\" height=\"315\" frameborder=\"0\" allowfullscreen=\"allowfullscreen\"><\/iframe><\/p>\n<div class='polaroid-gallery galleryid-1912' style='width:auto;'>\n\t\t\t<a href=\"http:\/\/www.segunda-feira.de\/wp-content\/uploads\/2016\/09\/Mina-Passagem-I.jpg\" title=\"Mina Passagem I\" rel=\"polaroid_794878743\" class=\"polaroid-gallery-item showcaption\"><span class=\"polaroid-gallery-image\" title=\"\" style=\"background-image: url(http:\/\/www.segunda-feira.de\/wp-content\/uploads\/2016\/09\/Mina-Passagem-I-140x140.jpg); width: 140px; height: 140px;\"><\/span><\/a>\n\t\t\t<a href=\"http:\/\/www.segunda-feira.de\/wp-content\/uploads\/2016\/09\/Mina-Passagem-III.jpg\" title=\"Mina Passagem III\" rel=\"polaroid_794878743\" class=\"polaroid-gallery-item showcaption\"><span class=\"polaroid-gallery-image\" title=\"\" style=\"background-image: url(http:\/\/www.segunda-feira.de\/wp-content\/uploads\/2016\/09\/Mina-Passagem-III-140x140.jpg); width: 140px; height: 140px;\"><\/span><\/a>\n\t\t\t<a href=\"http:\/\/www.segunda-feira.de\/wp-content\/uploads\/2016\/09\/Mina-Passagem-IV.jpg\" title=\"Mina Passagem IV\" rel=\"polaroid_794878743\" class=\"polaroid-gallery-item showcaption\"><span class=\"polaroid-gallery-image\" title=\"\" style=\"background-image: url(http:\/\/www.segunda-feira.de\/wp-content\/uploads\/2016\/09\/Mina-Passagem-IV-140x140.jpg); width: 140px; height: 140px;\"><\/span><\/a>\n\t\t\t<br style=\"clear: both;\" \/><\/div>\n\n<p>In vielen Souvenierl\u00e4den Brasiliens findet man heute noch Figuren, die ein Bild von der schwarzen, versklavten Bev\u00f6lkerung Brasiliens darstellen, welches zwar niedlich aussieht, jedoch nichts anders als pure Diskriminierung ist.<\/p>\n<p><img loading=\"lazy\" decoding=\"async\" class=\"alignnone size-full wp-image-1929\" src=\"http:\/\/www.segunda-feira.de\/wp-content\/uploads\/2016\/09\/Bild-der-Farbigen-in-Brasilien.jpg\" alt=\"Bild der Farbigen in Brasilien\" width=\"1023\" height=\"614\" srcset=\"http:\/\/www.segunda-feira.de\/wp-content\/uploads\/2016\/09\/Bild-der-Farbigen-in-Brasilien.jpg 1023w, http:\/\/www.segunda-feira.de\/wp-content\/uploads\/2016\/09\/Bild-der-Farbigen-in-Brasilien-300x180.jpg 300w, http:\/\/www.segunda-feira.de\/wp-content\/uploads\/2016\/09\/Bild-der-Farbigen-in-Brasilien-768x461.jpg 768w, http:\/\/www.segunda-feira.de\/wp-content\/uploads\/2016\/09\/Bild-der-Farbigen-in-Brasilien-500x300.jpg 500w\" sizes=\"auto, (max-width: 1023px) 100vw, 1023px\" \/><\/p>\n<p>Und mit der neuen Regierung, die mithilfe eines Senats, der zur H\u00e4lfte aus Politikern besteht, gegen die wegen Korruption ermittelt wird, an die Macht gekommen ist, wird die Diskriminierung ganz offen fortgesetzt. \u00dcber die H\u00e4lfte der Bev\u00f6lkerung Brasiliens ist dunkelh\u00e4utig. Nicht ein einziger dunkelh\u00e4utiger Politiker ist in der Regierung Michel Temers vertreten.<\/p>\n","protected":false},"excerpt":{"rendered":"<p>Ouro Preto (auf Deutsch: Schwarzes Gold) ist eine 70.000-Seelen-Kleinstadt in den Bergen s\u00fcdlich von Belo Horizonte. In seiner Bl\u00fctezeit im 18. Jahrhundert lebten hier \u00fcber 100.000 Menschen, gr\u00f6\u00dftenteils Sklaven, die in den Minen rund um die Stadt Gold f\u00f6rderten, mit &hellip; <a href=\"http:\/\/www.segunda-feira.de\/?p=1912\">Weiterlesen <span class=\"meta-nav\">&rarr;<\/span><\/a><\/p>\n","protected":false},"author":1,"featured_media":0,"comment_status":"open","ping_status":"open","sticky":false,"template":"","format":"standard","meta":{"jetpack_post_was_ever_published":false,"_jetpack_newsletter_access":"","_jetpack_dont_email_post_to_subs":true,"_jetpack_newsletter_tier_id":0,"_jetpack_memberships_contains_paywalled_content":false,"_jetpack_memberships_contains_paid_content":false,"footnotes":"","jetpack_publicize_message":"","jetpack_publicize_feature_enabled":true,"jetpack_social_post_already_shared":true,"jetpack_social_options":{"image_generator_settings":{"template":"highway","default_image_id":0,"font":"","enabled":false},"version":2}},"categories":[1,14,9],"tags":[],"class_list":["post-1912","post","type-post","status-publish","format-standard","hentry","category-allgemein","category-politik","category-reise-entdeckungen"],"jetpack_publicize_connections":[],"jetpack_featured_media_url":"","jetpack_sharing_enabled":true,"jetpack_shortlink":"https:\/\/wp.me\/p64WYd-uQ","jetpack_likes_enabled":true,"_links":{"self":[{"href":"http:\/\/www.segunda-feira.de\/index.php?rest_route=\/wp\/v2\/posts\/1912","targetHints":{"allow":["GET"]}}],"collection":[{"href":"http:\/\/www.segunda-feira.de\/index.php?rest_route=\/wp\/v2\/posts"}],"about":[{"href":"http:\/\/www.segunda-feira.de\/index.php?rest_route=\/wp\/v2\/types\/post"}],"author":[{"embeddable":true,"href":"http:\/\/www.segunda-feira.de\/index.php?rest_route=\/wp\/v2\/users\/1"}],"replies":[{"embeddable":true,"href":"http:\/\/www.segunda-feira.de\/index.php?rest_route=%2Fwp%2Fv2%2Fcomments&post=1912"}],"version-history":[{"count":6,"href":"http:\/\/www.segunda-feira.de\/index.php?rest_route=\/wp\/v2\/posts\/1912\/revisions"}],"predecessor-version":[{"id":1954,"href":"http:\/\/www.segunda-feira.de\/index.php?rest_route=\/wp\/v2\/posts\/1912\/revisions\/1954"}],"wp:attachment":[{"href":"http:\/\/www.segunda-feira.de\/index.php?rest_route=%2Fwp%2Fv2%2Fmedia&parent=1912"}],"wp:term":[{"taxonomy":"category","embeddable":true,"href":"http:\/\/www.segunda-feira.de\/index.php?rest_route=%2Fwp%2Fv2%2Fcategories&post=1912"},{"taxonomy":"post_tag","embeddable":true,"href":"http:\/\/www.segunda-feira.de\/index.php?rest_route=%2Fwp%2Fv2%2Ftags&post=1912"}],"curies":[{"name":"wp","href":"https:\/\/api.w.org\/{rel}","templated":true}]}}