{"id":1936,"date":"2016-09-13T22:38:02","date_gmt":"2016-09-13T20:38:02","guid":{"rendered":"http:\/\/www.segunda-feira.de\/?p=1936"},"modified":"2016-09-13T22:38:23","modified_gmt":"2016-09-13T20:38:23","slug":"hundeurlaub-und-george-der-klavierspielende-bananenernter","status":"publish","type":"post","link":"http:\/\/www.segunda-feira.de\/?p=1936","title":{"rendered":"Hundeurlaub und George, der klavierspielende Bananenernter"},"content":{"rendered":"<p>Ein paar Tage haben wir in der N\u00e4he von Nova Friburgo verbracht, eine von Schweizern gegr\u00fcndete Stadt nord\u00f6stlich von Rio de Janeiro. Eine ehemalige Nachbarin aus unserem Condominio in Brasilia hat ihr <a href=\"https:\/\/maps.google.de\/maps?q=-22.260662,-42.285917&amp;t=h\" target=\"_blank\">Haus<\/a> dort f\u00fcr uns zur Verf\u00fcgung gestellt.<\/p>\n<p>Der Hund fand&#8217;s super.<\/p>\n<p><iframe loading=\"lazy\" src=\"http:\/\/www.dailymotion.com\/embed\/video\/x4t13ph\" width=\"560\" height=\"315\" frameborder=\"0\" allowfullscreen=\"allowfullscreen\"><\/iframe><\/p>\n<p>Einen ganzen Nachmittag haben wir mit George verbracht, einem Klavierstimmer und Restaurator aus New York, der sich in dem Tal ein Grundst\u00fcck gekauft hat. In der N\u00e4he vom Meer gibt es keinen Cerrado mehr. Die Vegetation nennt sich in dieser Gegend Mata Atlantica. Berge wie in den deutschen Voralpen, k\u00fchle Meeresluft und hohe B\u00e4ume erinnern sehr an die Heimat, au\u00dfer, dass \u00fcberall Bananen wachsen.<\/p>\n<div class='polaroid-gallery galleryid-1936' style='width:auto;'>\n\t\t\t<a href=\"http:\/\/www.segunda-feira.de\/wp-content\/uploads\/2016\/09\/George.jpg\" title=\"george\" rel=\"polaroid_132162066\" class=\"polaroid-gallery-item showcaption\"><span class=\"polaroid-gallery-image\" title=\"\" style=\"background-image: url(http:\/\/www.segunda-feira.de\/wp-content\/uploads\/2016\/09\/George-140x140.jpg); width: 140px; height: 140px;\"><\/span><\/a>\n\t\t\t<a href=\"http:\/\/www.segunda-feira.de\/wp-content\/uploads\/2016\/09\/Bananen-ernten-mit-George.jpg\" title=\"bananen-ernten-mit-george\" rel=\"polaroid_132162066\" class=\"polaroid-gallery-item showcaption\"><span class=\"polaroid-gallery-image\" title=\"\" style=\"background-image: url(http:\/\/www.segunda-feira.de\/wp-content\/uploads\/2016\/09\/Bananen-ernten-mit-George-140x140.jpg); width: 140px; height: 140px;\"><\/span><\/a>\n\t\t\t<a href=\"http:\/\/www.segunda-feira.de\/wp-content\/uploads\/2016\/09\/Urwald.jpg\" title=\"urwald\" rel=\"polaroid_132162066\" class=\"polaroid-gallery-item showcaption\"><span class=\"polaroid-gallery-image\" title=\"\" style=\"background-image: url(http:\/\/www.segunda-feira.de\/wp-content\/uploads\/2016\/09\/Urwald-140x140.jpg); width: 140px; height: 140px;\"><\/span><\/a>\n\t\t\t<a href=\"http:\/\/www.segunda-feira.de\/wp-content\/uploads\/2016\/09\/Mata-Atlantica.jpg\" title=\"mata-atlantica\" rel=\"polaroid_132162066\" class=\"polaroid-gallery-item showcaption\"><span class=\"polaroid-gallery-image\" title=\"\" style=\"background-image: url(http:\/\/www.segunda-feira.de\/wp-content\/uploads\/2016\/09\/Mata-Atlantica-140x140.jpg); width: 140px; height: 140px;\"><\/span><\/a>\n\t\t\t<a href=\"http:\/\/www.segunda-feira.de\/wp-content\/uploads\/2016\/09\/Banane-du-geile-Frucht-1024x819.jpg\" title=\"banane-du-geile-frucht\" rel=\"polaroid_132162066\" class=\"polaroid-gallery-item showcaption\"><span class=\"polaroid-gallery-image\" title=\"\" style=\"background-image: url(http:\/\/www.segunda-feira.de\/wp-content\/uploads\/2016\/09\/Banane-du-geile-Frucht-140x140.jpg); width: 140px; height: 140px;\"><\/span><\/a>\n\t\t\t<br style=\"clear: both;\" \/><\/div>\n\n","protected":false},"excerpt":{"rendered":"<p>Ein paar Tage haben wir in der N\u00e4he von Nova Friburgo verbracht, eine von Schweizern gegr\u00fcndete Stadt nord\u00f6stlich von Rio de Janeiro. Eine ehemalige Nachbarin aus unserem Condominio in Brasilia hat ihr Haus dort f\u00fcr uns zur Verf\u00fcgung gestellt. Der &hellip; <a href=\"http:\/\/www.segunda-feira.de\/?p=1936\">Weiterlesen <span class=\"meta-nav\">&rarr;<\/span><\/a><\/p>\n","protected":false},"author":1,"featured_media":0,"comment_status":"open","ping_status":"open","sticky":false,"template":"","format":"standard","meta":{"jetpack_post_was_ever_published":false,"_jetpack_newsletter_access":"","_jetpack_dont_email_post_to_subs":true,"_jetpack_newsletter_tier_id":0,"_jetpack_memberships_contains_paywalled_content":false,"_jetpack_memberships_contains_paid_content":false,"footnotes":"","jetpack_publicize_message":"","jetpack_publicize_feature_enabled":true,"jetpack_social_post_already_shared":true,"jetpack_social_options":{"image_generator_settings":{"template":"highway","default_image_id":0,"font":"","enabled":false},"version":2}},"categories":[1,9],"tags":[],"class_list":["post-1936","post","type-post","status-publish","format-standard","hentry","category-allgemein","category-reise-entdeckungen"],"jetpack_publicize_connections":[],"jetpack_featured_media_url":"","jetpack_sharing_enabled":true,"jetpack_shortlink":"https:\/\/wp.me\/p64WYd-ve","jetpack_likes_enabled":true,"_links":{"self":[{"href":"http:\/\/www.segunda-feira.de\/index.php?rest_route=\/wp\/v2\/posts\/1936","targetHints":{"allow":["GET"]}}],"collection":[{"href":"http:\/\/www.segunda-feira.de\/index.php?rest_route=\/wp\/v2\/posts"}],"about":[{"href":"http:\/\/www.segunda-feira.de\/index.php?rest_route=\/wp\/v2\/types\/post"}],"author":[{"embeddable":true,"href":"http:\/\/www.segunda-feira.de\/index.php?rest_route=\/wp\/v2\/users\/1"}],"replies":[{"embeddable":true,"href":"http:\/\/www.segunda-feira.de\/index.php?rest_route=%2Fwp%2Fv2%2Fcomments&post=1936"}],"version-history":[{"count":2,"href":"http:\/\/www.segunda-feira.de\/index.php?rest_route=\/wp\/v2\/posts\/1936\/revisions"}],"predecessor-version":[{"id":1943,"href":"http:\/\/www.segunda-feira.de\/index.php?rest_route=\/wp\/v2\/posts\/1936\/revisions\/1943"}],"wp:attachment":[{"href":"http:\/\/www.segunda-feira.de\/index.php?rest_route=%2Fwp%2Fv2%2Fmedia&parent=1936"}],"wp:term":[{"taxonomy":"category","embeddable":true,"href":"http:\/\/www.segunda-feira.de\/index.php?rest_route=%2Fwp%2Fv2%2Fcategories&post=1936"},{"taxonomy":"post_tag","embeddable":true,"href":"http:\/\/www.segunda-feira.de\/index.php?rest_route=%2Fwp%2Fv2%2Ftags&post=1936"}],"curies":[{"name":"wp","href":"https:\/\/api.w.org\/{rel}","templated":true}]}}