{"id":1944,"date":"2016-09-13T23:04:23","date_gmt":"2016-09-13T21:04:23","guid":{"rendered":"http:\/\/www.segunda-feira.de\/?p=1944"},"modified":"2016-09-13T23:04:23","modified_gmt":"2016-09-13T21:04:23","slug":"waldspaziergaenge-mit-den-schwiegereltern","status":"publish","type":"post","link":"http:\/\/www.segunda-feira.de\/?p=1944","title":{"rendered":"Waldspazierg\u00e4nge mit den Schwiegereltern"},"content":{"rendered":"<p><img loading=\"lazy\" decoding=\"async\" class=\"alignnone size-full wp-image-1945\" src=\"http:\/\/www.segunda-feira.de\/wp-content\/uploads\/2016\/09\/Renate-und-J\u00fcrgen.jpg\" alt=\"renate-und-juergen\" width=\"1023\" height=\"682\" srcset=\"http:\/\/www.segunda-feira.de\/wp-content\/uploads\/2016\/09\/Renate-und-J\u00fcrgen.jpg 1023w, http:\/\/www.segunda-feira.de\/wp-content\/uploads\/2016\/09\/Renate-und-J\u00fcrgen-300x200.jpg 300w, http:\/\/www.segunda-feira.de\/wp-content\/uploads\/2016\/09\/Renate-und-J\u00fcrgen-768x512.jpg 768w, http:\/\/www.segunda-feira.de\/wp-content\/uploads\/2016\/09\/Renate-und-J\u00fcrgen-450x300.jpg 450w\" sizes=\"auto, (max-width: 1023px) 100vw, 1023px\" \/><\/p>\n<p>Die n\u00e4chsten drei Wochen verbringen wir mit Sylvias Eltern. Erste Station war in der <a href=\"https:\/\/maps.google.de\/maps?q=-22.497528,-42.994757&amp;t=h\" target=\"_blank\">N\u00e4he eines Nationalparks<\/a> n\u00f6rdlich von Rio de Janeiro.<\/p>\n<div class='polaroid-gallery galleryid-1944' style='width:auto;'>\n\t\t\t<a href=\"http:\/\/www.segunda-feira.de\/wp-content\/uploads\/2016\/09\/Terezopolis.jpg\" title=\"terezopolis\" rel=\"polaroid_338832657\" class=\"polaroid-gallery-item showcaption\"><span class=\"polaroid-gallery-image\" title=\"\" style=\"background-image: url(http:\/\/www.segunda-feira.de\/wp-content\/uploads\/2016\/09\/Terezopolis-140x140.jpg); width: 140px; height: 140px;\"><\/span><\/a>\n\t\t\t<a href=\"http:\/\/www.segunda-feira.de\/wp-content\/uploads\/2016\/09\/Wildnispfad.jpg\" title=\"wildnispfad\" rel=\"polaroid_338832657\" class=\"polaroid-gallery-item showcaption\"><span class=\"polaroid-gallery-image\" title=\"\" style=\"background-image: url(http:\/\/www.segunda-feira.de\/wp-content\/uploads\/2016\/09\/Wildnispfad-140x140.jpg); width: 140px; height: 140px;\"><\/span><\/a>\n\t\t\t<a href=\"http:\/\/www.segunda-feira.de\/wp-content\/uploads\/2016\/09\/Oktopusbaum.jpg\" title=\"oktopusbaum\" rel=\"polaroid_338832657\" class=\"polaroid-gallery-item showcaption\"><span class=\"polaroid-gallery-image\" title=\"\" style=\"background-image: url(http:\/\/www.segunda-feira.de\/wp-content\/uploads\/2016\/09\/Oktopusbaum-140x140.jpg); width: 140px; height: 140px;\"><\/span><\/a>\n\t\t\t<a href=\"http:\/\/www.segunda-feira.de\/wp-content\/uploads\/2016\/09\/Symbiosen-und-Parasiten.jpg\" title=\"symbiosen-und-parasiten\" rel=\"polaroid_338832657\" class=\"polaroid-gallery-item showcaption\"><span class=\"polaroid-gallery-image\" title=\"\" style=\"background-image: url(http:\/\/www.segunda-feira.de\/wp-content\/uploads\/2016\/09\/Symbiosen-und-Parasiten-140x140.jpg); width: 140px; height: 140px;\"><\/span><\/a>\n\t\t\t<a href=\"http:\/\/www.segunda-feira.de\/wp-content\/uploads\/2016\/09\/Wildnisbach.jpg\" title=\"wildnisbach\" rel=\"polaroid_338832657\" class=\"polaroid-gallery-item showcaption\"><span class=\"polaroid-gallery-image\" title=\"\" style=\"background-image: url(http:\/\/www.segunda-feira.de\/wp-content\/uploads\/2016\/09\/Wildnisbach-140x140.jpg); width: 140px; height: 140px;\"><\/span><\/a>\n\t\t\t<a href=\"http:\/\/www.segunda-feira.de\/wp-content\/uploads\/2016\/09\/Wie-hei\u00dft-dieses-Tier-wohl.jpg\" title=\"wie-heisst-dieses-tier-wohl\" rel=\"polaroid_338832657\" class=\"polaroid-gallery-item showcaption\"><span class=\"polaroid-gallery-image\" title=\"\" style=\"background-image: url(http:\/\/www.segunda-feira.de\/wp-content\/uploads\/2016\/09\/Wie-hei\u00dft-dieses-Tier-wohl-140x140.jpg); width: 140px; height: 140px;\"><\/span><\/a>\n\t\t\t<br style=\"clear: both;\" \/><\/div>\n\n<p>Sch\u00f6n finde ich ja solche Hinweisschilder, die extra f\u00fcr die wilden Tiere angebracht werden&#8230;<\/p>\n<p><img loading=\"lazy\" decoding=\"async\" class=\"alignnone size-full wp-image-1952\" src=\"http:\/\/www.segunda-feira.de\/wp-content\/uploads\/2016\/09\/F\u00fcttern-verboten.jpg\" alt=\"fuettern-verboten\" width=\"1023\" height=\"614\" srcset=\"http:\/\/www.segunda-feira.de\/wp-content\/uploads\/2016\/09\/F\u00fcttern-verboten.jpg 1023w, http:\/\/www.segunda-feira.de\/wp-content\/uploads\/2016\/09\/F\u00fcttern-verboten-300x180.jpg 300w, http:\/\/www.segunda-feira.de\/wp-content\/uploads\/2016\/09\/F\u00fcttern-verboten-768x461.jpg 768w, http:\/\/www.segunda-feira.de\/wp-content\/uploads\/2016\/09\/F\u00fcttern-verboten-500x300.jpg 500w\" sizes=\"auto, (max-width: 1023px) 100vw, 1023px\" \/><\/p>\n<p>&#8230; welche sich sehr dar\u00fcber freuen, dass sie in den M\u00fclltonnen alles finden, was sie brauchen.<\/p>\n<p><iframe loading=\"lazy\" src=\"http:\/\/www.dailymotion.com\/embed\/video\/x4t14jj\" width=\"560\" height=\"315\" frameborder=\"0\" allowfullscreen=\"allowfullscreen\"><\/iframe><\/p>\n","protected":false},"excerpt":{"rendered":"<p>Die n\u00e4chsten drei Wochen verbringen wir mit Sylvias Eltern. Erste Station war in der N\u00e4he eines Nationalparks n\u00f6rdlich von Rio de Janeiro. Sch\u00f6n finde ich ja solche Hinweisschilder, die extra f\u00fcr die wilden Tiere angebracht werden&#8230; &#8230; welche sich sehr &hellip; <a href=\"http:\/\/www.segunda-feira.de\/?p=1944\">Weiterlesen <span class=\"meta-nav\">&rarr;<\/span><\/a><\/p>\n","protected":false},"author":1,"featured_media":0,"comment_status":"open","ping_status":"open","sticky":false,"template":"","format":"standard","meta":{"jetpack_post_was_ever_published":false,"_jetpack_newsletter_access":"","_jetpack_dont_email_post_to_subs":false,"_jetpack_newsletter_tier_id":0,"_jetpack_memberships_contains_paywalled_content":false,"_jetpack_memberships_contains_paid_content":false,"footnotes":"","jetpack_publicize_message":"","jetpack_publicize_feature_enabled":true,"jetpack_social_post_already_shared":true,"jetpack_social_options":{"image_generator_settings":{"template":"highway","default_image_id":0,"font":"","enabled":false},"version":2}},"categories":[1,9,8],"tags":[],"class_list":["post-1944","post","type-post","status-publish","format-standard","hentry","category-allgemein","category-reise-entdeckungen","category-wildlife"],"jetpack_publicize_connections":[],"jetpack_featured_media_url":"","jetpack_sharing_enabled":true,"jetpack_shortlink":"https:\/\/wp.me\/p64WYd-vm","jetpack_likes_enabled":true,"_links":{"self":[{"href":"http:\/\/www.segunda-feira.de\/index.php?rest_route=\/wp\/v2\/posts\/1944","targetHints":{"allow":["GET"]}}],"collection":[{"href":"http:\/\/www.segunda-feira.de\/index.php?rest_route=\/wp\/v2\/posts"}],"about":[{"href":"http:\/\/www.segunda-feira.de\/index.php?rest_route=\/wp\/v2\/types\/post"}],"author":[{"embeddable":true,"href":"http:\/\/www.segunda-feira.de\/index.php?rest_route=\/wp\/v2\/users\/1"}],"replies":[{"embeddable":true,"href":"http:\/\/www.segunda-feira.de\/index.php?rest_route=%2Fwp%2Fv2%2Fcomments&post=1944"}],"version-history":[{"count":1,"href":"http:\/\/www.segunda-feira.de\/index.php?rest_route=\/wp\/v2\/posts\/1944\/revisions"}],"predecessor-version":[{"id":1953,"href":"http:\/\/www.segunda-feira.de\/index.php?rest_route=\/wp\/v2\/posts\/1944\/revisions\/1953"}],"wp:attachment":[{"href":"http:\/\/www.segunda-feira.de\/index.php?rest_route=%2Fwp%2Fv2%2Fmedia&parent=1944"}],"wp:term":[{"taxonomy":"category","embeddable":true,"href":"http:\/\/www.segunda-feira.de\/index.php?rest_route=%2Fwp%2Fv2%2Fcategories&post=1944"},{"taxonomy":"post_tag","embeddable":true,"href":"http:\/\/www.segunda-feira.de\/index.php?rest_route=%2Fwp%2Fv2%2Ftags&post=1944"}],"curies":[{"name":"wp","href":"https:\/\/api.w.org\/{rel}","templated":true}]}}