{"id":1958,"date":"2016-09-17T18:40:41","date_gmt":"2016-09-17T16:40:41","guid":{"rendered":"http:\/\/www.segunda-feira.de\/?p=1958"},"modified":"2016-09-17T18:43:55","modified_gmt":"2016-09-17T16:43:55","slug":"mit-ronald-barnabas-schill-in-der-favela-ueber-der-copacabana","status":"publish","type":"post","link":"http:\/\/www.segunda-feira.de\/?p=1958","title":{"rendered":"Mit Ronald Barnabas Schill in der Favela \u00fcber der Copacabana"},"content":{"rendered":"<p>Der Mann ist deutschlandweit bekannt geworden als Richter Gnadenlos, Gr\u00fcnder der Partei Rechtstaatlicher Offensive sowie Zweiter B\u00fcrgermeister und Innensenator der Stadt Hamburg. Letzteres in einer uns\u00e4glichen Koalition mit der CDU und der FDP, die sich beide nicht gescheut haben, mit einer rechten Partei eine Regierung zu bilden, nur um an der Macht zu bleiben. Dann kam der Absturz: Hitler-Herpes, Kokain, Big Brother. Seit 2006 lebt er von seiner Pension als Richter in einer Favela in Rio de Janeiro.<\/p>\n<p>Ich gebe zu, dass ich all dies haupts\u00e4chlich erw\u00e4hne, weil ich in einem Interview aufgeschnappt habe, dass ein rei\u00dferischer Titel im Internet dar\u00fcber entscheidet, wie h\u00e4ufig ein Artikel angeklickt wird. Mit Ronald Schill, den ich pers\u00f6nlich f\u00fcr eine Hanswurst halte, hat der nachfolgende Bericht nur gemeinsam, dass wir f\u00fcr zwei Tage auch <a href=\"https:\/\/maps.google.de\/maps?q=-22.960638,-43.172355&amp;t=h\" target=\"_blank\">in einer Favela oberhalb der Copacabana<\/a> gewohnt haben, allerdings ca. 3,5 Kilometer Luftlinie entfernt von der Favela, in der Schill residiert.<\/p>\n<div class='polaroid-gallery galleryid-1958' style='width:auto;'>\n\t\t\t<a href=\"http:\/\/www.segunda-feira.de\/wp-content\/uploads\/2016\/09\/Blick-\u00fcber-den-Stadtteil-Cobacabana.jpg\" title=\"blick-ueber-den-stadtteil-cobacabana\" rel=\"polaroid_1144520009\" class=\"polaroid-gallery-item showcaption\"><span class=\"polaroid-gallery-image\" title=\"\" style=\"background-image: url(http:\/\/www.segunda-feira.de\/wp-content\/uploads\/2016\/09\/Blick-\u00fcber-den-Stadtteil-Cobacabana-140x140.jpg); width: 140px; height: 140px;\"><\/span><\/a>\n\t\t\t<a href=\"http:\/\/www.segunda-feira.de\/wp-content\/uploads\/2016\/09\/Blick-\u00fcber-den-Stadtteil-Leme.jpg\" title=\"blick-ueber-den-stadtteil-leme\" rel=\"polaroid_1144520009\" class=\"polaroid-gallery-item showcaption\"><span class=\"polaroid-gallery-image\" title=\"\" style=\"background-image: url(http:\/\/www.segunda-feira.de\/wp-content\/uploads\/2016\/09\/Blick-\u00fcber-den-Stadtteil-Leme-140x140.jpg); width: 140px; height: 140px;\"><\/span><\/a>\n\t\t\t<a href=\"http:\/\/www.segunda-feira.de\/wp-content\/uploads\/2016\/09\/Christo-von-Weitem.jpg\" title=\"christo-von-weitem\" rel=\"polaroid_1144520009\" class=\"polaroid-gallery-item showcaption\"><span class=\"polaroid-gallery-image\" title=\"\" style=\"background-image: url(http:\/\/www.segunda-feira.de\/wp-content\/uploads\/2016\/09\/Christo-von-Weitem-140x140.jpg); width: 140px; height: 140px;\"><\/span><\/a>\n\t\t\t<a href=\"http:\/\/www.segunda-feira.de\/wp-content\/uploads\/2016\/09\/Posieren-im-Armutsviertel.jpg\" title=\"posieren-im-armutsviertel\" rel=\"polaroid_1144520009\" class=\"polaroid-gallery-item showcaption\"><span class=\"polaroid-gallery-image\" title=\"\" style=\"background-image: url(http:\/\/www.segunda-feira.de\/wp-content\/uploads\/2016\/09\/Posieren-im-Armutsviertel-140x140.jpg); width: 140px; height: 140px;\"><\/span><\/a>\n\t\t\t<a href=\"http:\/\/www.segunda-feira.de\/wp-content\/uploads\/2016\/09\/Ein-Bier-in-da-Hood.jpg\" title=\"ein-bier-in-da-hood\" rel=\"polaroid_1144520009\" class=\"polaroid-gallery-item showcaption\"><span class=\"polaroid-gallery-image\" title=\"\" style=\"background-image: url(http:\/\/www.segunda-feira.de\/wp-content\/uploads\/2016\/09\/Ein-Bier-in-da-Hood-140x140.jpg); width: 140px; height: 140px;\"><\/span><\/a>\n\t\t\t<a href=\"http:\/\/www.segunda-feira.de\/wp-content\/uploads\/2016\/09\/Kumpels-1024x615.jpg\" title=\"kumpels\" rel=\"polaroid_1144520009\" class=\"polaroid-gallery-item showcaption\"><span class=\"polaroid-gallery-image\" title=\"\" style=\"background-image: url(http:\/\/www.segunda-feira.de\/wp-content\/uploads\/2016\/09\/Kumpels-140x140.jpg); width: 140px; height: 140px;\"><\/span><\/a>\n\t\t\t<a href=\"http:\/\/www.segunda-feira.de\/wp-content\/uploads\/2016\/09\/Auf-dem-Strand.jpg\" title=\"auf-dem-strand\" rel=\"polaroid_1144520009\" class=\"polaroid-gallery-item showcaption\"><span class=\"polaroid-gallery-image\" title=\"\" style=\"background-image: url(http:\/\/www.segunda-feira.de\/wp-content\/uploads\/2016\/09\/Auf-dem-Strand-140x140.jpg); width: 140px; height: 140px;\"><\/span><\/a>\n\t\t\t<br style=\"clear: both;\" \/><\/div>\n\n<p>Favela, das klingt f\u00fcr die meisten erst einmal nach Armut, Drogen und Bandenkriegen. Favelas sind illegal errichtete Stadtviertel, die jedoch zum Teil \u00fcber eine Infrastruktur wie Wasser- und Abwasseranschl\u00fcsse, Strom, Telefon\/Internet und Stra\u00dfen verf\u00fcgen. Offiziell hei\u00dft es, dass die St\u00e4dteplanung Brasiliens nicht mit dem Wachstum ihrer St\u00e4dte mithalten konnte. Angesichts der krassen Reichtumsunterschiede in diesem Land kann man das nat\u00fcrlich auch anders sehen: Der reichen Oberschicht ist das Schicksal ihrer minderbemittelten Mitmenschen schlichtweg egal.<\/p>\n<p>Die Favela Babil\u00f4nia, in der wir untergekommen sind, ist in den steilen Hang hineingebaut. Eine einspurige Stra\u00dfe f\u00fchrt ungef\u00e4hr bis auf die H\u00e4lfte der H\u00f6he. Will man h\u00f6her hinaus, muss man zu Fu\u00df \u00fcber schmale Wege und Treppen weitersteigen. Unsere Favela ist eine der \u00e4ltesten Rios und mittlerweile &#8222;befriedet&#8220;. Ich habe das Wort in Anf\u00fchrungszeichen gesetzt, weil die Bewohner eine andere Sichtweise auf die Polizeipr\u00e4senz haben. Erstens sprechen sie nicht von einer Favela, sondern von einer Comunidade, da sie sich eigene Regeln gegeben haben wie zum Beispiel, dass jemand die Gemeinschaft verlassen muss, wenn er beim Klauen erwischt wird. Zweitens nehmen sie die Anwesenheit der bis unter die Z\u00e4hne bewaffneten Polizisten als &#8222;Militarisierung&#8220; wahr. Zudem wird den Staatsdienern vorgeworfen, korrupt zu sein und Schutzgelder zu erpressen.<\/p>\n<p>Wir waren zu kurz dort, um die Vorw\u00fcrfe best\u00e4tigen zu k\u00f6nnen. Die Polizisten haben wir eher als freundlich gegen\u00fcber uns in Erinnerung behalten, aber wir waren auch deutlich als Touristen erkennbar. Der eigentliche Eindruck war jedoch, dass wir uns sehr sicher f\u00fchlten und dass die Comunidade \u00fcber interessante Bars und Restaurants verf\u00fcgte, in denen man schnell in den Kontakt mit anderen Menschen kommen konnte. Und der 200 Meter entfernte Strand ist nat\u00fcrlich nicht umsonst weltber\u00fchmt.<\/p>\n<p><iframe loading=\"lazy\" src=\"http:\/\/www.dailymotion.com\/embed\/video\/x4tlgcm\" width=\"560\" height=\"315\" frameborder=\"0\" allowfullscreen=\"allowfullscreen\"><\/iframe><\/p>\n","protected":false},"excerpt":{"rendered":"<p>Der Mann ist deutschlandweit bekannt geworden als Richter Gnadenlos, Gr\u00fcnder der Partei Rechtstaatlicher Offensive sowie Zweiter B\u00fcrgermeister und Innensenator der Stadt Hamburg. Letzteres in einer uns\u00e4glichen Koalition mit der CDU und der FDP, die sich beide nicht gescheut haben, mit &hellip; <a href=\"http:\/\/www.segunda-feira.de\/?p=1958\">Weiterlesen <span class=\"meta-nav\">&rarr;<\/span><\/a><\/p>\n","protected":false},"author":1,"featured_media":0,"comment_status":"open","ping_status":"open","sticky":false,"template":"","format":"standard","meta":{"jetpack_post_was_ever_published":false,"_jetpack_newsletter_access":"","_jetpack_dont_email_post_to_subs":true,"_jetpack_newsletter_tier_id":0,"_jetpack_memberships_contains_paywalled_content":false,"_jetpack_memberships_contains_paid_content":false,"footnotes":"","jetpack_publicize_message":"","jetpack_publicize_feature_enabled":true,"jetpack_social_post_already_shared":true,"jetpack_social_options":{"image_generator_settings":{"template":"highway","default_image_id":0,"font":"","enabled":false},"version":2}},"categories":[1,9],"tags":[],"class_list":["post-1958","post","type-post","status-publish","format-standard","hentry","category-allgemein","category-reise-entdeckungen"],"jetpack_publicize_connections":[],"jetpack_featured_media_url":"","jetpack_sharing_enabled":true,"jetpack_shortlink":"https:\/\/wp.me\/p64WYd-vA","jetpack_likes_enabled":true,"_links":{"self":[{"href":"http:\/\/www.segunda-feira.de\/index.php?rest_route=\/wp\/v2\/posts\/1958","targetHints":{"allow":["GET"]}}],"collection":[{"href":"http:\/\/www.segunda-feira.de\/index.php?rest_route=\/wp\/v2\/posts"}],"about":[{"href":"http:\/\/www.segunda-feira.de\/index.php?rest_route=\/wp\/v2\/types\/post"}],"author":[{"embeddable":true,"href":"http:\/\/www.segunda-feira.de\/index.php?rest_route=\/wp\/v2\/users\/1"}],"replies":[{"embeddable":true,"href":"http:\/\/www.segunda-feira.de\/index.php?rest_route=%2Fwp%2Fv2%2Fcomments&post=1958"}],"version-history":[{"count":4,"href":"http:\/\/www.segunda-feira.de\/index.php?rest_route=\/wp\/v2\/posts\/1958\/revisions"}],"predecessor-version":[{"id":1969,"href":"http:\/\/www.segunda-feira.de\/index.php?rest_route=\/wp\/v2\/posts\/1958\/revisions\/1969"}],"wp:attachment":[{"href":"http:\/\/www.segunda-feira.de\/index.php?rest_route=%2Fwp%2Fv2%2Fmedia&parent=1958"}],"wp:term":[{"taxonomy":"category","embeddable":true,"href":"http:\/\/www.segunda-feira.de\/index.php?rest_route=%2Fwp%2Fv2%2Fcategories&post=1958"},{"taxonomy":"post_tag","embeddable":true,"href":"http:\/\/www.segunda-feira.de\/index.php?rest_route=%2Fwp%2Fv2%2Ftags&post=1958"}],"curies":[{"name":"wp","href":"https:\/\/api.w.org\/{rel}","templated":true}]}}