{"id":1983,"date":"2016-10-21T07:20:35","date_gmt":"2016-10-21T05:20:35","guid":{"rendered":"http:\/\/www.segunda-feira.de\/?p=1983"},"modified":"2016-10-21T07:20:35","modified_gmt":"2016-10-21T05:20:35","slug":"sonderbares-aus-suedamerika-heute-aus-dem-deutschen-bundestag","status":"publish","type":"post","link":"http:\/\/www.segunda-feira.de\/?p=1983","title":{"rendered":"Sonderbares aus S\u00fcdamerika &#8211; heute aus dem Deutschen Bundestag"},"content":{"rendered":"<p>Am Donnerstag, den 20.10.2016 fand eine ca. halbst\u00fcndige Aussprache im Deutschen Bundestag zur Absetzung der brasilianischen Pr\u00e4sidentin Dilma Rousseff statt. Interessant ist die durchweg gute Informationslage der deutschen Parlamentarier.\u00a0 Schwierig hinsichtlich des generellen Demokratieverst\u00e4ndnisses sehe ich den Beitrag des CDU\/CSU-Abgeordneten, der nach sehr verhaltener Kritik an dem Absetzungsverfahren nach vorne schauen m\u00f6chte, rechtliche Bedenken eher beiseite schiebt und in der j\u00fcngsten Kommunalwahl, welche tats\u00e4chlich \u00e4u\u00dferst schlecht f\u00fcr Lulas und Rousseffs Arbeiterpartei ausgegangen ist, eine Best\u00e4tigung der Absetzung sieht.<\/p>\n<p>Hier der betreffende Ausschnitt aus der Bundestagssitzung: <a href=\"http:\/\/www.bundestag.de\/mediathek?videoid=7020211#url=L21lZGlhdGhla292ZXJsYXk\/dmlkZW9pZD03MDIwMjExJm1vZD1tb2Q0NDIzNTY=&amp;mod=mediathek\" target=\"_blank\">http:\/\/www.bundestag.de\/mediathek?videoid=7020211#url=L21lZGlhdGhla292ZXJsYXk\/dmlkZW9pZD03MDIwMjExJm1vZD1tb2Q0NDIzNTY=&amp;mod=mediathek<\/a><\/p>\n","protected":false},"excerpt":{"rendered":"<p>Am Donnerstag, den 20.10.2016 fand eine ca. halbst\u00fcndige Aussprache im Deutschen Bundestag zur Absetzung der brasilianischen Pr\u00e4sidentin Dilma Rousseff statt. Interessant ist die durchweg gute Informationslage der deutschen Parlamentarier.\u00a0 Schwierig hinsichtlich des generellen Demokratieverst\u00e4ndnisses sehe ich den Beitrag des CDU\/CSU-Abgeordneten, &hellip; <a href=\"http:\/\/www.segunda-feira.de\/?p=1983\">Weiterlesen <span class=\"meta-nav\">&rarr;<\/span><\/a><\/p>\n","protected":false},"author":1,"featured_media":0,"comment_status":"open","ping_status":"open","sticky":false,"template":"","format":"standard","meta":{"jetpack_post_was_ever_published":false,"_jetpack_newsletter_access":"","_jetpack_dont_email_post_to_subs":false,"_jetpack_newsletter_tier_id":0,"_jetpack_memberships_contains_paywalled_content":false,"_jetpack_memberships_contains_paid_content":false,"footnotes":"","jetpack_publicize_message":"","jetpack_publicize_feature_enabled":true,"jetpack_social_post_already_shared":true,"jetpack_social_options":{"image_generator_settings":{"template":"highway","default_image_id":0,"font":"","enabled":false},"version":2}},"categories":[1],"tags":[],"class_list":["post-1983","post","type-post","status-publish","format-standard","hentry","category-allgemein"],"jetpack_publicize_connections":[],"jetpack_featured_media_url":"","jetpack_sharing_enabled":true,"jetpack_shortlink":"https:\/\/wp.me\/p64WYd-vZ","jetpack_likes_enabled":true,"_links":{"self":[{"href":"http:\/\/www.segunda-feira.de\/index.php?rest_route=\/wp\/v2\/posts\/1983","targetHints":{"allow":["GET"]}}],"collection":[{"href":"http:\/\/www.segunda-feira.de\/index.php?rest_route=\/wp\/v2\/posts"}],"about":[{"href":"http:\/\/www.segunda-feira.de\/index.php?rest_route=\/wp\/v2\/types\/post"}],"author":[{"embeddable":true,"href":"http:\/\/www.segunda-feira.de\/index.php?rest_route=\/wp\/v2\/users\/1"}],"replies":[{"embeddable":true,"href":"http:\/\/www.segunda-feira.de\/index.php?rest_route=%2Fwp%2Fv2%2Fcomments&post=1983"}],"version-history":[{"count":1,"href":"http:\/\/www.segunda-feira.de\/index.php?rest_route=\/wp\/v2\/posts\/1983\/revisions"}],"predecessor-version":[{"id":1984,"href":"http:\/\/www.segunda-feira.de\/index.php?rest_route=\/wp\/v2\/posts\/1983\/revisions\/1984"}],"wp:attachment":[{"href":"http:\/\/www.segunda-feira.de\/index.php?rest_route=%2Fwp%2Fv2%2Fmedia&parent=1983"}],"wp:term":[{"taxonomy":"category","embeddable":true,"href":"http:\/\/www.segunda-feira.de\/index.php?rest_route=%2Fwp%2Fv2%2Fcategories&post=1983"},{"taxonomy":"post_tag","embeddable":true,"href":"http:\/\/www.segunda-feira.de\/index.php?rest_route=%2Fwp%2Fv2%2Ftags&post=1983"}],"curies":[{"name":"wp","href":"https:\/\/api.w.org\/{rel}","templated":true}]}}