{"id":1987,"date":"2016-11-11T23:26:39","date_gmt":"2016-11-11T22:26:39","guid":{"rendered":"http:\/\/www.segunda-feira.de\/?p=1987"},"modified":"2016-11-12T16:43:49","modified_gmt":"2016-11-12T15:43:49","slug":"dschungelcamp-2","status":"publish","type":"post","link":"http:\/\/www.segunda-feira.de\/?p=1987","title":{"rendered":"Dschungelcamp"},"content":{"rendered":"<p>Den Anfang des Berichts \u00fcber unsere Dschungelcamperfahrungen mit Eva und Peter am Amazonas macht diese <a href=\"https:\/\/de.wikipedia.org\/wiki\/Mimose\" target=\"_blank\">schamhafte Sinnpflanze<\/a>:<\/p>\n<p><iframe loading=\"lazy\" src=\"http:\/\/www.dailymotion.com\/embed\/video\/x51ng5e\" width=\"560\" height=\"315\" frameborder=\"0\" allowfullscreen=\"allowfullscreen\"><\/iframe><\/p>\n<p>Entdeckt haben wir sie auf der <a href=\"https:\/\/maps.google.de\/maps?q=-2.016834,-59.910903&amp;t=h\" target=\"_blank\">Pousada Aldeia Mari-Mari<\/a>, unserer ersten Unterkunft in der N\u00e4he des Ortes Presidente Figueiredo, ca. 120 km n\u00f6rdlich von Manaus.<\/p>\n<p>Vier Vertreter der Spezies kritische, aber trotzdem mit dem Flugzeug reisende Zeitgenossen haben sich eine Woche in den Dschungel begeben, um auszuloten, wer den Widrigkeiten wilder Vegetation, menschenfressender Raubtiere und unglaublicher Hitze am besten standhalten konnte.<\/p>\n<p>Dass die Challenge nicht einfach werden w\u00fcrde, stellte sich bereits nach kurzer Zeit heraus:<\/p>\n<p><iframe loading=\"lazy\" src=\"http:\/\/www.dailymotion.com\/embed\/video\/x51nmhh\" width=\"560\" height=\"315\" frameborder=\"0\" allowfullscreen=\"allowfullscreen\"><\/iframe><\/p>\n<p>Unsere brasilianischen Mitbewerber konnten wir relativ schnell absch\u00fctteln, da sie bereits bei der ersten Touristenattraktion h\u00e4ngengeblieben sind:<\/p>\n<p><iframe loading=\"lazy\" src=\"http:\/\/www.dailymotion.com\/embed\/video\/x51nmsm\" width=\"560\" height=\"315\" frameborder=\"0\" allowfullscreen=\"allowfullscreen\"><\/iframe><\/p>\n<p>Und obwohl wir uns in der Folge von seltsam schmeckender und auf B\u00e4umen wachsender Paprika und orangen H\u00fchnchen ern\u00e4hrten sowie alle Register zogen, um uns gegenseitig auszustechen, sollte sich so schnell kein Sieger herauskristallisieren.<\/p>\n<div class='polaroid-gallery galleryid-1987' style='width:auto;'>\n\t\t\t<a href=\"http:\/\/www.segunda-feira.de\/wp-content\/uploads\/2016\/11\/Caju-1024x711.jpg\" title=\"caju\" rel=\"polaroid_1286309222\" class=\"polaroid-gallery-item showcaption\"><span class=\"polaroid-gallery-image\" title=\"\" style=\"background-image: url(http:\/\/www.segunda-feira.de\/wp-content\/uploads\/2016\/11\/Caju-140x140.jpg); width: 140px; height: 140px;\"><\/span><\/a>\n\t\t\t<a href=\"http:\/\/www.segunda-feira.de\/wp-content\/uploads\/2016\/11\/Gallo-da-Serra.jpg\" title=\"gallo-da-serra\" rel=\"polaroid_1286309222\" class=\"polaroid-gallery-item showcaption\"><span class=\"polaroid-gallery-image\" title=\"\" style=\"background-image: url(http:\/\/www.segunda-feira.de\/wp-content\/uploads\/2016\/11\/Gallo-da-Serra-140x140.jpg); width: 140px; height: 140px;\"><\/span><\/a>\n\t\t\t<a href=\"http:\/\/www.segunda-feira.de\/wp-content\/uploads\/2016\/11\/Gegenaufnahme-I.jpg\" title=\"gegenaufnahme-i\" rel=\"polaroid_1286309222\" class=\"polaroid-gallery-item showcaption\"><span class=\"polaroid-gallery-image\" title=\"\" style=\"background-image: url(http:\/\/www.segunda-feira.de\/wp-content\/uploads\/2016\/11\/Gegenaufnahme-I-140x140.jpg); width: 140px; height: 140px;\"><\/span><\/a>\n\t\t\t<a href=\"http:\/\/www.segunda-feira.de\/wp-content\/uploads\/2016\/11\/Gegenaufnahme-II.jpg\" title=\"gegenaufnahme-ii\" rel=\"polaroid_1286309222\" class=\"polaroid-gallery-item showcaption\"><span class=\"polaroid-gallery-image\" title=\"\" style=\"background-image: url(http:\/\/www.segunda-feira.de\/wp-content\/uploads\/2016\/11\/Gegenaufnahme-II-140x140.jpg); width: 140px; height: 140px;\"><\/span><\/a>\n\t\t\t<a href=\"http:\/\/www.segunda-feira.de\/wp-content\/uploads\/2016\/11\/Troll-am-Wegesrand.jpg\" title=\"troll-am-wegesrand\" rel=\"polaroid_1286309222\" class=\"polaroid-gallery-item showcaption\"><span class=\"polaroid-gallery-image\" title=\"\" style=\"background-image: url(http:\/\/www.segunda-feira.de\/wp-content\/uploads\/2016\/11\/Troll-am-Wegesrand-140x140.jpg); width: 140px; height: 140px;\"><\/span><\/a>\n\t\t\t<br style=\"clear: both;\" \/><\/div>\n\n<p>To be continued&#8230;<\/p>\n","protected":false},"excerpt":{"rendered":"<p>Den Anfang des Berichts \u00fcber unsere Dschungelcamperfahrungen mit Eva und Peter am Amazonas macht diese schamhafte Sinnpflanze: Entdeckt haben wir sie auf der Pousada Aldeia Mari-Mari, unserer ersten Unterkunft in der N\u00e4he des Ortes Presidente Figueiredo, ca. 120 km n\u00f6rdlich &hellip; <a href=\"http:\/\/www.segunda-feira.de\/?p=1987\">Weiterlesen <span class=\"meta-nav\">&rarr;<\/span><\/a><\/p>\n","protected":false},"author":1,"featured_media":0,"comment_status":"open","ping_status":"open","sticky":false,"template":"","format":"standard","meta":{"jetpack_post_was_ever_published":false,"_jetpack_newsletter_access":"","_jetpack_dont_email_post_to_subs":true,"_jetpack_newsletter_tier_id":0,"_jetpack_memberships_contains_paywalled_content":false,"_jetpack_memberships_contains_paid_content":false,"footnotes":"","jetpack_publicize_message":"","jetpack_publicize_feature_enabled":true,"jetpack_social_post_already_shared":true,"jetpack_social_options":{"image_generator_settings":{"template":"highway","default_image_id":0,"font":"","enabled":false},"version":2}},"categories":[1],"tags":[],"class_list":["post-1987","post","type-post","status-publish","format-standard","hentry","category-allgemein"],"jetpack_publicize_connections":[],"jetpack_featured_media_url":"","jetpack_sharing_enabled":true,"jetpack_shortlink":"https:\/\/wp.me\/p64WYd-w3","jetpack_likes_enabled":true,"_links":{"self":[{"href":"http:\/\/www.segunda-feira.de\/index.php?rest_route=\/wp\/v2\/posts\/1987","targetHints":{"allow":["GET"]}}],"collection":[{"href":"http:\/\/www.segunda-feira.de\/index.php?rest_route=\/wp\/v2\/posts"}],"about":[{"href":"http:\/\/www.segunda-feira.de\/index.php?rest_route=\/wp\/v2\/types\/post"}],"author":[{"embeddable":true,"href":"http:\/\/www.segunda-feira.de\/index.php?rest_route=\/wp\/v2\/users\/1"}],"replies":[{"embeddable":true,"href":"http:\/\/www.segunda-feira.de\/index.php?rest_route=%2Fwp%2Fv2%2Fcomments&post=1987"}],"version-history":[{"count":5,"href":"http:\/\/www.segunda-feira.de\/index.php?rest_route=\/wp\/v2\/posts\/1987\/revisions"}],"predecessor-version":[{"id":1997,"href":"http:\/\/www.segunda-feira.de\/index.php?rest_route=\/wp\/v2\/posts\/1987\/revisions\/1997"}],"wp:attachment":[{"href":"http:\/\/www.segunda-feira.de\/index.php?rest_route=%2Fwp%2Fv2%2Fmedia&parent=1987"}],"wp:term":[{"taxonomy":"category","embeddable":true,"href":"http:\/\/www.segunda-feira.de\/index.php?rest_route=%2Fwp%2Fv2%2Fcategories&post=1987"},{"taxonomy":"post_tag","embeddable":true,"href":"http:\/\/www.segunda-feira.de\/index.php?rest_route=%2Fwp%2Fv2%2Ftags&post=1987"}],"curies":[{"name":"wp","href":"https:\/\/api.w.org\/{rel}","templated":true}]}}