{"id":1998,"date":"2016-11-12T18:50:36","date_gmt":"2016-11-12T17:50:36","guid":{"rendered":"http:\/\/www.segunda-feira.de\/?p=1998"},"modified":"2016-11-12T18:50:36","modified_gmt":"2016-11-12T17:50:36","slug":"2-dschungelpruefung-hafen-von-manaus","status":"publish","type":"post","link":"http:\/\/www.segunda-feira.de\/?p=1998","title":{"rendered":"2. Dschungelpr\u00fcfung: Hafen von Manaus"},"content":{"rendered":"<p>In Manaus treffen die beiden Fl\u00fcsse Rio Negro und Rio Solim\u00f5es aufeinander und bilden den Amazonas. Das Wasser der beiden Fl\u00fcsse ist \u00e4u\u00dferst unterschiedlich. Der Rio Negro ist, wie sein Name bereits vermuten l\u00e4sst, fast schwarz und sehr warm. Im Gegensatz dazu ist der Rio Solim\u00f5es von Sedimenten hellbraun gef\u00e4rbt und k\u00fchl.<\/p>\n<p>Der Reisef\u00fchrer sagt, den &#8222;<a href=\"https:\/\/maps.google.de\/maps?q=-3.129407,-59.898725&amp;t=h\" target=\"_blank\">Encontro das \u00c1guas<\/a>&#8222;, wie der Zusammenfluss auf Portugiesisch hei\u00dft, zu besuchen, sei das Mindeste, was man als Tourist in Manaus unternehmen m\u00fcsse. Eine solche Beschreibung ist f\u00fcr mich normalerweise ein Grund daf\u00fcr, genau dies nicht zu tun. Doch meine Mitreisenden davon zu \u00fcberzeugen, war aussichtslos.<\/p>\n<p>Die Pr\u00fcfung lautete also, an <a href=\"https:\/\/maps.google.de\/maps?q=-3.135039,-59.939134&amp;t=h\" target=\"_blank\">einem der H\u00e4fen von Manaus<\/a> ein Boot zu chartern, das uns zu der Stelle auf dem Wasser bringen sollte.<\/p>\n<div class='polaroid-gallery galleryid-1998' style='width:auto;'>\n\t\t\t<a href=\"http:\/\/www.segunda-feira.de\/wp-content\/uploads\/2016\/11\/Hafen-Manaus.jpg\" title=\"hafen-manaus\" rel=\"polaroid_558588008\" class=\"polaroid-gallery-item showcaption\"><span class=\"polaroid-gallery-image\" title=\"\" style=\"background-image: url(http:\/\/www.segunda-feira.de\/wp-content\/uploads\/2016\/11\/Hafen-Manaus-140x140.jpg); width: 140px; height: 140px;\"><\/span><\/a>\n\t\t\t<a href=\"http:\/\/www.segunda-feira.de\/wp-content\/uploads\/2016\/11\/Boarding.jpg\" title=\"boarding\" rel=\"polaroid_558588008\" class=\"polaroid-gallery-item showcaption\"><span class=\"polaroid-gallery-image\" title=\"\" style=\"background-image: url(http:\/\/www.segunda-feira.de\/wp-content\/uploads\/2016\/11\/Boarding-140x140.jpg); width: 140px; height: 140px;\"><\/span><\/a>\n\t\t\t<a href=\"http:\/\/www.segunda-feira.de\/wp-content\/uploads\/2016\/11\/Personenverkehr.jpg\" title=\"personenverkehr\" rel=\"polaroid_558588008\" class=\"polaroid-gallery-item showcaption\"><span class=\"polaroid-gallery-image\" title=\"\" style=\"background-image: url(http:\/\/www.segunda-feira.de\/wp-content\/uploads\/2016\/11\/Personenverkehr-140x140.jpg); width: 140px; height: 140px;\"><\/span><\/a>\n\t\t\t<a href=\"http:\/\/www.segunda-feira.de\/wp-content\/uploads\/2016\/11\/Verhandlungen.jpg\" title=\"verhandlungen\" rel=\"polaroid_558588008\" class=\"polaroid-gallery-item showcaption\"><span class=\"polaroid-gallery-image\" title=\"\" style=\"background-image: url(http:\/\/www.segunda-feira.de\/wp-content\/uploads\/2016\/11\/Verhandlungen-140x140.jpg); width: 140px; height: 140px;\"><\/span><\/a>\n\t\t\t<a href=\"http:\/\/www.segunda-feira.de\/wp-content\/uploads\/2016\/11\/Touristenboote.jpg\" title=\"touristenboote\" rel=\"polaroid_558588008\" class=\"polaroid-gallery-item showcaption\"><span class=\"polaroid-gallery-image\" title=\"\" style=\"background-image: url(http:\/\/www.segunda-feira.de\/wp-content\/uploads\/2016\/11\/Touristenboote-140x140.jpg); width: 140px; height: 140px;\"><\/span><\/a>\n\t\t\t<br style=\"clear: both;\" \/><\/div>\n\n<p>Die Stimmung an Bord des Schiffes des auserw\u00e4hlten Bootsf\u00fchrers war bombig; unter anderem deshalb, weil Sylvia den Preis f\u00fcr seine Dienste von 300 auf 100 Real heruntergehandelt hatte.<\/p>\n<div class='polaroid-gallery galleryid-1998' style='width:auto;'>\n\t\t\t<a href=\"http:\/\/www.segunda-feira.de\/wp-content\/uploads\/2016\/11\/Im-Sauseschritt.jpg\" title=\"im-sauseschritt\" rel=\"polaroid_157106523\" class=\"polaroid-gallery-item showcaption\"><span class=\"polaroid-gallery-image\" title=\"\" style=\"background-image: url(http:\/\/www.segunda-feira.de\/wp-content\/uploads\/2016\/11\/Im-Sauseschritt-140x140.jpg); width: 140px; height: 140px;\"><\/span><\/a>\n\t\t\t<a href=\"http:\/\/www.segunda-feira.de\/wp-content\/uploads\/2016\/11\/Die-Stimmung-an-Bord-ist-bombig.jpg\" title=\"die-stimmung-an-bord-ist-bombig\" rel=\"polaroid_157106523\" class=\"polaroid-gallery-item showcaption\"><span class=\"polaroid-gallery-image\" title=\"\" style=\"background-image: url(http:\/\/www.segunda-feira.de\/wp-content\/uploads\/2016\/11\/Die-Stimmung-an-Bord-ist-bombig-140x140.jpg); width: 140px; height: 140px;\"><\/span><\/a>\n\t\t\t<a href=\"http:\/\/www.segunda-feira.de\/wp-content\/uploads\/2016\/11\/Bombig.jpg\" title=\"bombig\" rel=\"polaroid_157106523\" class=\"polaroid-gallery-item showcaption\"><span class=\"polaroid-gallery-image\" title=\"\" style=\"background-image: url(http:\/\/www.segunda-feira.de\/wp-content\/uploads\/2016\/11\/Bombig-140x140.jpg); width: 140px; height: 140px;\"><\/span><\/a>\n\t\t\t<br style=\"clear: both;\" \/><\/div>\n\n<p>Wie zu erwarten war das Schauspiel auch eher unspektakul\u00e4r:<\/p>\n<p><iframe loading=\"lazy\" src=\"http:\/\/www.dailymotion.com\/embed\/video\/x51rydj\" width=\"560\" height=\"315\" frameborder=\"0\" allowfullscreen=\"allowfullscreen\"><\/iframe><\/p>\n<p>Um doch noch ein wenig Stimmung in den Tag zu bringen, entschlossen wir uns spontan zu einer Zusatzpr\u00fcfung: \u00dcberlebe die Speisen und Getr\u00e4nke in der Hafenspelunke.<\/p>\n<div class='polaroid-gallery galleryid-1998' style='width:auto;'>\n\t\t\t<a href=\"http:\/\/www.segunda-feira.de\/wp-content\/uploads\/2016\/11\/Hafenspelunke.jpg\" title=\"hafenspelunke\" rel=\"polaroid_1570953881\" class=\"polaroid-gallery-item showcaption\"><span class=\"polaroid-gallery-image\" title=\"\" style=\"background-image: url(http:\/\/www.segunda-feira.de\/wp-content\/uploads\/2016\/11\/Hafenspelunke-140x140.jpg); width: 140px; height: 140px;\"><\/span><\/a>\n\t\t\t<a href=\"http:\/\/www.segunda-feira.de\/wp-content\/uploads\/2016\/11\/Bierrakete.jpg\" title=\"bierrakete\" rel=\"polaroid_1570953881\" class=\"polaroid-gallery-item showcaption\"><span class=\"polaroid-gallery-image\" title=\"\" style=\"background-image: url(http:\/\/www.segunda-feira.de\/wp-content\/uploads\/2016\/11\/Bierrakete-140x140.jpg); width: 140px; height: 140px;\"><\/span><\/a>\n\t\t\t<a href=\"http:\/\/www.segunda-feira.de\/wp-content\/uploads\/2016\/11\/Bierrakete-ohne-Sprengkopf.jpg\" title=\"bierrakete-ohne-sprengkopf\" rel=\"polaroid_1570953881\" class=\"polaroid-gallery-item showcaption\"><span class=\"polaroid-gallery-image\" title=\"\" style=\"background-image: url(http:\/\/www.segunda-feira.de\/wp-content\/uploads\/2016\/11\/Bierrakete-ohne-Sprengkopf-140x140.jpg); width: 140px; height: 140px;\"><\/span><\/a>\n\t\t\t<br style=\"clear: both;\" \/><\/div>\n\n<p>To be continued&#8230;<\/p>\n","protected":false},"excerpt":{"rendered":"<p>In Manaus treffen die beiden Fl\u00fcsse Rio Negro und Rio Solim\u00f5es aufeinander und bilden den Amazonas. Das Wasser der beiden Fl\u00fcsse ist \u00e4u\u00dferst unterschiedlich. Der Rio Negro ist, wie sein Name bereits vermuten l\u00e4sst, fast schwarz und sehr warm. Im &hellip; <a href=\"http:\/\/www.segunda-feira.de\/?p=1998\">Weiterlesen <span class=\"meta-nav\">&rarr;<\/span><\/a><\/p>\n","protected":false},"author":1,"featured_media":0,"comment_status":"open","ping_status":"open","sticky":false,"template":"","format":"standard","meta":{"jetpack_post_was_ever_published":false,"_jetpack_newsletter_access":"","_jetpack_dont_email_post_to_subs":false,"_jetpack_newsletter_tier_id":0,"_jetpack_memberships_contains_paywalled_content":false,"_jetpack_memberships_contains_paid_content":false,"footnotes":"","jetpack_publicize_message":"","jetpack_publicize_feature_enabled":true,"jetpack_social_post_already_shared":true,"jetpack_social_options":{"image_generator_settings":{"template":"highway","default_image_id":0,"font":"","enabled":false},"version":2}},"categories":[1],"tags":[],"class_list":["post-1998","post","type-post","status-publish","format-standard","hentry","category-allgemein"],"jetpack_publicize_connections":[],"jetpack_featured_media_url":"","jetpack_sharing_enabled":true,"jetpack_shortlink":"https:\/\/wp.me\/p64WYd-we","jetpack_likes_enabled":true,"_links":{"self":[{"href":"http:\/\/www.segunda-feira.de\/index.php?rest_route=\/wp\/v2\/posts\/1998","targetHints":{"allow":["GET"]}}],"collection":[{"href":"http:\/\/www.segunda-feira.de\/index.php?rest_route=\/wp\/v2\/posts"}],"about":[{"href":"http:\/\/www.segunda-feira.de\/index.php?rest_route=\/wp\/v2\/types\/post"}],"author":[{"embeddable":true,"href":"http:\/\/www.segunda-feira.de\/index.php?rest_route=\/wp\/v2\/users\/1"}],"replies":[{"embeddable":true,"href":"http:\/\/www.segunda-feira.de\/index.php?rest_route=%2Fwp%2Fv2%2Fcomments&post=1998"}],"version-history":[{"count":2,"href":"http:\/\/www.segunda-feira.de\/index.php?rest_route=\/wp\/v2\/posts\/1998\/revisions"}],"predecessor-version":[{"id":2011,"href":"http:\/\/www.segunda-feira.de\/index.php?rest_route=\/wp\/v2\/posts\/1998\/revisions\/2011"}],"wp:attachment":[{"href":"http:\/\/www.segunda-feira.de\/index.php?rest_route=%2Fwp%2Fv2%2Fmedia&parent=1998"}],"wp:term":[{"taxonomy":"category","embeddable":true,"href":"http:\/\/www.segunda-feira.de\/index.php?rest_route=%2Fwp%2Fv2%2Fcategories&post=1998"},{"taxonomy":"post_tag","embeddable":true,"href":"http:\/\/www.segunda-feira.de\/index.php?rest_route=%2Fwp%2Fv2%2Ftags&post=1998"}],"curies":[{"name":"wp","href":"https:\/\/api.w.org\/{rel}","templated":true}]}}