{"id":2012,"date":"2016-11-14T18:55:14","date_gmt":"2016-11-14T17:55:14","guid":{"rendered":"http:\/\/www.segunda-feira.de\/?p=2012"},"modified":"2016-11-14T22:04:43","modified_gmt":"2016-11-14T21:04:43","slug":"leben-wie-ein-caboclo","status":"publish","type":"post","link":"http:\/\/www.segunda-feira.de\/?p=2012","title":{"rendered":"Leben wie ein Caboclo"},"content":{"rendered":"<p>Caboclos &#8211; so nennen sich die Mischlinge aus Indigenen und Europ\u00e4ern, welche die Ufer des Amazonas und seiner Nebenfl\u00fcsse bewohnen. Zusammen mit den anderen, nicht-indigenen Flussbewohnern bilden sie die Bev\u00f6lkerungsgruppe der Ribeirinhos (Uferbewohner).<\/p>\n<p>Unsere Pr\u00fcfung beinhaltete, dass wir mit einem dieser Caboclos und seinem Boot vier Tage den Rio Negro und seine Nebenarme befahren und gemeinsam mit ihm und anderen Uferbewohnern leben sollten. Vier Tage, das klingt kurz. Vier Tage k\u00f6nnen aber auch sehr lang sein, wenn man fehlende sanit\u00e4re Einrichtungen, Insektenbisse sowie die unglaubliche Hitze und die hohe Luftfeuchtigkeit am Amazonas, welche daf\u00fcr sorgen, dass man selbst nachts in seinem eigenen Schwei\u00df badet, ber\u00fccksichtigt.<\/p>\n<p>Die erste Sonderpr\u00fcfung bestand aus einer n\u00e4chtlichen, 10-st\u00fcndigen Bootsfahrt vom\u00a0<a href=\"https:\/\/maps.google.de\/maps?q=-3.124516,-60.043444&amp;t=h\" target=\"_blank\">Porto Sao Raimundo<\/a> in Manaus nach <a href=\"https:\/\/maps.google.de\/maps?q=-2.619524,-60.945143&amp;t=h\" target=\"_blank\">Novo Airao<\/a>, wo wir unseren Reisef\u00fchrer treffen sollten. Wir h\u00e4tten nat\u00fcrlich auch die Stra\u00dfe mit einem kaum teureren Taxi oder einem gleich teuren Bus nehmen k\u00f6nnen, welche f\u00fcr die Strecke gerade einmal zwei Stunden ben\u00f6tigen. Doch das w\u00e4re unsportlich gewesen.<\/p>\n<div class='polaroid-gallery galleryid-2012' style='width:auto;'>\n\t\t\t<a href=\"http:\/\/www.segunda-feira.de\/wp-content\/uploads\/2016\/11\/Porto-Sao-Raimundo.jpg\" title=\"porto-sao-raimundo\" rel=\"polaroid_456693645\" class=\"polaroid-gallery-item showcaption\"><span class=\"polaroid-gallery-image\" title=\"\" style=\"background-image: url(http:\/\/www.segunda-feira.de\/wp-content\/uploads\/2016\/11\/Porto-Sao-Raimundo-140x140.jpg); width: 140px; height: 140px;\"><\/span><\/a>\n\t\t\t<a href=\"http:\/\/www.segunda-feira.de\/wp-content\/uploads\/2016\/11\/Br\u00fccke-\u00fcber-den-Rio-Negro.jpg\" title=\"bruecke-ueber-den-rio-negro\" rel=\"polaroid_456693645\" class=\"polaroid-gallery-item showcaption\"><span class=\"polaroid-gallery-image\" title=\"\" style=\"background-image: url(http:\/\/www.segunda-feira.de\/wp-content\/uploads\/2016\/11\/Br\u00fccke-\u00fcber-den-Rio-Negro-140x140.jpg); width: 140px; height: 140px;\"><\/span><\/a>\n\t\t\t<a href=\"http:\/\/www.segunda-feira.de\/wp-content\/uploads\/2016\/11\/Dicht-gepackt.jpg\" title=\"dicht-gepackt\" rel=\"polaroid_456693645\" class=\"polaroid-gallery-item showcaption\"><span class=\"polaroid-gallery-image\" title=\"\" style=\"background-image: url(http:\/\/www.segunda-feira.de\/wp-content\/uploads\/2016\/11\/Dicht-gepackt-140x140.jpg); width: 140px; height: 140px;\"><\/span><\/a>\n\t\t\t<a href=\"http:\/\/www.segunda-feira.de\/wp-content\/uploads\/2016\/11\/Ponte-Rio-Negro.jpg\" title=\"ponte-rio-negro\" rel=\"polaroid_456693645\" class=\"polaroid-gallery-item showcaption\"><span class=\"polaroid-gallery-image\" title=\"\" style=\"background-image: url(http:\/\/www.segunda-feira.de\/wp-content\/uploads\/2016\/11\/Ponte-Rio-Negro-140x140.jpg); width: 140px; height: 140px;\"><\/span><\/a>\n\t\t\t<a href=\"http:\/\/www.segunda-feira.de\/wp-content\/uploads\/2016\/11\/Morgenstimmung-auf-dem-Rio-Negro.jpg\" title=\"morgenstimmung-auf-dem-rio-negro\" rel=\"polaroid_456693645\" class=\"polaroid-gallery-item showcaption\"><span class=\"polaroid-gallery-image\" title=\"\" style=\"background-image: url(http:\/\/www.segunda-feira.de\/wp-content\/uploads\/2016\/11\/Morgenstimmung-auf-dem-Rio-Negro-140x140.jpg); width: 140px; height: 140px;\"><\/span><\/a>\n\t\t\t<a href=\"http:\/\/www.segunda-feira.de\/wp-content\/uploads\/2016\/11\/Werft.jpg\" title=\"werft\" rel=\"polaroid_456693645\" class=\"polaroid-gallery-item showcaption\"><span class=\"polaroid-gallery-image\" title=\"\" style=\"background-image: url(http:\/\/www.segunda-feira.de\/wp-content\/uploads\/2016\/11\/Werft-140x140.jpg); width: 140px; height: 140px;\"><\/span><\/a>\n\t\t\t<a href=\"http:\/\/www.segunda-feira.de\/wp-content\/uploads\/2016\/11\/Schlaflose-begegnen-sich-an-Deck.jpg\" title=\"schlaflose-begegnen-sich-an-deck\" rel=\"polaroid_456693645\" class=\"polaroid-gallery-item showcaption\"><span class=\"polaroid-gallery-image\" title=\"\" style=\"background-image: url(http:\/\/www.segunda-feira.de\/wp-content\/uploads\/2016\/11\/Schlaflose-begegnen-sich-an-Deck-140x140.jpg); width: 140px; height: 140px;\"><\/span><\/a>\n\t\t\t<a href=\"http:\/\/www.segunda-feira.de\/wp-content\/uploads\/2016\/11\/Gute-Laune-am-Morgen.jpg\" title=\"gute-laune-am-morgen\" rel=\"polaroid_456693645\" class=\"polaroid-gallery-item showcaption\"><span class=\"polaroid-gallery-image\" title=\"\" style=\"background-image: url(http:\/\/www.segunda-feira.de\/wp-content\/uploads\/2016\/11\/Gute-Laune-am-Morgen-140x140.jpg); width: 140px; height: 140px;\"><\/span><\/a>\n\t\t\t<a href=\"http:\/\/www.segunda-feira.de\/wp-content\/uploads\/2016\/11\/Ankunft-in-Novo-Airao.jpg\" title=\"ankunft-in-novo-airao\" rel=\"polaroid_456693645\" class=\"polaroid-gallery-item showcaption\"><span class=\"polaroid-gallery-image\" title=\"\" style=\"background-image: url(http:\/\/www.segunda-feira.de\/wp-content\/uploads\/2016\/11\/Ankunft-in-Novo-Airao-140x140.jpg); width: 140px; height: 140px;\"><\/span><\/a>\n\t\t\t<br style=\"clear: both;\" \/><\/div>\n\n<p>Die Ribeirinhos ziehen das Schiff dem Bus vor, weil sie zum einen den Stra\u00dfen misstrauen und zum anderen die Nacht auf dem Schiff schlafen und tags\u00fcber ihre Gesch\u00e4fte in Manaus erledigen k\u00f6nnen. F\u00fcr uns Touristen, die eher klimaanlagengek\u00fchlte Hotelzimmer gewohnt sind, verlief die Nacht in der H\u00e4ngematte eher unkomfortabel und schlaflos.<\/p>\n<p>Ziemlich ger\u00e4dert kamen wir am Morgen in Novo Airao an und trafen dort unseren Reisef\u00fchrer Vermelhinho (&#8222;Vermelhinho&#8220; ist die Verkleinerungsform von &#8222;Vermelho&#8220; &#8211; &#8222;Rot&#8220; und bedeutet daher so viel wie &#8222;R\u00f6tchen&#8220;).<\/p>\n<p><img loading=\"lazy\" decoding=\"async\" class=\"alignnone size-full wp-image-2031\" src=\"http:\/\/www.segunda-feira.de\/wp-content\/uploads\/2016\/11\/Vermelhinho.jpg\" alt=\"vermelhinho\" width=\"1023\" height=\"682\" srcset=\"http:\/\/www.segunda-feira.de\/wp-content\/uploads\/2016\/11\/Vermelhinho.jpg 1023w, http:\/\/www.segunda-feira.de\/wp-content\/uploads\/2016\/11\/Vermelhinho-300x200.jpg 300w, http:\/\/www.segunda-feira.de\/wp-content\/uploads\/2016\/11\/Vermelhinho-768x512.jpg 768w, http:\/\/www.segunda-feira.de\/wp-content\/uploads\/2016\/11\/Vermelhinho-450x300.jpg 450w\" sizes=\"auto, (max-width: 1023px) 100vw, 1023px\" \/><\/p>\n<p>Dieser hatte sich einen Monat zuvor mit der Kettens\u00e4ge ins Knie ges\u00e4gt und dabei sein Kreuzband durchtrennt sowie Teile der Kniescheibe weggefr\u00e4st. Doch Indianer kennen keinen Schmerz und deren Abk\u00f6mmlinge sowieso nicht. Daher humpelte er selbst mit Gep\u00e4ck und auf Flip-Flops ziemlich tapfer durch die Gegend und war dabei nicht selten schneller als unserer Touristengruppe.<\/p>\n<p>Mit seinem Schnellboot, das an die 40 km\/h schnell war, brausten wir dann in einer Tagesreise den Rio Negro, den Rio Ja\u00fa und den Rio Carabinani hinauf, um unsere H\u00e4ngematten bei zwei <a href=\"https:\/\/maps.google.de\/maps?q=-2.025237,-61.541660&amp;t=h\" target=\"_blank\">Caboclo-Br\u00fcdern im Urwald<\/a> an die B\u00e4ume zu kn\u00fcpfen.<\/p>\n<p><iframe loading=\"lazy\" src=\"http:\/\/www.dailymotion.com\/embed\/video\/x51ukcy\" width=\"560\" height=\"315\" frameborder=\"0\" allowfullscreen=\"allowfullscreen\"><\/iframe><\/p>\n<p>Caboclos leben spartanisch, sehr spartanisch. Geschlafen wird in H\u00e4ngematten, das Gesch\u00e4ft wird im Wald erledigt und morgens, mittags und abends gibt es Fisch zum Essen.<\/p>\n<div class='polaroid-gallery galleryid-2012' style='width:auto;'>\n\t\t\t<a href=\"http:\/\/www.segunda-feira.de\/wp-content\/uploads\/2016\/11\/Das-Heim-der-Caboclo-Br\u00fcder.jpg\" title=\"das-heim-der-caboclo-brueder\" rel=\"polaroid_1963393221\" class=\"polaroid-gallery-item showcaption\"><span class=\"polaroid-gallery-image\" title=\"\" style=\"background-image: url(http:\/\/www.segunda-feira.de\/wp-content\/uploads\/2016\/11\/Das-Heim-der-Caboclo-Br\u00fcder-140x140.jpg); width: 140px; height: 140px;\"><\/span><\/a>\n\t\t\t<a href=\"http:\/\/www.segunda-feira.de\/wp-content\/uploads\/2016\/11\/Landesteg.jpg\" title=\"landesteg\" rel=\"polaroid_1963393221\" class=\"polaroid-gallery-item showcaption\"><span class=\"polaroid-gallery-image\" title=\"\" style=\"background-image: url(http:\/\/www.segunda-feira.de\/wp-content\/uploads\/2016\/11\/Landesteg-140x140.jpg); width: 140px; height: 140px;\"><\/span><\/a>\n\t\t\t<a href=\"http:\/\/www.segunda-feira.de\/wp-content\/uploads\/2016\/11\/Caboclo-Haus.jpg\" title=\"caboclo-haus\" rel=\"polaroid_1963393221\" class=\"polaroid-gallery-item showcaption\"><span class=\"polaroid-gallery-image\" title=\"\" style=\"background-image: url(http:\/\/www.segunda-feira.de\/wp-content\/uploads\/2016\/11\/Caboclo-Haus-140x140.jpg); width: 140px; height: 140px;\"><\/span><\/a>\n\t\t\t<a href=\"http:\/\/www.segunda-feira.de\/wp-content\/uploads\/2016\/11\/Home-sweet-home.jpg\" title=\"home-sweet-home\" rel=\"polaroid_1963393221\" class=\"polaroid-gallery-item showcaption\"><span class=\"polaroid-gallery-image\" title=\"\" style=\"background-image: url(http:\/\/www.segunda-feira.de\/wp-content\/uploads\/2016\/11\/Home-sweet-home-140x140.jpg); width: 140px; height: 140px;\"><\/span><\/a>\n\t\t\t<a href=\"http:\/\/www.segunda-feira.de\/wp-content\/uploads\/2016\/11\/F\u00fcnf-Sterne-Hotel.jpg\" title=\"fuenf-sterne-hotel\" rel=\"polaroid_1963393221\" class=\"polaroid-gallery-item showcaption\"><span class=\"polaroid-gallery-image\" title=\"\" style=\"background-image: url(http:\/\/www.segunda-feira.de\/wp-content\/uploads\/2016\/11\/F\u00fcnf-Sterne-Hotel-140x140.jpg); width: 140px; height: 140px;\"><\/span><\/a>\n\t\t\t<a href=\"http:\/\/www.segunda-feira.de\/wp-content\/uploads\/2016\/11\/Restaurant.jpg\" title=\"restaurant\" rel=\"polaroid_1963393221\" class=\"polaroid-gallery-item showcaption\"><span class=\"polaroid-gallery-image\" title=\"\" style=\"background-image: url(http:\/\/www.segunda-feira.de\/wp-content\/uploads\/2016\/11\/Restaurant-140x140.jpg); width: 140px; height: 140px;\"><\/span><\/a>\n\t\t\t<br style=\"clear: both;\" \/><\/div>\n\n<p>In den Folgetagen waren verschiedene Foto-Safaris mit dem Boot und zu Fu\u00df geplant. Doch das ist eine andere Geschichte.<\/p>\n<p>Fortsetzung folgt&#8230;<\/p>\n","protected":false},"excerpt":{"rendered":"<p>Caboclos &#8211; so nennen sich die Mischlinge aus Indigenen und Europ\u00e4ern, welche die Ufer des Amazonas und seiner Nebenfl\u00fcsse bewohnen. Zusammen mit den anderen, nicht-indigenen Flussbewohnern bilden sie die Bev\u00f6lkerungsgruppe der Ribeirinhos (Uferbewohner). Unsere Pr\u00fcfung beinhaltete, dass wir mit einem &hellip; <a href=\"http:\/\/www.segunda-feira.de\/?p=2012\">Weiterlesen <span class=\"meta-nav\">&rarr;<\/span><\/a><\/p>\n","protected":false},"author":1,"featured_media":0,"comment_status":"open","ping_status":"open","sticky":false,"template":"","format":"standard","meta":{"jetpack_post_was_ever_published":false,"_jetpack_newsletter_access":"","_jetpack_dont_email_post_to_subs":true,"_jetpack_newsletter_tier_id":0,"_jetpack_memberships_contains_paywalled_content":false,"_jetpack_memberships_contains_paid_content":false,"footnotes":"","jetpack_publicize_message":"","jetpack_publicize_feature_enabled":true,"jetpack_social_post_already_shared":true,"jetpack_social_options":{"image_generator_settings":{"template":"highway","default_image_id":0,"font":"","enabled":false},"version":2}},"categories":[1,9],"tags":[],"class_list":["post-2012","post","type-post","status-publish","format-standard","hentry","category-allgemein","category-reise-entdeckungen"],"jetpack_publicize_connections":[],"jetpack_featured_media_url":"","jetpack_sharing_enabled":true,"jetpack_shortlink":"https:\/\/wp.me\/p64WYd-ws","jetpack_likes_enabled":true,"_links":{"self":[{"href":"http:\/\/www.segunda-feira.de\/index.php?rest_route=\/wp\/v2\/posts\/2012","targetHints":{"allow":["GET"]}}],"collection":[{"href":"http:\/\/www.segunda-feira.de\/index.php?rest_route=\/wp\/v2\/posts"}],"about":[{"href":"http:\/\/www.segunda-feira.de\/index.php?rest_route=\/wp\/v2\/types\/post"}],"author":[{"embeddable":true,"href":"http:\/\/www.segunda-feira.de\/index.php?rest_route=\/wp\/v2\/users\/1"}],"replies":[{"embeddable":true,"href":"http:\/\/www.segunda-feira.de\/index.php?rest_route=%2Fwp%2Fv2%2Fcomments&post=2012"}],"version-history":[{"count":9,"href":"http:\/\/www.segunda-feira.de\/index.php?rest_route=\/wp\/v2\/posts\/2012\/revisions"}],"predecessor-version":[{"id":2045,"href":"http:\/\/www.segunda-feira.de\/index.php?rest_route=\/wp\/v2\/posts\/2012\/revisions\/2045"}],"wp:attachment":[{"href":"http:\/\/www.segunda-feira.de\/index.php?rest_route=%2Fwp%2Fv2%2Fmedia&parent=2012"}],"wp:term":[{"taxonomy":"category","embeddable":true,"href":"http:\/\/www.segunda-feira.de\/index.php?rest_route=%2Fwp%2Fv2%2Fcategories&post=2012"},{"taxonomy":"post_tag","embeddable":true,"href":"http:\/\/www.segunda-feira.de\/index.php?rest_route=%2Fwp%2Fv2%2Ftags&post=2012"}],"curies":[{"name":"wp","href":"https:\/\/api.w.org\/{rel}","templated":true}]}}