{"id":2034,"date":"2016-11-18T22:23:25","date_gmt":"2016-11-18T21:23:25","guid":{"rendered":"http:\/\/www.segunda-feira.de\/?p=2034"},"modified":"2016-11-18T22:24:24","modified_gmt":"2016-11-18T21:24:24","slug":"bei-vermelhinho-zuhaus","status":"publish","type":"post","link":"http:\/\/www.segunda-feira.de\/?p=2034","title":{"rendered":"Bei Vermelhinho zuhaus"},"content":{"rendered":"<p>Am Morgen des vorletzten Tages unseres Dschungelaufenthalts traten wir den R\u00fcckweg in Richtung Zivilisation an. Vorbei ging es an uns mittlerweile bekannten Landschaften, die zur Feier des Tages auch mit dem ein oder anderen fotogenen Tier aufwarteten.<\/p>\n<div class='polaroid-gallery galleryid-2034' style='width:auto;'>\n\t\t\t<a href=\"http:\/\/www.segunda-feira.de\/wp-content\/uploads\/2016\/11\/Seltsame-Landschaft-1024x683.jpg\" title=\"seltsame-landschaft\" rel=\"polaroid_99219252\" class=\"polaroid-gallery-item showcaption\"><span class=\"polaroid-gallery-image\" title=\"\" style=\"background-image: url(http:\/\/www.segunda-feira.de\/wp-content\/uploads\/2016\/11\/Seltsame-Landschaft-140x140.jpg); width: 140px; height: 140px;\"><\/span><\/a>\n\t\t\t<a href=\"http:\/\/www.segunda-feira.de\/wp-content\/uploads\/2016\/11\/Skurile-Landschaft-1024x683.jpg\" title=\"skurile-landschaft\" rel=\"polaroid_99219252\" class=\"polaroid-gallery-item showcaption\"><span class=\"polaroid-gallery-image\" title=\"\" style=\"background-image: url(http:\/\/www.segunda-feira.de\/wp-content\/uploads\/2016\/11\/Skurile-Landschaft-140x140.jpg); width: 140px; height: 140px;\"><\/span><\/a>\n\t\t\t<a href=\"http:\/\/www.segunda-feira.de\/wp-content\/uploads\/2016\/11\/Wundersame-Landschaft-1024x683.jpg\" title=\"wundersame-landschaft\" rel=\"polaroid_99219252\" class=\"polaroid-gallery-item showcaption\"><span class=\"polaroid-gallery-image\" title=\"\" style=\"background-image: url(http:\/\/www.segunda-feira.de\/wp-content\/uploads\/2016\/11\/Wundersame-Landschaft-140x140.jpg); width: 140px; height: 140px;\"><\/span><\/a>\n\t\t\t<a href=\"http:\/\/www.segunda-feira.de\/wp-content\/uploads\/2016\/11\/Eigenartige-Landschaft-1024x683.jpg\" title=\"eigenartige-landschaft\" rel=\"polaroid_99219252\" class=\"polaroid-gallery-item showcaption\"><span class=\"polaroid-gallery-image\" title=\"\" style=\"background-image: url(http:\/\/www.segunda-feira.de\/wp-content\/uploads\/2016\/11\/Eigenartige-Landschaft-140x140.jpg); width: 140px; height: 140px;\"><\/span><\/a>\n\t\t\t<a href=\"http:\/\/www.segunda-feira.de\/wp-content\/uploads\/2016\/11\/Fischreiher-1024x683.jpg\" title=\"fischreiher\" rel=\"polaroid_99219252\" class=\"polaroid-gallery-item showcaption\"><span class=\"polaroid-gallery-image\" title=\"\" style=\"background-image: url(http:\/\/www.segunda-feira.de\/wp-content\/uploads\/2016\/11\/Fischreiher-140x140.jpg); width: 140px; height: 140px;\"><\/span><\/a>\n\t\t\t<a href=\"http:\/\/www.segunda-feira.de\/wp-content\/uploads\/2016\/11\/Noch-ein-Reiher-1024x683.jpg\" title=\"noch-ein-reiher\" rel=\"polaroid_99219252\" class=\"polaroid-gallery-item showcaption\"><span class=\"polaroid-gallery-image\" title=\"\" style=\"background-image: url(http:\/\/www.segunda-feira.de\/wp-content\/uploads\/2016\/11\/Noch-ein-Reiher-140x140.jpg); width: 140px; height: 140px;\"><\/span><\/a>\n\t\t\t<a href=\"http:\/\/www.segunda-feira.de\/wp-content\/uploads\/2016\/11\/Kaiman-1024x683.jpg\" title=\"kaiman\" rel=\"polaroid_99219252\" class=\"polaroid-gallery-item showcaption\"><span class=\"polaroid-gallery-image\" title=\"\" style=\"background-image: url(http:\/\/www.segunda-feira.de\/wp-content\/uploads\/2016\/11\/Kaiman-140x140.jpg); width: 140px; height: 140px;\"><\/span><\/a>\n\t\t\t<a href=\"http:\/\/www.segunda-feira.de\/wp-content\/uploads\/2016\/11\/Seitenarmromantik-1024x683.jpg\" title=\"seitenarmromantik\" rel=\"polaroid_99219252\" class=\"polaroid-gallery-item showcaption\"><span class=\"polaroid-gallery-image\" title=\"\" style=\"background-image: url(http:\/\/www.segunda-feira.de\/wp-content\/uploads\/2016\/11\/Seitenarmromantik-140x140.jpg); width: 140px; height: 140px;\"><\/span><\/a>\n\t\t\t<a href=\"http:\/\/www.segunda-feira.de\/wp-content\/uploads\/2016\/11\/Blick-in-die-Geologie-1024x683.jpg\" title=\"blick-in-die-geologie\" rel=\"polaroid_99219252\" class=\"polaroid-gallery-item showcaption\"><span class=\"polaroid-gallery-image\" title=\"\" style=\"background-image: url(http:\/\/www.segunda-feira.de\/wp-content\/uploads\/2016\/11\/Blick-in-die-Geologie-140x140.jpg); width: 140px; height: 140px;\"><\/span><\/a>\n\t\t\t<a href=\"http:\/\/www.segunda-feira.de\/wp-content\/uploads\/2016\/11\/Vogel-1024x683.jpg\" title=\"vogel\" rel=\"polaroid_99219252\" class=\"polaroid-gallery-item showcaption\"><span class=\"polaroid-gallery-image\" title=\"\" style=\"background-image: url(http:\/\/www.segunda-feira.de\/wp-content\/uploads\/2016\/11\/Vogel-140x140.jpg); width: 140px; height: 140px;\"><\/span><\/a>\n\t\t\t<a href=\"http:\/\/www.segunda-feira.de\/wp-content\/uploads\/2016\/11\/Wow-1024x683.jpg\" title=\"wow\" rel=\"polaroid_99219252\" class=\"polaroid-gallery-item showcaption\"><span class=\"polaroid-gallery-image\" title=\"\" style=\"background-image: url(http:\/\/www.segunda-feira.de\/wp-content\/uploads\/2016\/11\/Wow-140x140.jpg); width: 140px; height: 140px;\"><\/span><\/a>\n\t\t\t<br style=\"clear: both;\" \/><\/div>\n\n<p>Am Ausgang des Nationalparkes Ja\u00fa kamen wir bei den Parkh\u00fctern vorbei. Peter schaffte es, einen von ihnen beim Mittagsschlaf abzulichten.<\/p>\n<div class='polaroid-gallery galleryid-2034' style='width:auto;'>\n\t\t\t<a href=\"http:\/\/www.segunda-feira.de\/wp-content\/uploads\/2016\/11\/Parkh\u00fcterhauptquartier-1024x683.jpg\" title=\"parkhueterhauptquartier\" rel=\"polaroid_1288216519\" class=\"polaroid-gallery-item showcaption\"><span class=\"polaroid-gallery-image\" title=\"\" style=\"background-image: url(http:\/\/www.segunda-feira.de\/wp-content\/uploads\/2016\/11\/Parkh\u00fcterhauptquartier-140x140.jpg); width: 140px; height: 140px;\"><\/span><\/a>\n\t\t\t<a href=\"http:\/\/www.segunda-feira.de\/wp-content\/uploads\/2016\/11\/Parkh\u00fcter-beim-Mittagsschlaf-1024x683.jpg\" title=\"parkhueter-beim-mittagsschlaf\" rel=\"polaroid_1288216519\" class=\"polaroid-gallery-item showcaption\"><span class=\"polaroid-gallery-image\" title=\"\" style=\"background-image: url(http:\/\/www.segunda-feira.de\/wp-content\/uploads\/2016\/11\/Parkh\u00fcter-beim-Mittagsschlaf-140x140.jpg); width: 140px; height: 140px;\"><\/span><\/a>\n\t\t\t<br style=\"clear: both;\" \/><\/div>\n\n<p>Kurz vor der Abendd\u00e4mmerung erreichten wir <a href=\"https:\/\/maps.google.de\/maps?q=-2.580205,-61.034206&amp;t=h\" target=\"_blank\">Vermelhinhos Haus<\/a>, das in der Niedrigwasserzeit ein paar Hundert Meter vom Ufer entfernt mitten im Wald lag. Im Gegensatz zu den beiden Br\u00fcdern im Nationalpark, deren Aufenthalt nur toleriert ist, hat Vermelhinho sein Grundst\u00fcck \u00fcber das brasilienweite Programm Terra Legal erhalten. Er musste nichts daf\u00fcr bezahlen, muss es aber bewirtschaften und darf es nicht weiterverkaufen, nur vererben. Damit stellt der Staat sicher, dass mit dem Boden nicht spekuliert wird und die Menschen sich nicht illegal L\u00e4ndereien aneignen. Da er im Gegensatz zu den tolerierten Caboclos im Nationalpark auf seinem Grundst\u00fcck bauen und anbauen darf, wie er will, war es auch ein wenig fortschrittlicher ausgestattet. Sogar die elektrische Versorgung steht kurz bevor.<\/p>\n<div class='polaroid-gallery galleryid-2034' style='width:auto;'>\n\t\t\t<a href=\"http:\/\/www.segunda-feira.de\/wp-content\/uploads\/2016\/11\/Schlafzimmer-mit-G\u00e4stezimmer-im-Bau-1024x683.jpg\" title=\"schlafzimmer-mit-gaestezimmer-im-bau\" rel=\"polaroid_1116591166\" class=\"polaroid-gallery-item showcaption\"><span class=\"polaroid-gallery-image\" title=\"\" style=\"background-image: url(http:\/\/www.segunda-feira.de\/wp-content\/uploads\/2016\/11\/Schlafzimmer-mit-G\u00e4stezimmer-im-Bau-140x140.jpg); width: 140px; height: 140px;\"><\/span><\/a>\n\t\t\t<a href=\"http:\/\/www.segunda-feira.de\/wp-content\/uploads\/2016\/11\/G\u00e4stezimmer-1024x683.jpg\" title=\"gaestezimmer\" rel=\"polaroid_1116591166\" class=\"polaroid-gallery-item showcaption\"><span class=\"polaroid-gallery-image\" title=\"\" style=\"background-image: url(http:\/\/www.segunda-feira.de\/wp-content\/uploads\/2016\/11\/G\u00e4stezimmer-140x140.jpg); width: 140px; height: 140px;\"><\/span><\/a>\n\t\t\t<a href=\"http:\/\/www.segunda-feira.de\/wp-content\/uploads\/2016\/11\/Unser-Nachtquartier-1024x683.jpg\" title=\"unser-nachtquartier\" rel=\"polaroid_1116591166\" class=\"polaroid-gallery-item showcaption\"><span class=\"polaroid-gallery-image\" title=\"\" style=\"background-image: url(http:\/\/www.segunda-feira.de\/wp-content\/uploads\/2016\/11\/Unser-Nachtquartier-140x140.jpg); width: 140px; height: 140px;\"><\/span><\/a>\n\t\t\t<a href=\"http:\/\/www.segunda-feira.de\/wp-content\/uploads\/2016\/11\/Kinderzimmer-1024x683.jpg\" title=\"kinderzimmer\" rel=\"polaroid_1116591166\" class=\"polaroid-gallery-item showcaption\"><span class=\"polaroid-gallery-image\" title=\"\" style=\"background-image: url(http:\/\/www.segunda-feira.de\/wp-content\/uploads\/2016\/11\/Kinderzimmer-140x140.jpg); width: 140px; height: 140px;\"><\/span><\/a>\n\t\t\t<a href=\"http:\/\/www.segunda-feira.de\/wp-content\/uploads\/2016\/11\/Herd.jpg\" title=\"herd\" rel=\"polaroid_1116591166\" class=\"polaroid-gallery-item showcaption\"><span class=\"polaroid-gallery-image\" title=\"\" style=\"background-image: url(http:\/\/www.segunda-feira.de\/wp-content\/uploads\/2016\/11\/Herd-140x140.jpg); width: 140px; height: 140px;\"><\/span><\/a>\n\t\t\t<a href=\"http:\/\/www.segunda-feira.de\/wp-content\/uploads\/2016\/11\/Herd-in-Aktion-1024x683.jpg\" title=\"herd-in-aktion\" rel=\"polaroid_1116591166\" class=\"polaroid-gallery-item showcaption\"><span class=\"polaroid-gallery-image\" title=\"\" style=\"background-image: url(http:\/\/www.segunda-feira.de\/wp-content\/uploads\/2016\/11\/Herd-in-Aktion-140x140.jpg); width: 140px; height: 140px;\"><\/span><\/a>\n\t\t\t<a href=\"http:\/\/www.segunda-feira.de\/wp-content\/uploads\/2016\/11\/Esszimmer-1024x683.jpg\" title=\"esszimmer\" rel=\"polaroid_1116591166\" class=\"polaroid-gallery-item showcaption\"><span class=\"polaroid-gallery-image\" title=\"\" style=\"background-image: url(http:\/\/www.segunda-feira.de\/wp-content\/uploads\/2016\/11\/Esszimmer-140x140.jpg); width: 140px; height: 140px;\"><\/span><\/a>\n\t\t\t<a href=\"http:\/\/www.segunda-feira.de\/wp-content\/uploads\/2016\/11\/Sp\u00fcle-1024x683.jpg\" title=\"spuele\" rel=\"polaroid_1116591166\" class=\"polaroid-gallery-item showcaption\"><span class=\"polaroid-gallery-image\" title=\"\" style=\"background-image: url(http:\/\/www.segunda-feira.de\/wp-content\/uploads\/2016\/11\/Sp\u00fcle-140x140.jpg); width: 140px; height: 140px;\"><\/span><\/a>\n\t\t\t<a href=\"http:\/\/www.segunda-feira.de\/wp-content\/uploads\/2016\/11\/Klo-1024x683.jpg\" title=\"klo\" rel=\"polaroid_1116591166\" class=\"polaroid-gallery-item showcaption\"><span class=\"polaroid-gallery-image\" title=\"\" style=\"background-image: url(http:\/\/www.segunda-feira.de\/wp-content\/uploads\/2016\/11\/Klo-140x140.jpg); width: 140px; height: 140px;\"><\/span><\/a>\n\t\t\t<br style=\"clear: both;\" \/><\/div>\n\n<p>Boa noite e durma bem.<\/p>\n","protected":false},"excerpt":{"rendered":"<p>Am Morgen des vorletzten Tages unseres Dschungelaufenthalts traten wir den R\u00fcckweg in Richtung Zivilisation an. Vorbei ging es an uns mittlerweile bekannten Landschaften, die zur Feier des Tages auch mit dem ein oder anderen fotogenen Tier aufwarteten. Am Ausgang des &hellip; <a href=\"http:\/\/www.segunda-feira.de\/?p=2034\">Weiterlesen <span class=\"meta-nav\">&rarr;<\/span><\/a><\/p>\n","protected":false},"author":1,"featured_media":0,"comment_status":"open","ping_status":"open","sticky":false,"template":"","format":"standard","meta":{"jetpack_post_was_ever_published":false,"_jetpack_newsletter_access":"","_jetpack_dont_email_post_to_subs":true,"_jetpack_newsletter_tier_id":0,"_jetpack_memberships_contains_paywalled_content":false,"_jetpack_memberships_contains_paid_content":false,"footnotes":"","jetpack_publicize_message":"","jetpack_publicize_feature_enabled":true,"jetpack_social_post_already_shared":true,"jetpack_social_options":{"image_generator_settings":{"template":"highway","default_image_id":0,"font":"","enabled":false},"version":2}},"categories":[1,9],"tags":[],"class_list":["post-2034","post","type-post","status-publish","format-standard","hentry","category-allgemein","category-reise-entdeckungen"],"jetpack_publicize_connections":[],"jetpack_featured_media_url":"","jetpack_sharing_enabled":true,"jetpack_shortlink":"https:\/\/wp.me\/p64WYd-wO","jetpack_likes_enabled":true,"_links":{"self":[{"href":"http:\/\/www.segunda-feira.de\/index.php?rest_route=\/wp\/v2\/posts\/2034","targetHints":{"allow":["GET"]}}],"collection":[{"href":"http:\/\/www.segunda-feira.de\/index.php?rest_route=\/wp\/v2\/posts"}],"about":[{"href":"http:\/\/www.segunda-feira.de\/index.php?rest_route=\/wp\/v2\/types\/post"}],"author":[{"embeddable":true,"href":"http:\/\/www.segunda-feira.de\/index.php?rest_route=\/wp\/v2\/users\/1"}],"replies":[{"embeddable":true,"href":"http:\/\/www.segunda-feira.de\/index.php?rest_route=%2Fwp%2Fv2%2Fcomments&post=2034"}],"version-history":[{"count":6,"href":"http:\/\/www.segunda-feira.de\/index.php?rest_route=\/wp\/v2\/posts\/2034\/revisions"}],"predecessor-version":[{"id":2115,"href":"http:\/\/www.segunda-feira.de\/index.php?rest_route=\/wp\/v2\/posts\/2034\/revisions\/2115"}],"wp:attachment":[{"href":"http:\/\/www.segunda-feira.de\/index.php?rest_route=%2Fwp%2Fv2%2Fmedia&parent=2034"}],"wp:term":[{"taxonomy":"category","embeddable":true,"href":"http:\/\/www.segunda-feira.de\/index.php?rest_route=%2Fwp%2Fv2%2Fcategories&post=2034"},{"taxonomy":"post_tag","embeddable":true,"href":"http:\/\/www.segunda-feira.de\/index.php?rest_route=%2Fwp%2Fv2%2Ftags&post=2034"}],"curies":[{"name":"wp","href":"https:\/\/api.w.org\/{rel}","templated":true}]}}