{"id":2049,"date":"2016-11-16T15:22:37","date_gmt":"2016-11-16T14:22:37","guid":{"rendered":"http:\/\/www.segunda-feira.de\/?p=2049"},"modified":"2016-11-16T15:22:37","modified_gmt":"2016-11-16T14:22:37","slug":"foto-safari-i","status":"publish","type":"post","link":"http:\/\/www.segunda-feira.de\/?p=2049","title":{"rendered":"Foto-Safari I"},"content":{"rendered":"<p>Wie steht es so sch\u00f6n in Sylvias Reisef\u00fchrer? Das Pantanal ist so, wie man sich den Amazonas vorstellt. W\u00e4hrend man im Pantanal an jeder Ecke \u00fcber Alligatoren und Riesenmeerschweinchen stolpert sowie riesige Fischreiher regelm\u00e4\u00dfig durch das Bild fliegen, macht sich die Tierwelt am Amazonas recht rar. Ich bin ja eh der Meinung, dass man in den Dokumentationen von David Attenborough die Tiere viel besser beobachten kann, als in einer direkten Begegnung, die h\u00e4ufig eher zuf\u00e4llig und kurz verl\u00e4uft.<\/p>\n<p>Trotzdem ist der Amazonas-Regenwald sehr beeindruckend. Da ist zun\u00e4chst einmal seine schiere Gr\u00f6\u00dfe: Der Regenwald liegt zu 60 Prozent auf dem Gebiet Brasiliens und umfasst die H\u00e4lfte des brasilianischen Territoriums. Er macht die H\u00e4lfte des auf der Erde verbliebenen Tropenwaldes aus. Die Fl\u00e4che des Amazonasbeckens betr\u00e4gt knapp 7 Millionen Quadratkilometer, stellt damit knapp 39 Prozent der Fl\u00e4che S\u00fcdamerikas und ist fast 20 mal gr\u00f6\u00dfer als Deutschland. L\u00e4ge das Gebiet in Europa, n\u00e4hme es 70 Prozent der gesamten Fl\u00e4che des Kontinents ein. Da kann man sich schnell verlaufen.<\/p>\n<p>Hauptverkehrswege sind die Fl\u00fcsse. Das versteht man erst, wenn man die immense Differenz zwischen Hoch- und Niedrigwasser bewusst wahrgenommen hat, die am Rio Negro bis zu 19 Meter betr\u00e4gt. Zwar gibt es in Amazonien keine richtige Trockenzeit &#8211; sonst hie\u00dfe das Gebiet ja auch nicht Regenwald, doch es gibt Zeiten mit mehr und weniger regelm\u00e4\u00dfigen Regen. Auf unseren Fotos kann man immer wieder gut erkennen, dass die H\u00e4user der Flussbewohner auf Anh\u00f6hen liegen. Das liegt daran, dass wir bei Niedrigwasser dort waren. W\u00e4hrend des Hochwassers liegen sie direkt am Ufer. Das bedeutet, dass fast die gesamte Landschaft, die man auf den folgenden Bildern sehen kann, in den Zeiten hohen Wasserstandes verschwunden ist.<\/p>\n<div class='polaroid-gallery galleryid-2049' style='width:auto;'>\n\t\t\t<a href=\"http:\/\/www.segunda-feira.de\/wp-content\/uploads\/2016\/11\/Blick-nach-vorn-1024x683.jpg\" title=\"blick-nach-vorn\" rel=\"polaroid_1824161840\" class=\"polaroid-gallery-item showcaption\"><span class=\"polaroid-gallery-image\" title=\"\" style=\"background-image: url(http:\/\/www.segunda-feira.de\/wp-content\/uploads\/2016\/11\/Blick-nach-vorn-140x140.jpg); width: 140px; height: 140px;\"><\/span><\/a>\n\t\t\t<a href=\"http:\/\/www.segunda-feira.de\/wp-content\/uploads\/2016\/11\/\u00d6der-Ort-1024x683.jpg\" title=\"oeder-ort\" rel=\"polaroid_1824161840\" class=\"polaroid-gallery-item showcaption\"><span class=\"polaroid-gallery-image\" title=\"\" style=\"background-image: url(http:\/\/www.segunda-feira.de\/wp-content\/uploads\/2016\/11\/\u00d6der-Ort-140x140.jpg); width: 140px; height: 140px;\"><\/span><\/a>\n\t\t\t<a href=\"http:\/\/www.segunda-feira.de\/wp-content\/uploads\/2016\/11\/Tod-und-Verderben-1024x683.jpg\" title=\"tod-und-verderben\" rel=\"polaroid_1824161840\" class=\"polaroid-gallery-item showcaption\"><span class=\"polaroid-gallery-image\" title=\"\" style=\"background-image: url(http:\/\/www.segunda-feira.de\/wp-content\/uploads\/2016\/11\/Tod-und-Verderben-140x140.jpg); width: 140px; height: 140px;\"><\/span><\/a>\n\t\t\t<a href=\"http:\/\/www.segunda-feira.de\/wp-content\/uploads\/2016\/11\/Schattenpinkeln-1024x683.jpg\" title=\"schattenpinkeln\" rel=\"polaroid_1824161840\" class=\"polaroid-gallery-item showcaption\"><span class=\"polaroid-gallery-image\" title=\"\" style=\"background-image: url(http:\/\/www.segunda-feira.de\/wp-content\/uploads\/2016\/11\/Schattenpinkeln-140x140.jpg); width: 140px; height: 140px;\"><\/span><\/a>\n\t\t\t<a href=\"http:\/\/www.segunda-feira.de\/wp-content\/uploads\/2016\/11\/Mittagspause-1024x683.jpg\" title=\"mittagspause\" rel=\"polaroid_1824161840\" class=\"polaroid-gallery-item showcaption\"><span class=\"polaroid-gallery-image\" title=\"\" style=\"background-image: url(http:\/\/www.segunda-feira.de\/wp-content\/uploads\/2016\/11\/Mittagspause-140x140.jpg); width: 140px; height: 140px;\"><\/span><\/a>\n\t\t\t<a href=\"http:\/\/www.segunda-feira.de\/wp-content\/uploads\/2016\/11\/Bad-im-pisswarmen-Wasser-1024x683.jpg\" title=\"bad-im-pisswarmen-wasser\" rel=\"polaroid_1824161840\" class=\"polaroid-gallery-item showcaption\"><span class=\"polaroid-gallery-image\" title=\"\" style=\"background-image: url(http:\/\/www.segunda-feira.de\/wp-content\/uploads\/2016\/11\/Bad-im-pisswarmen-Wasser-140x140.jpg); width: 140px; height: 140px;\"><\/span><\/a>\n\t\t\t<a href=\"http:\/\/www.segunda-feira.de\/wp-content\/uploads\/2016\/11\/Caboclo-Bruder-1024x683.jpg\" title=\"caboclo-bruder\" rel=\"polaroid_1824161840\" class=\"polaroid-gallery-item showcaption\"><span class=\"polaroid-gallery-image\" title=\"\" style=\"background-image: url(http:\/\/www.segunda-feira.de\/wp-content\/uploads\/2016\/11\/Caboclo-Bruder-140x140.jpg); width: 140px; height: 140px;\"><\/span><\/a>\n\t\t\t<a href=\"http:\/\/www.segunda-feira.de\/wp-content\/uploads\/2016\/11\/Gro\u00dfer-Baum-683x1024.jpg\" title=\"grosser-baum\" rel=\"polaroid_1824161840\" class=\"polaroid-gallery-item showcaption\"><span class=\"polaroid-gallery-image\" title=\"\" style=\"background-image: url(http:\/\/www.segunda-feira.de\/wp-content\/uploads\/2016\/11\/Gro\u00dfer-Baum-140x140.jpg); width: 140px; height: 140px;\"><\/span><\/a>\n\t\t\t<a href=\"http:\/\/www.segunda-feira.de\/wp-content\/uploads\/2016\/11\/Gruppenfoto-1024x683.jpg\" title=\"gruppenfoto\" rel=\"polaroid_1824161840\" class=\"polaroid-gallery-item showcaption\"><span class=\"polaroid-gallery-image\" title=\"\" style=\"background-image: url(http:\/\/www.segunda-feira.de\/wp-content\/uploads\/2016\/11\/Gruppenfoto-140x140.jpg); width: 140px; height: 140px;\"><\/span><\/a>\n\t\t\t<br style=\"clear: both;\" \/><\/div>\n\n<p>Eine unserer Haltestellen war ein verlassenes Dorf, Velho Air\u00e3o, von dem es hei\u00dft, dass die Ameisen die Einwohner gefressen h\u00e4tten.<\/p>\n<div class='polaroid-gallery galleryid-2049' style='width:auto;'>\n\t\t\t<a href=\"http:\/\/www.segunda-feira.de\/wp-content\/uploads\/2016\/11\/Das-alte-Airao-1024x683.jpg\" title=\"das-alte-airao\" rel=\"polaroid_320956754\" class=\"polaroid-gallery-item showcaption\"><span class=\"polaroid-gallery-image\" title=\"\" style=\"background-image: url(http:\/\/www.segunda-feira.de\/wp-content\/uploads\/2016\/11\/Das-alte-Airao-140x140.jpg); width: 140px; height: 140px;\"><\/span><\/a>\n\t\t\t<a href=\"http:\/\/www.segunda-feira.de\/wp-content\/uploads\/2016\/11\/Ruinen-1024x683.jpg\" title=\"ruinen\" rel=\"polaroid_320956754\" class=\"polaroid-gallery-item showcaption\"><span class=\"polaroid-gallery-image\" title=\"\" style=\"background-image: url(http:\/\/www.segunda-feira.de\/wp-content\/uploads\/2016\/11\/Ruinen-140x140.jpg); width: 140px; height: 140px;\"><\/span><\/a>\n\t\t\t<a href=\"http:\/\/www.segunda-feira.de\/wp-content\/uploads\/2016\/11\/Zeugen-einer-anderen-Zeit-1024x683.jpg\" title=\"zeugen-einer-anderen-zeit\" rel=\"polaroid_320956754\" class=\"polaroid-gallery-item showcaption\"><span class=\"polaroid-gallery-image\" title=\"\" style=\"background-image: url(http:\/\/www.segunda-feira.de\/wp-content\/uploads\/2016\/11\/Zeugen-einer-anderen-Zeit-140x140.jpg); width: 140px; height: 140px;\"><\/span><\/a>\n\t\t\t<a href=\"http:\/\/www.segunda-feira.de\/wp-content\/uploads\/2016\/11\/Wie-sch\u00f6n-wars-damals-1024x683.jpg\" title=\"wie-schoen-wars-damals\" rel=\"polaroid_320956754\" class=\"polaroid-gallery-item showcaption\"><span class=\"polaroid-gallery-image\" title=\"\" style=\"background-image: url(http:\/\/www.segunda-feira.de\/wp-content\/uploads\/2016\/11\/Wie-sch\u00f6n-wars-damals-140x140.jpg); width: 140px; height: 140px;\"><\/span><\/a>\n\t\t\t<a href=\"http:\/\/www.segunda-feira.de\/wp-content\/uploads\/2016\/11\/Das-Ende-1024x683.jpg\" title=\"das-ende\" rel=\"polaroid_320956754\" class=\"polaroid-gallery-item showcaption\"><span class=\"polaroid-gallery-image\" title=\"\" style=\"background-image: url(http:\/\/www.segunda-feira.de\/wp-content\/uploads\/2016\/11\/Das-Ende-140x140.jpg); width: 140px; height: 140px;\"><\/span><\/a>\n\t\t\t<br style=\"clear: both;\" \/><\/div>\n\n<p>Fortsetzung folgt&#8230;<\/p>\n","protected":false},"excerpt":{"rendered":"<p>Wie steht es so sch\u00f6n in Sylvias Reisef\u00fchrer? Das Pantanal ist so, wie man sich den Amazonas vorstellt. W\u00e4hrend man im Pantanal an jeder Ecke \u00fcber Alligatoren und Riesenmeerschweinchen stolpert sowie riesige Fischreiher regelm\u00e4\u00dfig durch das Bild fliegen, macht sich &hellip; <a href=\"http:\/\/www.segunda-feira.de\/?p=2049\">Weiterlesen <span class=\"meta-nav\">&rarr;<\/span><\/a><\/p>\n","protected":false},"author":1,"featured_media":0,"comment_status":"open","ping_status":"open","sticky":false,"template":"","format":"standard","meta":{"jetpack_post_was_ever_published":false,"_jetpack_newsletter_access":"","_jetpack_dont_email_post_to_subs":false,"_jetpack_newsletter_tier_id":0,"_jetpack_memberships_contains_paywalled_content":false,"_jetpack_memberships_contains_paid_content":false,"footnotes":"","jetpack_publicize_message":"","jetpack_publicize_feature_enabled":true,"jetpack_social_post_already_shared":true,"jetpack_social_options":{"image_generator_settings":{"template":"highway","default_image_id":0,"font":"","enabled":false},"version":2}},"categories":[1,9],"tags":[],"class_list":["post-2049","post","type-post","status-publish","format-standard","hentry","category-allgemein","category-reise-entdeckungen"],"jetpack_publicize_connections":[],"jetpack_featured_media_url":"","jetpack_sharing_enabled":true,"jetpack_shortlink":"https:\/\/wp.me\/p64WYd-x3","jetpack_likes_enabled":true,"_links":{"self":[{"href":"http:\/\/www.segunda-feira.de\/index.php?rest_route=\/wp\/v2\/posts\/2049","targetHints":{"allow":["GET"]}}],"collection":[{"href":"http:\/\/www.segunda-feira.de\/index.php?rest_route=\/wp\/v2\/posts"}],"about":[{"href":"http:\/\/www.segunda-feira.de\/index.php?rest_route=\/wp\/v2\/types\/post"}],"author":[{"embeddable":true,"href":"http:\/\/www.segunda-feira.de\/index.php?rest_route=\/wp\/v2\/users\/1"}],"replies":[{"embeddable":true,"href":"http:\/\/www.segunda-feira.de\/index.php?rest_route=%2Fwp%2Fv2%2Fcomments&post=2049"}],"version-history":[{"count":1,"href":"http:\/\/www.segunda-feira.de\/index.php?rest_route=\/wp\/v2\/posts\/2049\/revisions"}],"predecessor-version":[{"id":2064,"href":"http:\/\/www.segunda-feira.de\/index.php?rest_route=\/wp\/v2\/posts\/2049\/revisions\/2064"}],"wp:attachment":[{"href":"http:\/\/www.segunda-feira.de\/index.php?rest_route=%2Fwp%2Fv2%2Fmedia&parent=2049"}],"wp:term":[{"taxonomy":"category","embeddable":true,"href":"http:\/\/www.segunda-feira.de\/index.php?rest_route=%2Fwp%2Fv2%2Fcategories&post=2049"},{"taxonomy":"post_tag","embeddable":true,"href":"http:\/\/www.segunda-feira.de\/index.php?rest_route=%2Fwp%2Fv2%2Ftags&post=2049"}],"curies":[{"name":"wp","href":"https:\/\/api.w.org\/{rel}","templated":true}]}}