{"id":2066,"date":"2016-11-17T16:26:00","date_gmt":"2016-11-17T15:26:00","guid":{"rendered":"http:\/\/www.segunda-feira.de\/?p=2066"},"modified":"2019-06-23T13:30:02","modified_gmt":"2019-06-23T11:30:02","slug":"foto-safari-ii","status":"publish","type":"post","link":"http:\/\/www.segunda-feira.de\/?p=2066","title":{"rendered":"Foto-Safari II"},"content":{"rendered":"<p>Ein typischer Alltag w\u00e4hrend der Dschungelpr\u00fcfung: Aufstehen, Fr\u00fchst\u00fcck (Fr\u00fcchte, Brot und Fisch), Fertigmachen zur Abfahrt. Mit dem Kleinboot inklusive Moped-Au\u00dfenborder \u00fcber Stromschnellen einen kleinen Nebenfluss hinauf. Waldwanderung mit Adlersichtung.<\/p>\n<div class='polaroid-gallery galleryid-2066' style='width:auto;'>\n\t\t\t<a href=\"http:\/\/www.segunda-feira.de\/wp-content\/uploads\/2016\/11\/Moped-Boot-1024x683.jpg\" title=\"moped-boot\" rel=\"polaroid_891706003\" class=\"polaroid-gallery-item showcaption\"><span class=\"polaroid-gallery-image\" title=\"\" style=\"background-image: url(http:\/\/www.segunda-feira.de\/wp-content\/uploads\/2016\/11\/Moped-Boot-140x140.jpg); width: 140px; height: 140px;\"><\/span><\/a>\n\t\t\t<a href=\"http:\/\/www.segunda-feira.de\/wp-content\/uploads\/2016\/11\/Bug-1024x683.jpg\" title=\"bug\" rel=\"polaroid_891706003\" class=\"polaroid-gallery-item showcaption\"><span class=\"polaroid-gallery-image\" title=\"\" style=\"background-image: url(http:\/\/www.segunda-feira.de\/wp-content\/uploads\/2016\/11\/Bug-140x140.jpg); width: 140px; height: 140px;\"><\/span><\/a>\n\t\t\t<a href=\"http:\/\/www.segunda-feira.de\/wp-content\/uploads\/2016\/11\/Stromschnellen-1024x683.jpg\" title=\"stromschnellen\" rel=\"polaroid_891706003\" class=\"polaroid-gallery-item showcaption\"><span class=\"polaroid-gallery-image\" title=\"\" style=\"background-image: url(http:\/\/www.segunda-feira.de\/wp-content\/uploads\/2016\/11\/Stromschnellen-140x140.jpg); width: 140px; height: 140px;\"><\/span><\/a>\n\t\t\t<a href=\"http:\/\/www.segunda-feira.de\/wp-content\/uploads\/2016\/11\/Wirt-mit-G\u00e4sten-683x1024.jpg\" title=\"wirt-mit-gaesten\" rel=\"polaroid_891706003\" class=\"polaroid-gallery-item showcaption\"><span class=\"polaroid-gallery-image\" title=\"\" style=\"background-image: url(http:\/\/www.segunda-feira.de\/wp-content\/uploads\/2016\/11\/Wirt-mit-G\u00e4sten-140x140.jpg); width: 140px; height: 140px;\"><\/span><\/a>\n\t\t\t<a href=\"http:\/\/www.segunda-feira.de\/wp-content\/uploads\/2016\/11\/Pilze-1024x683.jpg\" title=\"pilze\" rel=\"polaroid_891706003\" class=\"polaroid-gallery-item showcaption\"><span class=\"polaroid-gallery-image\" title=\"\" style=\"background-image: url(http:\/\/www.segunda-feira.de\/wp-content\/uploads\/2016\/11\/Pilze-140x140.jpg); width: 140px; height: 140px;\"><\/span><\/a>\n\t\t\t<a href=\"http:\/\/www.segunda-feira.de\/wp-content\/uploads\/2016\/11\/Adler.jpg\" title=\"adler\" rel=\"polaroid_891706003\" class=\"polaroid-gallery-item showcaption\"><span class=\"polaroid-gallery-image\" title=\"\" style=\"background-image: url(http:\/\/www.segunda-feira.de\/wp-content\/uploads\/2016\/11\/Adler-140x140.jpg); width: 140px; height: 140px;\"><\/span><\/a>\n\t\t\t<br style=\"clear: both;\" \/><\/div>\n\n<p><img loading=\"lazy\" decoding=\"async\" class=\"size-medium wp-image-2069 alignleft\" src=\"http:\/\/www.segunda-feira.de\/wp-content\/uploads\/2016\/11\/Caboclo-Bruder-Nazar\u00e9-200x300.jpg\" alt=\"caboclo-bruder-nazare\" width=\"200\" height=\"300\" srcset=\"http:\/\/www.segunda-feira.de\/wp-content\/uploads\/2016\/11\/Caboclo-Bruder-Nazar\u00e9-200x300.jpg 200w, http:\/\/www.segunda-feira.de\/wp-content\/uploads\/2016\/11\/Caboclo-Bruder-Nazar\u00e9.jpg 683w\" sizes=\"auto, (max-width: 200px) 100vw, 200px\" \/><\/p>\n<p>Unser F\u00fchrer an diesem Tag war Nazar\u00e9, einer der Caboclo-Br\u00fcder. Er f\u00fchrte uns \u00fcber einen ehemaligen Waldarbeiterpfad. Ehemalig, da das Gebiet heute zum Nationalpark Ja\u00fa geh\u00f6rt. Nazar\u00e9 und sein Bruder Ari leben noch in dem Park, was keine Selbstverst\u00e4ndlichkeit ist. Ihre Anwesenheit wird toleriert, sie m\u00fcssen sich jedoch strengen Auflagen unterwerfen.<\/p>\n<p>Unter anderem f\u00fchrte er uns an eine Stelle, wo fr\u00fcher Kautschuk gewonnen wurde.<\/p>\n<div class='polaroid-gallery galleryid-2066' style='width:auto;'>\n\t\t\t<a href=\"http:\/\/www.segunda-feira.de\/wp-content\/uploads\/2016\/11\/Kautschuk-I-1024x683.jpg\" title=\"kautschuk-i\" rel=\"polaroid_1162359284\" class=\"polaroid-gallery-item showcaption\"><span class=\"polaroid-gallery-image\" title=\"\" style=\"background-image: url(http:\/\/www.segunda-feira.de\/wp-content\/uploads\/2016\/11\/Kautschuk-I-140x140.jpg); width: 140px; height: 140px;\"><\/span><\/a>\n\t\t\t<a href=\"http:\/\/www.segunda-feira.de\/wp-content\/uploads\/2016\/11\/Kautschuk-II-683x1024.jpg\" title=\"kautschuk-ii\" rel=\"polaroid_1162359284\" class=\"polaroid-gallery-item showcaption\"><span class=\"polaroid-gallery-image\" title=\"\" style=\"background-image: url(http:\/\/www.segunda-feira.de\/wp-content\/uploads\/2016\/11\/Kautschuk-II-140x140.jpg); width: 140px; height: 140px;\"><\/span><\/a>\n\t\t\t<a href=\"http:\/\/www.segunda-feira.de\/wp-content\/uploads\/2016\/11\/Kautschuk-III-683x1024.jpg\" title=\"kautschuk-iii\" rel=\"polaroid_1162359284\" class=\"polaroid-gallery-item showcaption\"><span class=\"polaroid-gallery-image\" title=\"\" style=\"background-image: url(http:\/\/www.segunda-feira.de\/wp-content\/uploads\/2016\/11\/Kautschuk-III-140x140.jpg); width: 140px; height: 140px;\"><\/span><\/a>\n\t\t\t<br style=\"clear: both;\" \/><\/div>\n\n<p>Die Rinde des Kautschukbaums wird in der Fr\u00fch an einer Stelle leicht verletzt und das Kautschuk \u00fcber den Tag mit einem Eimer aufgefangen. Am Ende des Tages kann man es dann ernten.<\/p>\n<p><img loading=\"lazy\" decoding=\"async\" class=\"size-medium wp-image-2070 alignleft\" src=\"http:\/\/www.segunda-feira.de\/wp-content\/uploads\/2016\/11\/Grab-im-Dschungel-200x300.jpg\" alt=\"grab-im-dschungel\" width=\"200\" height=\"300\" srcset=\"http:\/\/www.segunda-feira.de\/wp-content\/uploads\/2016\/11\/Grab-im-Dschungel-200x300.jpg 200w, http:\/\/www.segunda-feira.de\/wp-content\/uploads\/2016\/11\/Grab-im-Dschungel.jpg 683w\" sizes=\"auto, (max-width: 200px) 100vw, 200px\" \/><\/p>\n<p>Mitten im Wald, ca. 130 km bzw. eine Tagesreise von dem n\u00e4chsten Ort, Novo Air\u00e3o, entfernt stie\u00dfen wir auf dieses Grab. Beerdigt liegt hier ein Waldarbeiter, der es auf Grund einer Verletzung oder einer Krankheit nicht geschafft hat, einen Arzt zu erreichen.<\/p>\n<p>Die Wanderung dauerte den Vormittag. Mittags ging es zur\u00fcck zum Haus von Ari und Nazar\u00e9, wo wir \u00fcbernachtet hatten. Nach dem Mittagessen (Fisch, Reis und Bohnen) ging es erneut los mit Vermelhinhos Schnellboot, diesmal, um auf den den Nebenarmen des Rio Ja\u00fa nach Tieren Ausschau zu halten.<\/p>\n<div class='polaroid-gallery galleryid-2066' style='width:auto;'>\n\t\t\t<a href=\"http:\/\/www.segunda-feira.de\/wp-content\/uploads\/2016\/11\/Auf-der-Pirsch-1024x683.jpg\" title=\"auf-der-pirsch\" rel=\"polaroid_2013073945\" class=\"polaroid-gallery-item showcaption\"><span class=\"polaroid-gallery-image\" title=\"\" style=\"background-image: url(http:\/\/www.segunda-feira.de\/wp-content\/uploads\/2016\/11\/Auf-der-Pirsch-140x140.jpg); width: 140px; height: 140px;\"><\/span><\/a>\n\t\t\t<a href=\"http:\/\/www.segunda-feira.de\/wp-content\/uploads\/2016\/11\/Verrottung-1024x683.jpg\" title=\"verrottung\" rel=\"polaroid_2013073945\" class=\"polaroid-gallery-item showcaption\"><span class=\"polaroid-gallery-image\" title=\"\" style=\"background-image: url(http:\/\/www.segunda-feira.de\/wp-content\/uploads\/2016\/11\/Verrottung-140x140.jpg); width: 140px; height: 140px;\"><\/span><\/a>\n\t\t\t<a href=\"http:\/\/www.segunda-feira.de\/wp-content\/uploads\/2016\/11\/Wie-lange-noch-1024x683.jpg\" title=\"wie-lange-noch\" rel=\"polaroid_2013073945\" class=\"polaroid-gallery-item showcaption\"><span class=\"polaroid-gallery-image\" title=\"\" style=\"background-image: url(http:\/\/www.segunda-feira.de\/wp-content\/uploads\/2016\/11\/Wie-lange-noch-140x140.jpg); width: 140px; height: 140px;\"><\/span><\/a>\n\t\t\t<a href=\"http:\/\/www.segunda-feira.de\/wp-content\/uploads\/2016\/11\/Wer-am-Rand-steht-verliert-1024x683.jpg\" title=\"wer-am-rand-steht-verliert\" rel=\"polaroid_2013073945\" class=\"polaroid-gallery-item showcaption\"><span class=\"polaroid-gallery-image\" title=\"\" style=\"background-image: url(http:\/\/www.segunda-feira.de\/wp-content\/uploads\/2016\/11\/Wer-am-Rand-steht-verliert-140x140.jpg); width: 140px; height: 140px;\"><\/span><\/a>\n\t\t\t<a href=\"http:\/\/www.segunda-feira.de\/wp-content\/uploads\/2016\/11\/Baumkompositionen-1024x683.jpg\" title=\"baumkompositionen\" rel=\"polaroid_2013073945\" class=\"polaroid-gallery-item showcaption\"><span class=\"polaroid-gallery-image\" title=\"\" style=\"background-image: url(http:\/\/www.segunda-feira.de\/wp-content\/uploads\/2016\/11\/Baumkompositionen-140x140.jpg); width: 140px; height: 140px;\"><\/span><\/a>\n\t\t\t<a href=\"http:\/\/www.segunda-feira.de\/wp-content\/uploads\/2016\/11\/Untersp\u00fclt-1024x683.jpg\" title=\"unterspuelt\" rel=\"polaroid_2013073945\" class=\"polaroid-gallery-item showcaption\"><span class=\"polaroid-gallery-image\" title=\"\" style=\"background-image: url(http:\/\/www.segunda-feira.de\/wp-content\/uploads\/2016\/11\/Untersp\u00fclt-140x140.jpg); width: 140px; height: 140px;\"><\/span><\/a>\n\t\t\t<a href=\"http:\/\/www.segunda-feira.de\/wp-content\/uploads\/2016\/11\/Bei-Hochwasser-alles-verschwunden-1024x683.jpg\" title=\"bei-hochwasser-alles-verschwunden\" rel=\"polaroid_2013073945\" class=\"polaroid-gallery-item showcaption\"><span class=\"polaroid-gallery-image\" title=\"\" style=\"background-image: url(http:\/\/www.segunda-feira.de\/wp-content\/uploads\/2016\/11\/Bei-Hochwasser-alles-verschwunden-140x140.jpg); width: 140px; height: 140px;\"><\/span><\/a>\n\t\t\t<a href=\"http:\/\/www.segunda-feira.de\/wp-content\/uploads\/2016\/11\/Tot-und-lebendig-1024x683.jpg\" title=\"tot-und-lebendig\" rel=\"polaroid_2013073945\" class=\"polaroid-gallery-item showcaption\"><span class=\"polaroid-gallery-image\" title=\"\" style=\"background-image: url(http:\/\/www.segunda-feira.de\/wp-content\/uploads\/2016\/11\/Tot-und-lebendig-140x140.jpg); width: 140px; height: 140px;\"><\/span><\/a>\n\t\t\t<a href=\"http:\/\/www.segunda-feira.de\/wp-content\/uploads\/2016\/11\/Tot-oder-lebendig-683x1024.jpg\" title=\"tot-oder-lebendig\" rel=\"polaroid_2013073945\" class=\"polaroid-gallery-item showcaption\"><span class=\"polaroid-gallery-image\" title=\"\" style=\"background-image: url(http:\/\/www.segunda-feira.de\/wp-content\/uploads\/2016\/11\/Tot-oder-lebendig-140x140.jpg); width: 140px; height: 140px;\"><\/span><\/a>\n\t\t\t<br style=\"clear: both;\" \/><\/div>\n\n<p>Wo sind die Tiere, fragt man sich nat\u00fcrlich. Wie bereits erw\u00e4hnt, machen sie sich am Amazonas und Rio Negro sehr rar. In der Dunkelheit haben wir dann doch einige Kaimane aufst\u00f6bern k\u00f6nnen. Zum Fotografieren war es dann jedoch schon zu dunkel. Doch die bizarre, von dem gro\u00dfen Unterschied der Wasserst\u00e4nde geformte Landschaft und Vegetation hatte auch seinen eigenen, morbiden Reiz.<\/p>\n<p>Im Dunkeln ging es dann zur\u00fcck zum Abendessen (Fisch, Reis und Bohnen).<\/p>\n<p>Bis morgen.<\/p>\n","protected":false},"excerpt":{"rendered":"<p>Ein typischer Alltag w\u00e4hrend der Dschungelpr\u00fcfung: Aufstehen, Fr\u00fchst\u00fcck (Fr\u00fcchte, Brot und Fisch), Fertigmachen zur Abfahrt. Mit dem Kleinboot inklusive Moped-Au\u00dfenborder \u00fcber Stromschnellen einen kleinen Nebenfluss hinauf. Waldwanderung mit Adlersichtung. Unser F\u00fchrer an diesem Tag war Nazar\u00e9, einer der Caboclo-Br\u00fcder. Er &hellip; <a href=\"http:\/\/www.segunda-feira.de\/?p=2066\">Weiterlesen <span class=\"meta-nav\">&rarr;<\/span><\/a><\/p>\n","protected":false},"author":1,"featured_media":0,"comment_status":"open","ping_status":"open","sticky":false,"template":"","format":"standard","meta":{"jetpack_post_was_ever_published":false,"_jetpack_newsletter_access":"","_jetpack_dont_email_post_to_subs":false,"_jetpack_newsletter_tier_id":0,"_jetpack_memberships_contains_paywalled_content":false,"_jetpack_memberships_contains_paid_content":false,"footnotes":"","jetpack_publicize_message":"","jetpack_publicize_feature_enabled":true,"jetpack_social_post_already_shared":true,"jetpack_social_options":{"image_generator_settings":{"template":"highway","default_image_id":0,"font":"","enabled":false},"version":2}},"categories":[1,9],"tags":[],"class_list":["post-2066","post","type-post","status-publish","format-standard","hentry","category-allgemein","category-reise-entdeckungen"],"jetpack_publicize_connections":[],"jetpack_featured_media_url":"","jetpack_sharing_enabled":true,"jetpack_shortlink":"https:\/\/wp.me\/p64WYd-xk","jetpack_likes_enabled":true,"_links":{"self":[{"href":"http:\/\/www.segunda-feira.de\/index.php?rest_route=\/wp\/v2\/posts\/2066","targetHints":{"allow":["GET"]}}],"collection":[{"href":"http:\/\/www.segunda-feira.de\/index.php?rest_route=\/wp\/v2\/posts"}],"about":[{"href":"http:\/\/www.segunda-feira.de\/index.php?rest_route=\/wp\/v2\/types\/post"}],"author":[{"embeddable":true,"href":"http:\/\/www.segunda-feira.de\/index.php?rest_route=\/wp\/v2\/users\/1"}],"replies":[{"embeddable":true,"href":"http:\/\/www.segunda-feira.de\/index.php?rest_route=%2Fwp%2Fv2%2Fcomments&post=2066"}],"version-history":[{"count":4,"href":"http:\/\/www.segunda-feira.de\/index.php?rest_route=\/wp\/v2\/posts\/2066\/revisions"}],"predecessor-version":[{"id":2422,"href":"http:\/\/www.segunda-feira.de\/index.php?rest_route=\/wp\/v2\/posts\/2066\/revisions\/2422"}],"wp:attachment":[{"href":"http:\/\/www.segunda-feira.de\/index.php?rest_route=%2Fwp%2Fv2%2Fmedia&parent=2066"}],"wp:term":[{"taxonomy":"category","embeddable":true,"href":"http:\/\/www.segunda-feira.de\/index.php?rest_route=%2Fwp%2Fv2%2Fcategories&post=2066"},{"taxonomy":"post_tag","embeddable":true,"href":"http:\/\/www.segunda-feira.de\/index.php?rest_route=%2Fwp%2Fv2%2Ftags&post=2066"}],"curies":[{"name":"wp","href":"https:\/\/api.w.org\/{rel}","templated":true}]}}