{"id":2116,"date":"2016-11-19T16:20:30","date_gmt":"2016-11-19T15:20:30","guid":{"rendered":"http:\/\/www.segunda-feira.de\/?p=2116"},"modified":"2019-06-23T13:29:09","modified_gmt":"2019-06-23T11:29:09","slug":"abschlusspruefung-und-siegerehrung","status":"publish","type":"post","link":"http:\/\/www.segunda-feira.de\/?p=2116","title":{"rendered":"Abschlusspr\u00fcfung"},"content":{"rendered":"<p>Am letzten Tag wurden wir von Vermelhinho zur\u00fcck nach Novo Air\u00e3o gebracht, von wo aus wir mit dem Taxi in zwei Stunden nach Manaus fuhren. Abends a\u00dfen wir schlechte Pizza auf dem zentralen Platz vor dem ber\u00fchmten Teatro Amazonas, das wir am n\u00e4chsten Tag ausgiebig fotografierten, bevor wir ins Flugzeug nach Bras\u00edlia stiegen.<\/p>\n<div class='polaroid-gallery galleryid-2116' style='width:auto;'>\n\t\t\t<a href=\"http:\/\/www.segunda-feira.de\/wp-content\/uploads\/2016\/11\/Teatro-Amazons-von-der-Seite.jpg\" title=\"teatro-amazons-von-der-seite\" rel=\"polaroid_1969861712\" class=\"polaroid-gallery-item showcaption\"><span class=\"polaroid-gallery-image\" title=\"\" style=\"background-image: url(http:\/\/www.segunda-feira.de\/wp-content\/uploads\/2016\/11\/Teatro-Amazons-von-der-Seite-140x140.jpg); width: 140px; height: 140px;\"><\/span><\/a>\n\t\t\t<a href=\"http:\/\/www.segunda-feira.de\/wp-content\/uploads\/2016\/11\/Teatro-Amazonas-frontal.jpg\" title=\"teatro-amazonas-frontal\" rel=\"polaroid_1969861712\" class=\"polaroid-gallery-item showcaption\"><span class=\"polaroid-gallery-image\" title=\"\" style=\"background-image: url(http:\/\/www.segunda-feira.de\/wp-content\/uploads\/2016\/11\/Teatro-Amazonas-frontal-140x140.jpg); width: 140px; height: 140px;\"><\/span><\/a>\n\t\t\t<a href=\"http:\/\/www.segunda-feira.de\/wp-content\/uploads\/2016\/11\/Teatro-Amazonas-k\u00fcnstlerisch.jpg\" title=\"teatro-amazonas-kuenstlerisch\" rel=\"polaroid_1969861712\" class=\"polaroid-gallery-item showcaption\"><span class=\"polaroid-gallery-image\" title=\"\" style=\"background-image: url(http:\/\/www.segunda-feira.de\/wp-content\/uploads\/2016\/11\/Teatro-Amazonas-k\u00fcnstlerisch-140x140.jpg); width: 140px; height: 140px;\"><\/span><\/a>\n\t\t\t<br style=\"clear: both;\" \/><\/div>\n\n","protected":false},"excerpt":{"rendered":"<p>Am letzten Tag wurden wir von Vermelhinho zur\u00fcck nach Novo Air\u00e3o gebracht, von wo aus wir mit dem Taxi in zwei Stunden nach Manaus fuhren. Abends a\u00dfen wir schlechte Pizza auf dem zentralen Platz vor dem ber\u00fchmten Teatro Amazonas, das &hellip; <a href=\"http:\/\/www.segunda-feira.de\/?p=2116\">Weiterlesen <span class=\"meta-nav\">&rarr;<\/span><\/a><\/p>\n","protected":false},"author":1,"featured_media":0,"comment_status":"open","ping_status":"open","sticky":false,"template":"","format":"standard","meta":{"jetpack_post_was_ever_published":false,"_jetpack_newsletter_access":"","_jetpack_dont_email_post_to_subs":false,"_jetpack_newsletter_tier_id":0,"_jetpack_memberships_contains_paywalled_content":false,"_jetpack_memberships_contains_paid_content":false,"footnotes":"","jetpack_publicize_message":"","jetpack_publicize_feature_enabled":true,"jetpack_social_post_already_shared":true,"jetpack_social_options":{"image_generator_settings":{"template":"highway","default_image_id":0,"font":"","enabled":false},"version":2}},"categories":[1,9],"tags":[],"class_list":["post-2116","post","type-post","status-publish","format-standard","hentry","category-allgemein","category-reise-entdeckungen"],"jetpack_publicize_connections":[],"jetpack_featured_media_url":"","jetpack_sharing_enabled":true,"jetpack_shortlink":"https:\/\/wp.me\/p64WYd-y8","jetpack_likes_enabled":true,"_links":{"self":[{"href":"http:\/\/www.segunda-feira.de\/index.php?rest_route=\/wp\/v2\/posts\/2116","targetHints":{"allow":["GET"]}}],"collection":[{"href":"http:\/\/www.segunda-feira.de\/index.php?rest_route=\/wp\/v2\/posts"}],"about":[{"href":"http:\/\/www.segunda-feira.de\/index.php?rest_route=\/wp\/v2\/types\/post"}],"author":[{"embeddable":true,"href":"http:\/\/www.segunda-feira.de\/index.php?rest_route=\/wp\/v2\/users\/1"}],"replies":[{"embeddable":true,"href":"http:\/\/www.segunda-feira.de\/index.php?rest_route=%2Fwp%2Fv2%2Fcomments&post=2116"}],"version-history":[{"count":4,"href":"http:\/\/www.segunda-feira.de\/index.php?rest_route=\/wp\/v2\/posts\/2116\/revisions"}],"predecessor-version":[{"id":2421,"href":"http:\/\/www.segunda-feira.de\/index.php?rest_route=\/wp\/v2\/posts\/2116\/revisions\/2421"}],"wp:attachment":[{"href":"http:\/\/www.segunda-feira.de\/index.php?rest_route=%2Fwp%2Fv2%2Fmedia&parent=2116"}],"wp:term":[{"taxonomy":"category","embeddable":true,"href":"http:\/\/www.segunda-feira.de\/index.php?rest_route=%2Fwp%2Fv2%2Fcategories&post=2116"},{"taxonomy":"post_tag","embeddable":true,"href":"http:\/\/www.segunda-feira.de\/index.php?rest_route=%2Fwp%2Fv2%2Ftags&post=2116"}],"curies":[{"name":"wp","href":"https:\/\/api.w.org\/{rel}","templated":true}]}}