{"id":2141,"date":"2017-03-10T02:39:13","date_gmt":"2017-03-10T01:39:13","guid":{"rendered":"http:\/\/www.segunda-feira.de\/?p=2141"},"modified":"2017-03-10T12:10:15","modified_gmt":"2017-03-10T11:10:15","slug":"rundreise-durch-die-chapada-dos-veiadeiros-und-terra-ronca","status":"publish","type":"post","link":"http:\/\/www.segunda-feira.de\/?p=2141","title":{"rendered":"Rundreise durch die Chapada dos Veiadeiros und Terra Ronca"},"content":{"rendered":"<p>Nach den Reisen in den Nordosten Brasiliens, nach Bolivien und ins Pantanal in 2015 und 2016, die eher Rallyes durch S\u00fcdamerika glichen, haben Sylvia und ich die Vorz\u00fcge von Reisen mit kurzen Entfernungen in vergleichsweise vielen Tagen entdeckt. Brasilien und S\u00fcdamerika sind einfach so unglaublich gro\u00df, dass man leicht die Gr\u00f6\u00dfenverh\u00e4ltnisse untersch\u00e4tzt.<\/p>\n<p>Unter anderem besuchten wir den wohl sch\u00f6nsten Wasserfall der Chapada dos Veiadeiros, welche sich ca. 300 km n\u00f6rdlich von Bras\u00edlia befindet. Der <a href=\"https:\/\/www.google.de\/maps\/place\/Cachoeira+Santa+B%C3%A1rbara\/@-13.5419667,-47.4920437,1117m\/data=!3m1!1e3!4m5!3m4!1s0x9345fe541a33f309:0x5f13f3e67ed73703!8m2!3d-13.5399707!4d-47.4927079\" target=\"_blank\">Chachoeira Santa Barbara<\/a> liegt in einem Schutzgebiet, das man nur mit F\u00fchrer betreten darf. Die Fotos, die wir gemacht haben, spiegeln in keiner Weise die Sch\u00f6nheit der Gegend wieder.<\/p>\n<div class='polaroid-gallery galleryid-2141' style='width:auto;'>\n\t\t\t<a href=\"http:\/\/www.segunda-feira.de\/wp-content\/uploads\/2017\/03\/Unrasiert-alt-und-skeptisch-1024x683.jpg\" title=\"Unrasiert alt und skeptisch\" rel=\"polaroid_1765118085\" class=\"polaroid-gallery-item showcaption\"><span class=\"polaroid-gallery-image\" title=\"\" style=\"background-image: url(http:\/\/www.segunda-feira.de\/wp-content\/uploads\/2017\/03\/Unrasiert-alt-und-skeptisch-140x140.jpg); width: 140px; height: 140px;\"><\/span><\/a>\n\t\t\t<a href=\"http:\/\/www.segunda-feira.de\/wp-content\/uploads\/2017\/03\/Ride-the-fish.jpg\" title=\"Ride the fish\" rel=\"polaroid_1765118085\" class=\"polaroid-gallery-item showcaption\"><span class=\"polaroid-gallery-image\" title=\"\" style=\"background-image: url(http:\/\/www.segunda-feira.de\/wp-content\/uploads\/2017\/03\/Ride-the-fish-140x140.jpg); width: 140px; height: 140px;\"><\/span><\/a>\n\t\t\t<br style=\"clear: both;\" \/><\/div>\n\n<p>Danach fuhren wir in das Schutzgebiet <a href=\"https:\/\/www.google.de\/maps\/place\/Terra+Ronca\/@-13.6647369,-46.4091704,25227m\/data=!3m1!1e3!4m5!3m4!1s0x934e973bf0d2df13:0x664c8a5446517bad!8m2!3d-13.6216308!4d-46.3871889\" target=\"_blank\">Terra Ronca<\/a>, welches sich in der N\u00e4he der Grenze zwischen Goi\u00e1s und Bahia befindet und mit riesigen Felsh\u00f6hlen aufwartet. Unterwegs und im Schutzgebiet ging es \u00fcber viele Erdstra\u00dfen, welche den Einsatz unseres Offroad-Fahrzeugs zumindest ein wenig rechtfertigten.<\/p>\n<div class='polaroid-gallery galleryid-2141' style='width:auto;'>\n\t\t\t<a href=\"http:\/\/www.segunda-feira.de\/wp-content\/uploads\/2017\/03\/Posen-vor-dem-Loch-1024x683.jpg\" title=\"Posen vor dem Loch\" rel=\"polaroid_1817302706\" class=\"polaroid-gallery-item showcaption\"><span class=\"polaroid-gallery-image\" title=\"\" style=\"background-image: url(http:\/\/www.segunda-feira.de\/wp-content\/uploads\/2017\/03\/Posen-vor-dem-Loch-140x140.jpg); width: 140px; height: 140px;\"><\/span><\/a>\n\t\t\t<a href=\"http:\/\/www.segunda-feira.de\/wp-content\/uploads\/2017\/03\/Gr\u00f6\u00dfenvergleich-1024x683.jpg\" title=\"Gr\u00f6\u00dfenvergleich\" rel=\"polaroid_1817302706\" class=\"polaroid-gallery-item showcaption\"><span class=\"polaroid-gallery-image\" title=\"\" style=\"background-image: url(http:\/\/www.segunda-feira.de\/wp-content\/uploads\/2017\/03\/Gr\u00f6\u00dfenvergleich-140x140.jpg); width: 140px; height: 140px;\"><\/span><\/a>\n\t\t\t<a href=\"http:\/\/www.segunda-feira.de\/wp-content\/uploads\/2017\/03\/Suchbild-1024x683.jpg\" title=\"Suchbild\" rel=\"polaroid_1817302706\" class=\"polaroid-gallery-item showcaption\"><span class=\"polaroid-gallery-image\" title=\"\" style=\"background-image: url(http:\/\/www.segunda-feira.de\/wp-content\/uploads\/2017\/03\/Suchbild-140x140.jpg); width: 140px; height: 140px;\"><\/span><\/a>\n\t\t\t<a href=\"http:\/\/www.segunda-feira.de\/wp-content\/uploads\/2017\/03\/Tief-im-Loch-1024x683.jpg\" title=\"Tief im Loch\" rel=\"polaroid_1817302706\" class=\"polaroid-gallery-item showcaption\"><span class=\"polaroid-gallery-image\" title=\"\" style=\"background-image: url(http:\/\/www.segunda-feira.de\/wp-content\/uploads\/2017\/03\/Tief-im-Loch-140x140.jpg); width: 140px; height: 140px;\"><\/span><\/a>\n\t\t\t<a href=\"http:\/\/www.segunda-feira.de\/wp-content\/uploads\/2017\/03\/Im-Loch-1024x683.jpg\" title=\"Im Loch\" rel=\"polaroid_1817302706\" class=\"polaroid-gallery-item showcaption\"><span class=\"polaroid-gallery-image\" title=\"\" style=\"background-image: url(http:\/\/www.segunda-feira.de\/wp-content\/uploads\/2017\/03\/Im-Loch-140x140.jpg); width: 140px; height: 140px;\"><\/span><\/a>\n\t\t\t<a href=\"http:\/\/www.segunda-feira.de\/wp-content\/uploads\/2017\/03\/Blick-aus-dem-Loch-1024x683.jpg\" title=\"Blick aus dem Loch\" rel=\"polaroid_1817302706\" class=\"polaroid-gallery-item showcaption\"><span class=\"polaroid-gallery-image\" title=\"\" style=\"background-image: url(http:\/\/www.segunda-feira.de\/wp-content\/uploads\/2017\/03\/Blick-aus-dem-Loch-140x140.jpg); width: 140px; height: 140px;\"><\/span><\/a>\n\t\t\t<a href=\"http:\/\/www.segunda-feira.de\/wp-content\/uploads\/2017\/03\/Morgenstimmung.jpg\" title=\"Morgenstimmung\" rel=\"polaroid_1817302706\" class=\"polaroid-gallery-item showcaption\"><span class=\"polaroid-gallery-image\" title=\"\" style=\"background-image: url(http:\/\/www.segunda-feira.de\/wp-content\/uploads\/2017\/03\/Morgenstimmung-140x140.jpg); width: 140px; height: 140px;\"><\/span><\/a>\n\t\t\t<a href=\"http:\/\/www.segunda-feira.de\/wp-content\/uploads\/2017\/03\/Karre-verdreckt-und-gl\u00fccklich.jpg\" title=\"Karre verdreckt und gl\u00fccklich\" rel=\"polaroid_1817302706\" class=\"polaroid-gallery-item showcaption\"><span class=\"polaroid-gallery-image\" title=\"\" style=\"background-image: url(http:\/\/www.segunda-feira.de\/wp-content\/uploads\/2017\/03\/Karre-verdreckt-und-gl\u00fccklich-140x140.jpg); width: 140px; height: 140px;\"><\/span><\/a>\n\t\t\t<br style=\"clear: both;\" \/><\/div>\n\n<p>Am Ende kamen wir zu dem Schluss, dass es zuhause in Bras\u00edlia noch immer am sch\u00f6nsten ist. Die Hitze, die vielen Insekten und die dr\u00fcckende Feuchtigkeit machen den Cerrado nicht unbedingt zum prim\u00e4ren Ziel von Campern wie wir.<\/p>\n","protected":false},"excerpt":{"rendered":"<p>Nach den Reisen in den Nordosten Brasiliens, nach Bolivien und ins Pantanal in 2015 und 2016, die eher Rallyes durch S\u00fcdamerika glichen, haben Sylvia und ich die Vorz\u00fcge von Reisen mit kurzen Entfernungen in vergleichsweise vielen Tagen entdeckt. Brasilien und &hellip; <a href=\"http:\/\/www.segunda-feira.de\/?p=2141\">Weiterlesen <span class=\"meta-nav\">&rarr;<\/span><\/a><\/p>\n","protected":false},"author":1,"featured_media":0,"comment_status":"open","ping_status":"open","sticky":false,"template":"","format":"standard","meta":{"jetpack_post_was_ever_published":false,"_jetpack_newsletter_access":"","_jetpack_dont_email_post_to_subs":true,"_jetpack_newsletter_tier_id":0,"_jetpack_memberships_contains_paywalled_content":false,"_jetpack_memberships_contains_paid_content":false,"footnotes":"","jetpack_publicize_message":"","jetpack_publicize_feature_enabled":true,"jetpack_social_post_already_shared":true,"jetpack_social_options":{"image_generator_settings":{"template":"highway","default_image_id":0,"font":"","enabled":false},"version":2}},"categories":[1,9],"tags":[],"class_list":["post-2141","post","type-post","status-publish","format-standard","hentry","category-allgemein","category-reise-entdeckungen"],"jetpack_publicize_connections":[],"jetpack_featured_media_url":"","jetpack_sharing_enabled":true,"jetpack_shortlink":"https:\/\/wp.me\/p64WYd-yx","jetpack_likes_enabled":true,"_links":{"self":[{"href":"http:\/\/www.segunda-feira.de\/index.php?rest_route=\/wp\/v2\/posts\/2141","targetHints":{"allow":["GET"]}}],"collection":[{"href":"http:\/\/www.segunda-feira.de\/index.php?rest_route=\/wp\/v2\/posts"}],"about":[{"href":"http:\/\/www.segunda-feira.de\/index.php?rest_route=\/wp\/v2\/types\/post"}],"author":[{"embeddable":true,"href":"http:\/\/www.segunda-feira.de\/index.php?rest_route=\/wp\/v2\/users\/1"}],"replies":[{"embeddable":true,"href":"http:\/\/www.segunda-feira.de\/index.php?rest_route=%2Fwp%2Fv2%2Fcomments&post=2141"}],"version-history":[{"count":3,"href":"http:\/\/www.segunda-feira.de\/index.php?rest_route=\/wp\/v2\/posts\/2141\/revisions"}],"predecessor-version":[{"id":2154,"href":"http:\/\/www.segunda-feira.de\/index.php?rest_route=\/wp\/v2\/posts\/2141\/revisions\/2154"}],"wp:attachment":[{"href":"http:\/\/www.segunda-feira.de\/index.php?rest_route=%2Fwp%2Fv2%2Fmedia&parent=2141"}],"wp:term":[{"taxonomy":"category","embeddable":true,"href":"http:\/\/www.segunda-feira.de\/index.php?rest_route=%2Fwp%2Fv2%2Fcategories&post=2141"},{"taxonomy":"post_tag","embeddable":true,"href":"http:\/\/www.segunda-feira.de\/index.php?rest_route=%2Fwp%2Fv2%2Ftags&post=2141"}],"curies":[{"name":"wp","href":"https:\/\/api.w.org\/{rel}","templated":true}]}}