{"id":2197,"date":"2017-09-03T19:30:46","date_gmt":"2017-09-03T17:30:46","guid":{"rendered":"http:\/\/www.segunda-feira.de\/?p=2197"},"modified":"2017-09-19T20:32:40","modified_gmt":"2017-09-19T18:32:40","slug":"die-kraho-indianer-eine-gemeinschaft-an-der-schnittstelle-zweier-extrem-unterschiedlicher-kulturen","status":"publish","type":"post","link":"http:\/\/www.segunda-feira.de\/?p=2197","title":{"rendered":"Die Krah\u00f4-Indianer: Eine Gemeinschaft an der Schnittstelle zweier extrem unterschiedlicher Kulturen"},"content":{"rendered":"<p>Um Aliens zu begegnen, muss man nicht von Reisen zu fernen Sternensystemen tr\u00e4umen. Ein Besuch in einem brasilianischen Indigenen-Reservat reicht aus, die unterschiedliche Betrachtungsweise der Umwelt und der Zeit aus der Perspektive einer vollkommen anderen Kultur zu erfahren. Das Dorf, zu dessen einw\u00f6chigem Fest wir von zwei Indigenen in dem Biokonstruktionskurs in Bras\u00edlia eingeladen wurden, liegt in einem mit kleineren Fl\u00fcssen und Bachl\u00e4ufen durchzogenen Indianerreservat zusammen mit 21 weiteren D\u00f6rfern im Norden des brasilianischen Bundesstaates Tocantins. Ausgehend von der brasilianischen Kleinstadt Itacaj\u00e1 verbindet eine bucklige Erdstra\u00dfe die jeweils als Kreis angelegten indigenen Siedlungen mit je einem zentralen Platz f\u00fcr rituelle Handlungen in der Mitte. <a href=\"https:\/\/www.google.de\/maps\/place\/8%C2%B025'02.5%22S+47%C2%B044'05.2%22W\/@-8.4173647,-47.7361375,417m\/data=!3m2!1e3!4b1!4m14!1m7!3m6!1s0x0:0x0!2zMTXCsDUyJzIyLjEiUyA0N8KwNDUnMTEuNyJX!3b1!8m2!3d-15.8728056!4d-47.75325!3m5!1s0x0:0x0!7e2!8m2!3d-8.4173683!4d-47.7347878\" target=\"_blank\" rel=\"noopener\">Der typische Aufbau eines Krah\u00f4-Dorfes sieht so aus<\/a>. Am Morgen nach unserer Ankunft werden wir von einem Vors\u00e4nger des Festes mit einem Lied begr\u00fc\u00dft.<\/p>\n<p><iframe loading=\"lazy\" src=\"http:\/\/www.dailymotion.com\/embed\/video\/x5zax65\" width=\"560\" height=\"315\" frameborder=\"0\" allowfullscreen=\"allowfullscreen\"><\/iframe><\/p>\n<p>Die Kultur der Krah\u00f4-Indianer, ehemalige Nomaden, die nun aufgrund der Begrenztheit des Reservats zur Sesshaftigkeit gezwungen sind, ist so verschieden von der europ\u00e4isch und afrikanisch gepr\u00e4gten Kultur der Brasilianer, dass sie sich trotz des \u00fcber hundertj\u00e4hrigen Kontaktes und des Lebens in einem Reservat seit fast 60 Jahren noch immer gr\u00f6\u00dftenteils erhalten hat. Die auff\u00e4lligsten und sofort sp\u00fcrbaren Unterschiede bestehen in der Wahrnehmung der Natur und der Zeit. Die Krah\u00f4 sind noch immer vornehmlich J\u00e4ger und Sammler und betrachten ihre nat\u00fcrliche Umwelt als allgegenw\u00e4rtigen Versorger. Wasser und Nahrung sind jederzeit verf\u00fcgbar. Hunger ist die Motivation, um sich auf die Suche nach etwas Essbarem zu machen. Aufgrund dieser Sichtweise bewahren sich die Indigenen im Erwachsenenalter etwas, das wir \u201ekindlich\u201c nennen w\u00fcrden: das fast ausschlie\u00dfliche Leben im sorgenfreien Hier und Jetzt. Gedanken an die Zukunft und das Schmieden von Pl\u00e4nen zu Ver\u00e4nderung der gegenw\u00e4rtigen Situation spielen im Bewusstsein der Indigenen nur eine untergeordnete Rolle. Hat man diesen zentralen und konstituierenden Unterschied einmal verstanden, kann man auch die f\u00fcr uns widerspr\u00fcchlichen Verhaltensweisen der Indigenen im Umgang mit Errungenschaften der brasilianischen Kultur nachvollziehen. So verwundert es nicht, wenn das Dorf tagelang nicht \u00fcber flie\u00dfendes Wasser verf\u00fcgt, weil der Sprit f\u00fcr die vom brasilianischen Staat installierte, dieselbetriebene Wasserpumpe am Fluss ausgegangen ist. Ausl\u00f6ser f\u00fcr das Sammeln von Geld und den Kauf von neuem Treibstoff ist nicht die Sorge um den Ausfall der Wasserversorgung in der Zukunft, sondern der Ausfall selbst.<\/p>\n<p>Neben dem Transport von Wasser mittels der Pumpe und eines Rohrleitungssystems vom ca. einen Kilometer entfernt liegenden Fluss sind noch weitere brasilianische Einfl\u00fcsse auf den ersten Blick sichtbar. Die M\u00e4nner tragen ausschlie\u00dflich Shorts, wobei der Oberk\u00f6rper tags\u00fcber frei bleibt und nur nachts gelegentlich mit einem T-Shirt bedeckt wird. Die Frauen nutzen bunte Stoffe als Kleider, die bei M\u00e4dchen und \u00e4lteren Frauen jedoch nur den Unterleib bedecken. Das schamhafte Verdecken sekund\u00e4rer Geschlechtsmerkmale durch Oberteile und B\u00fcstenhalter wird nur von Frauen mittleren Alters betrieben. Man tr\u00e4gt Havajanas \u2013 Flipflops \u2013 als Schuhwerk. Einige der Familien verf\u00fcgen \u00fcber Mopeds.<\/p>\n<div class='polaroid-gallery galleryid-2197' style='width:auto;'>\n\t\t\t<a href=\"http:\/\/www.segunda-feira.de\/wp-content\/uploads\/2017\/09\/Wasserversorgung.jpg\" title=\"Wasserversorgung\" rel=\"polaroid_2071969846\" class=\"polaroid-gallery-item showcaption\"><span class=\"polaroid-gallery-image\" title=\"\" style=\"background-image: url(http:\/\/www.segunda-feira.de\/wp-content\/uploads\/2017\/09\/Wasserversorgung-140x140.jpg); width: 140px; height: 140px;\"><\/span><\/a>\n\t\t\t<a href=\"http:\/\/www.segunda-feira.de\/wp-content\/uploads\/2017\/09\/Sch\u00f6nmachen-am-Moped.jpg\" title=\"Sch\u00f6nmachen am Moped\" rel=\"polaroid_2071969846\" class=\"polaroid-gallery-item showcaption\"><span class=\"polaroid-gallery-image\" title=\"\" style=\"background-image: url(http:\/\/www.segunda-feira.de\/wp-content\/uploads\/2017\/09\/Sch\u00f6nmachen-am-Moped-140x140.jpg); width: 140px; height: 140px;\"><\/span><\/a>\n\t\t\t<a href=\"http:\/\/www.segunda-feira.de\/wp-content\/uploads\/2017\/09\/Dorf\u00e4ltester.jpg\" title=\"Dorf\u00e4ltester\" rel=\"polaroid_2071969846\" class=\"polaroid-gallery-item showcaption\"><span class=\"polaroid-gallery-image\" title=\"\" style=\"background-image: url(http:\/\/www.segunda-feira.de\/wp-content\/uploads\/2017\/09\/Dorf\u00e4ltester-140x140.jpg); width: 140px; height: 140px;\"><\/span><\/a>\n\t\t\t<a href=\"http:\/\/www.segunda-feira.de\/wp-content\/uploads\/2017\/09\/Indio-V.jpg\" title=\"Indio V\" rel=\"polaroid_2071969846\" class=\"polaroid-gallery-item showcaption\"><span class=\"polaroid-gallery-image\" title=\"\" style=\"background-image: url(http:\/\/www.segunda-feira.de\/wp-content\/uploads\/2017\/09\/Indio-V-140x140.jpg); width: 140px; height: 140px;\"><\/span><\/a>\n\t\t\t<a href=\"http:\/\/www.segunda-feira.de\/wp-content\/uploads\/2017\/09\/Indio-IV.jpg\" title=\"Indio IV\" rel=\"polaroid_2071969846\" class=\"polaroid-gallery-item showcaption\"><span class=\"polaroid-gallery-image\" title=\"\" style=\"background-image: url(http:\/\/www.segunda-feira.de\/wp-content\/uploads\/2017\/09\/Indio-IV-140x140.jpg); width: 140px; height: 140px;\"><\/span><\/a>\n\t\t\t<a href=\"http:\/\/www.segunda-feira.de\/wp-content\/uploads\/2017\/09\/Vater-und-Sohn.jpg\" title=\"Vater und Sohn\" rel=\"polaroid_2071969846\" class=\"polaroid-gallery-item showcaption\"><span class=\"polaroid-gallery-image\" title=\"\" style=\"background-image: url(http:\/\/www.segunda-feira.de\/wp-content\/uploads\/2017\/09\/Vater-und-Sohn-140x140.jpg); width: 140px; height: 140px;\"><\/span><\/a>\n\t\t\t<a href=\"http:\/\/www.segunda-feira.de\/wp-content\/uploads\/2017\/09\/Indio-II.jpg\" title=\"Indio II\" rel=\"polaroid_2071969846\" class=\"polaroid-gallery-item showcaption\"><span class=\"polaroid-gallery-image\" title=\"\" style=\"background-image: url(http:\/\/www.segunda-feira.de\/wp-content\/uploads\/2017\/09\/Indio-II-140x140.jpg); width: 140px; height: 140px;\"><\/span><\/a>\n\t\t\t<a href=\"http:\/\/www.segunda-feira.de\/wp-content\/uploads\/2017\/09\/Kind-III.jpg\" title=\"Kind III\" rel=\"polaroid_2071969846\" class=\"polaroid-gallery-item showcaption\"><span class=\"polaroid-gallery-image\" title=\"\" style=\"background-image: url(http:\/\/www.segunda-feira.de\/wp-content\/uploads\/2017\/09\/Kind-III-140x140.jpg); width: 140px; height: 140px;\"><\/span><\/a>\n\t\t\t<a href=\"http:\/\/www.segunda-feira.de\/wp-content\/uploads\/2017\/09\/M\u00e4dchen.jpg\" title=\"M\u00e4dchen\" rel=\"polaroid_2071969846\" class=\"polaroid-gallery-item showcaption\"><span class=\"polaroid-gallery-image\" title=\"\" style=\"background-image: url(http:\/\/www.segunda-feira.de\/wp-content\/uploads\/2017\/09\/M\u00e4dchen-140x140.jpg); width: 140px; height: 140px;\"><\/span><\/a>\n\t\t\t<a href=\"http:\/\/www.segunda-feira.de\/wp-content\/uploads\/2017\/09\/Kind-VI.jpg\" title=\"Kind VI\" rel=\"polaroid_2071969846\" class=\"polaroid-gallery-item showcaption\"><span class=\"polaroid-gallery-image\" title=\"\" style=\"background-image: url(http:\/\/www.segunda-feira.de\/wp-content\/uploads\/2017\/09\/Kind-VI-140x140.jpg); width: 140px; height: 140px;\"><\/span><\/a>\n\t\t\t<a href=\"http:\/\/www.segunda-feira.de\/wp-content\/uploads\/2017\/09\/Kind-V.jpg\" title=\"Kind V\" rel=\"polaroid_2071969846\" class=\"polaroid-gallery-item showcaption\"><span class=\"polaroid-gallery-image\" title=\"\" style=\"background-image: url(http:\/\/www.segunda-feira.de\/wp-content\/uploads\/2017\/09\/Kind-V-140x140.jpg); width: 140px; height: 140px;\"><\/span><\/a>\n\t\t\t<a href=\"http:\/\/www.segunda-feira.de\/wp-content\/uploads\/2017\/09\/Kind-IV.jpg\" title=\"Kind IV\" rel=\"polaroid_2071969846\" class=\"polaroid-gallery-item showcaption\"><span class=\"polaroid-gallery-image\" title=\"\" style=\"background-image: url(http:\/\/www.segunda-feira.de\/wp-content\/uploads\/2017\/09\/Kind-IV-140x140.jpg); width: 140px; height: 140px;\"><\/span><\/a>\n\t\t\t<a href=\"http:\/\/www.segunda-feira.de\/wp-content\/uploads\/2017\/09\/Kind-II.jpg\" title=\"Kind II\" rel=\"polaroid_2071969846\" class=\"polaroid-gallery-item showcaption\"><span class=\"polaroid-gallery-image\" title=\"\" style=\"background-image: url(http:\/\/www.segunda-feira.de\/wp-content\/uploads\/2017\/09\/Kind-II-140x140.jpg); width: 140px; height: 140px;\"><\/span><\/a>\n\t\t\t<a href=\"http:\/\/www.segunda-feira.de\/wp-content\/uploads\/2017\/09\/Kind-I.jpg\" title=\"Kind I\" rel=\"polaroid_2071969846\" class=\"polaroid-gallery-item showcaption\"><span class=\"polaroid-gallery-image\" title=\"\" style=\"background-image: url(http:\/\/www.segunda-feira.de\/wp-content\/uploads\/2017\/09\/Kind-I-140x140.jpg); width: 140px; height: 140px;\"><\/span><\/a>\n\t\t\t<a href=\"http:\/\/www.segunda-feira.de\/wp-content\/uploads\/2017\/09\/Kinder-Kinder.jpg\" title=\"Kinder Kinder\" rel=\"polaroid_2071969846\" class=\"polaroid-gallery-item showcaption\"><span class=\"polaroid-gallery-image\" title=\"\" style=\"background-image: url(http:\/\/www.segunda-feira.de\/wp-content\/uploads\/2017\/09\/Kinder-Kinder-140x140.jpg); width: 140px; height: 140px;\"><\/span><\/a>\n\t\t\t<a href=\"http:\/\/www.segunda-feira.de\/wp-content\/uploads\/2017\/09\/Kinder-in-der-Schule.jpg\" title=\"Kinder in der Schule\" rel=\"polaroid_2071969846\" class=\"polaroid-gallery-item showcaption\"><span class=\"polaroid-gallery-image\" title=\"\" style=\"background-image: url(http:\/\/www.segunda-feira.de\/wp-content\/uploads\/2017\/09\/Kinder-in-der-Schule-140x140.jpg); width: 140px; height: 140px;\"><\/span><\/a>\n\t\t\t<a href=\"http:\/\/www.segunda-feira.de\/wp-content\/uploads\/2017\/09\/Keine-Angst.jpg\" title=\"Keine Angst\" rel=\"polaroid_2071969846\" class=\"polaroid-gallery-item showcaption\"><span class=\"polaroid-gallery-image\" title=\"\" style=\"background-image: url(http:\/\/www.segunda-feira.de\/wp-content\/uploads\/2017\/09\/Keine-Angst-140x140.jpg); width: 140px; height: 140px;\"><\/span><\/a>\n\t\t\t<br style=\"clear: both;\" \/><\/div>\n\n<p>Der gr\u00f6\u00dfte und allgegenw\u00e4rtige Einfluss brasilianischer Kultur ist jedoch der Stromversorgung geschuldet. Mit ihr kommen Radio und Fernsehen. Smartphones mit Internetzugang sind bei der j\u00fcngeren Generation zum Alltagsgegenstand geworden. Das Dorf mit 22 H\u00e4usern, in denen jeweils zwei bis drei Familien und insgesamt circa 80 Kinder leben, verf\u00fcgt \u00fcber drei Fernseher, und nicht selten kann man nachts laute brasilianische Pop-Musik h\u00f6ren. Dies wirkt selbst auf au\u00dfenstehende Beobachter aufgrund der Andersartigkeit der indigenen Kultur befremdlich. Der unsch\u00f6nste Nebeneffekt des Zugangs zu modernen Produktionsg\u00fctern ist der \u00fcberall herumliegende M\u00fcll, Plastikt\u00fcten und andere, sich nicht nat\u00fcrlich abbauende Materialien. Aufgrund ihrer nomadischen Vergangenheit verf\u00fcgen die Krah\u00f4 dieses Dorfes, das im Vergleich zu Nachbarsiedlungen gro\u00dfen Wert auf den Erhalt der urspr\u00fcnglichen Kultur legt, noch nicht einmal \u00fcber Toiletten. Die Notdurft wird 30 bis 40 Meter entfernt vom Haus in den B\u00fcschen verrichtet. Die einst\u00f6ckigen H\u00e4user bestehen aus simplen Holzskeletten, welche das Dach aus geflochtenen Palmbl\u00e4ttern tragen. Nur wenige Geb\u00e4ude verf\u00fcgen \u00fcber Seitenw\u00e4nde aus Lehm und Holz oder Bl\u00e4ttern. Manche Familien z\u00fcchten H\u00fchner, andere bauen ein wenig Maniok an. Tauschhandel und gegenseitiges Aushelfen ist zu vermuten.<\/p>\n<p><img loading=\"lazy\" decoding=\"async\" class=\"alignnone size-full wp-image-2229\" src=\"http:\/\/www.segunda-feira.de\/wp-content\/uploads\/2017\/09\/Schule.jpg\" alt=\"\" width=\"1023\" height=\"682\" srcset=\"http:\/\/www.segunda-feira.de\/wp-content\/uploads\/2017\/09\/Schule.jpg 1023w, http:\/\/www.segunda-feira.de\/wp-content\/uploads\/2017\/09\/Schule-300x200.jpg 300w, http:\/\/www.segunda-feira.de\/wp-content\/uploads\/2017\/09\/Schule-768x512.jpg 768w, http:\/\/www.segunda-feira.de\/wp-content\/uploads\/2017\/09\/Schule-450x300.jpg 450w\" sizes=\"auto, (max-width: 1023px) 100vw, 1023px\" \/><\/p>\n<p>Das Schulgeb\u00e4ude reiht sich zwar in den Kreis der H\u00e4user des Dorfes ein, ist aber ein Fremdk\u00f6rper, der seine Daseinsberechtigung nur aus der aufgezwungen brasilianischen Schulpflicht bezieht. Da es nicht von den Indigenen errichtet wurde, sticht auch seine Bauweise heraus. Es verf\u00fcgt \u00fcber dichte, aus Holzplanken bestehende Au\u00dfen- und Innenw\u00e4nde sowie verschlie\u00dfbare T\u00fcren. Die Kinder der Indigenen lernen dort von brasilianischen Lehrerinnen und Lehrern Portugiesisch und Grundschulwissen. Selbst die \u00e4ltesten Dorfbewohner sprechen neben ihrer indigenen Sprache gebrochen bis flie\u00dfend Portugiesisch, was darauf schlie\u00dfen l\u00e4sst, dass die schulischen Einrichtungen die langfristigste und wichtigste Schnittstelle zur brasilianischen Kultur darstellen. F\u00fcr die westlichen Besucher des Indianerfestes \u2013 neben uns eine ehemalige brasilianische Bundesrichterin, ein Hobbyfotograf, der in einer IT-Firma arbeitet, eine eingewanderte italienische \u00c4rztin aus Sardinien sowie der ehemalige Berufsschullehrer und Architekt Jo\u00e3o, der zuf\u00e4lligerweise Bruder unseres Nachbarn Flavio ist \u2013 ist die Schule Botschaftsgeb\u00e4ude und Unterkunft in einem.<\/p>\n<p>In Gespr\u00e4chen mit den Lehrern, Betreuern, G\u00e4sten und Einwohnern des Dorfes erfahren wir in den drei Tagen unseres Aufenthaltes mehr \u00fcber die Einfl\u00fcsse der brasilianischen Kultur auf die Krah\u00f4 und die Probleme, die damit einhergehen. \u00dcber die staatliche Grundversorgung \u201eBolsa Familia\u201c, deren Ansatz eigentlich die Vermeidung von Kinderarbeit ist, erhalten die indigenen Familien einmal pro Monat eine finanzielle Unterst\u00fctzung, die haupts\u00e4chlich in den Erwerb von Grundnahrungsmitteln angelegt wird. F\u00fcr die Indigenen hat diese aufwandslose Nahrungsversorgung jedoch gro\u00dfe Nachteile. Da anstatt Honig und Fr\u00fcchte nun Zucker konsumiert und keine Zahnpflege betrieben wird, leiden bereits Kinder und Jugendliche unter Karies. Das Gebiss junger Frauen und M\u00e4nner weist L\u00fccken durch gezogene Z\u00e4hne auf, wenn sie l\u00e4cheln. \u00c4ltere Menschen ab 40 Jahren verf\u00fcgen \u00fcber fast gar keine Z\u00e4hne mehr. Man erschrickt innerlich, wenn man erf\u00e4hrt, dass Indios, die man aufgrund ihres \u00c4u\u00dferen als ungef\u00e4hr gleichaltrig gesch\u00e4tzt hat, tats\u00e4chlich 15 Jahre j\u00fcnger sind.<\/p>\n<div class='polaroid-gallery galleryid-2197' style='width:auto;'>\n\t\t\t<a href=\"http:\/\/www.segunda-feira.de\/wp-content\/uploads\/2017\/09\/Alter-Mann.jpg\" title=\"Alter Mann\" rel=\"polaroid_436172803\" class=\"polaroid-gallery-item showcaption\"><span class=\"polaroid-gallery-image\" title=\"\" style=\"background-image: url(http:\/\/www.segunda-feira.de\/wp-content\/uploads\/2017\/09\/Alter-Mann-140x140.jpg); width: 140px; height: 140px;\"><\/span><\/a>\n\t\t\t<a href=\"http:\/\/www.segunda-feira.de\/wp-content\/uploads\/2017\/09\/Indio-III.jpg\" title=\"Indio III\" rel=\"polaroid_436172803\" class=\"polaroid-gallery-item showcaption\"><span class=\"polaroid-gallery-image\" title=\"\" style=\"background-image: url(http:\/\/www.segunda-feira.de\/wp-content\/uploads\/2017\/09\/Indio-III-140x140.jpg); width: 140px; height: 140px;\"><\/span><\/a>\n\t\t\t<a href=\"http:\/\/www.segunda-feira.de\/wp-content\/uploads\/2017\/09\/Indio-I.jpg\" title=\"Indio I\" rel=\"polaroid_436172803\" class=\"polaroid-gallery-item showcaption\"><span class=\"polaroid-gallery-image\" title=\"\" style=\"background-image: url(http:\/\/www.segunda-feira.de\/wp-content\/uploads\/2017\/09\/Indio-I-140x140.jpg); width: 140px; height: 140px;\"><\/span><\/a>\n\t\t\t<br style=\"clear: both;\" \/><\/div>\n\n<p>Das Dorf, das wir besuchen, hat sich erst vor zehn Jahren gegr\u00fcndet. Die Bewohner haben sich von ihrer urspr\u00fcnglichen Dorfgemeinschaft getrennt, weil diese in ihren Augen zu sehr der brasilianischen Kultur verfallen war und mit Alkoholproblemen zu k\u00e4mpfen hatte. \u00c4hnlich wie die Ostasiaten verf\u00fcgen die Indigenen Amerikas nicht \u00fcber die entsprechenden Enzyme, um dieses Gift abzubauen, und werden schon von geringen Mengen betrunken wie s\u00fcchtig. Als Ersatzdroge dient den Bewohnern unseres Dorfes Marihuana, welches regelm\u00e4\u00dfig, insbesondere von den Erwachsenen, konsumiert wird.<\/p>\n<p>W\u00e4hrend der zwei Tage des einw\u00f6chigen Festes, an denen wir anwesend sind, k\u00f6nnen wir verschiedene Rituale und Festaktivit\u00e4ten beobachten. Jede Nacht ab ein Uhr beginnen auf dem zentralen Platz in der Mitte des Dorfes Ges\u00e4nge von Frauen- oder M\u00e4nnergruppen, die ohne Unterbrechung bis zum Anbruch des Tages fortgef\u00fchrt werden. Ein Vors\u00e4nger mit einer einfachen Rassel gibt den eint\u00f6nigen Takt und die Melodie vor. Gesungen werden haupts\u00e4chlich Laute, die man aus Cowboy- und Indianerfilmen aus den 60ern kennt. In dieser Hinsicht ist die Fiktion nicht weit entfernt von der Realit\u00e4t. Das Ziel dieser \u00dcbung ist nat\u00fcrlich die Erreichung eines gemeinsamen Trance-Zustands.<\/p>\n<p><iframe loading=\"lazy\" src=\"http:\/\/www.dailymotion.com\/embed\/video\/x5zb1qv\" width=\"560\" height=\"315\" frameborder=\"0\" allowfullscreen=\"allowfullscreen\"><\/iframe><\/p>\n<p>Ein weiterer Teil der Festivit\u00e4t ist das Baumstamm-Wettschleppen. Schwere Bambus-Baumst\u00fcmpfe werden von mehreren M\u00e4nner- und Frauengruppen von einem acht Kilometer entferntem Ort m\u00f6glichst schnell ins Dorf gebracht. Die einzelnen Gruppenmitglieder wechseln sich beim Tragen ab. Wie sehr es dabei nicht ums Gewinnen und um Fairness geht, zeigt das Beispiel einer Gruppe, die den Start verpasst hat und mit Motorr\u00e4dern zur f\u00fchrenden Mannschaft aufschlie\u00dft. Wenn die erste M\u00e4nnergruppe im Dorf ankommt, muss sie solange mit dem Baumstumpf im Kreis um den Dorfplatz rennen, bis die Frauengruppe das Ziel auch erreicht hat. Der Hintergrund dieses Wettbewerbs erscheint aufgrund der nomadischen Vergangenheit des Volkes eindeutig. Man will sich fit halten f\u00fcr das best\u00e4ndige Umziehen der Gemeinschaft.<\/p>\n<div class='polaroid-gallery galleryid-2197' style='width:auto;'>\n\t\t\t<a href=\"http:\/\/www.segunda-feira.de\/wp-content\/uploads\/2017\/09\/Wettlauf-I.jpg\" title=\"Wettlauf I\" rel=\"polaroid_765216905\" class=\"polaroid-gallery-item showcaption\"><span class=\"polaroid-gallery-image\" title=\"\" style=\"background-image: url(http:\/\/www.segunda-feira.de\/wp-content\/uploads\/2017\/09\/Wettlauf-I-140x140.jpg); width: 140px; height: 140px;\"><\/span><\/a>\n\t\t\t<a href=\"http:\/\/www.segunda-feira.de\/wp-content\/uploads\/2017\/09\/Wettlauf-II.jpg\" title=\"Wettlauf II\" rel=\"polaroid_765216905\" class=\"polaroid-gallery-item showcaption\"><span class=\"polaroid-gallery-image\" title=\"\" style=\"background-image: url(http:\/\/www.segunda-feira.de\/wp-content\/uploads\/2017\/09\/Wettlauf-II-140x140.jpg); width: 140px; height: 140px;\"><\/span><\/a>\n\t\t\t<a href=\"http:\/\/www.segunda-feira.de\/wp-content\/uploads\/2017\/09\/Wettlauf-III.jpg\" title=\"Wettlauf III\" rel=\"polaroid_765216905\" class=\"polaroid-gallery-item showcaption\"><span class=\"polaroid-gallery-image\" title=\"\" style=\"background-image: url(http:\/\/www.segunda-feira.de\/wp-content\/uploads\/2017\/09\/Wettlauf-III-140x140.jpg); width: 140px; height: 140px;\"><\/span><\/a>\n\t\t\t<a href=\"http:\/\/www.segunda-feira.de\/wp-content\/uploads\/2017\/09\/Wettlauf-IV.jpg\" title=\"Wettlauf IV\" rel=\"polaroid_765216905\" class=\"polaroid-gallery-item showcaption\"><span class=\"polaroid-gallery-image\" title=\"\" style=\"background-image: url(http:\/\/www.segunda-feira.de\/wp-content\/uploads\/2017\/09\/Wettlauf-IV-140x140.jpg); width: 140px; height: 140px;\"><\/span><\/a>\n\t\t\t<a href=\"http:\/\/www.segunda-feira.de\/wp-content\/uploads\/2017\/09\/Wettlauf-VI.jpg\" title=\"Wettlauf VI\" rel=\"polaroid_765216905\" class=\"polaroid-gallery-item showcaption\"><span class=\"polaroid-gallery-image\" title=\"\" style=\"background-image: url(http:\/\/www.segunda-feira.de\/wp-content\/uploads\/2017\/09\/Wettlauf-VI-140x140.jpg); width: 140px; height: 140px;\"><\/span><\/a>\n\t\t\t<a href=\"http:\/\/www.segunda-feira.de\/wp-content\/uploads\/2017\/09\/Wettlauf-Wettlauf-VII.jpg\" title=\"Wettlauf Wettlauf VII\" rel=\"polaroid_765216905\" class=\"polaroid-gallery-item showcaption\"><span class=\"polaroid-gallery-image\" title=\"\" style=\"background-image: url(http:\/\/www.segunda-feira.de\/wp-content\/uploads\/2017\/09\/Wettlauf-Wettlauf-VII-140x140.jpg); width: 140px; height: 140px;\"><\/span><\/a>\n\t\t\t<a href=\"http:\/\/www.segunda-feira.de\/wp-content\/uploads\/2017\/09\/Wettlauf-IX.jpg\" title=\"Wettlauf IX\" rel=\"polaroid_765216905\" class=\"polaroid-gallery-item showcaption\"><span class=\"polaroid-gallery-image\" title=\"\" style=\"background-image: url(http:\/\/www.segunda-feira.de\/wp-content\/uploads\/2017\/09\/Wettlauf-IX-140x140.jpg); width: 140px; height: 140px;\"><\/span><\/a>\n\t\t\t<a href=\"http:\/\/www.segunda-feira.de\/wp-content\/uploads\/2017\/09\/Wettlauf-X.jpg\" title=\"Wettlauf X\" rel=\"polaroid_765216905\" class=\"polaroid-gallery-item showcaption\"><span class=\"polaroid-gallery-image\" title=\"\" style=\"background-image: url(http:\/\/www.segunda-feira.de\/wp-content\/uploads\/2017\/09\/Wettlauf-X-140x140.jpg); width: 140px; height: 140px;\"><\/span><\/a>\n\t\t\t<a href=\"http:\/\/www.segunda-feira.de\/wp-content\/uploads\/2017\/09\/Wettlauf-XI.jpg\" title=\"Wettlauf XI\" rel=\"polaroid_765216905\" class=\"polaroid-gallery-item showcaption\"><span class=\"polaroid-gallery-image\" title=\"\" style=\"background-image: url(http:\/\/www.segunda-feira.de\/wp-content\/uploads\/2017\/09\/Wettlauf-XI-140x140.jpg); width: 140px; height: 140px;\"><\/span><\/a>\n\t\t\t<a href=\"http:\/\/www.segunda-feira.de\/wp-content\/uploads\/2017\/09\/Wettlauf-Wettlauf-VIII-Oberh\u00e4uptling.jpg\" title=\"Wettlauf Wettlauf VIII &#8211; Oberh\u00e4uptling\" rel=\"polaroid_765216905\" class=\"polaroid-gallery-item showcaption\"><span class=\"polaroid-gallery-image\" title=\"\" style=\"background-image: url(http:\/\/www.segunda-feira.de\/wp-content\/uploads\/2017\/09\/Wettlauf-Wettlauf-VIII-Oberh\u00e4uptling-140x140.jpg); width: 140px; height: 140px;\"><\/span><\/a>\n\t\t\t<a href=\"http:\/\/www.segunda-feira.de\/wp-content\/uploads\/2017\/09\/Wettlauf-V.jpg\" title=\"Wettlauf V\" rel=\"polaroid_765216905\" class=\"polaroid-gallery-item showcaption\"><span class=\"polaroid-gallery-image\" title=\"\" style=\"background-image: url(http:\/\/www.segunda-feira.de\/wp-content\/uploads\/2017\/09\/Wettlauf-V-140x140.jpg); width: 140px; height: 140px;\"><\/span><\/a>\n\t\t\t<br style=\"clear: both;\" \/><\/div>\n\n<p><iframe loading=\"lazy\" src=\"http:\/\/www.dailymotion.com\/embed\/video\/x5zb28n\" width=\"560\" height=\"315\" frameborder=\"0\" allowfullscreen=\"allowfullscreen\"><\/iframe><\/p>\n<p>Am letzten Tag des Festes steht ein Initiationsritual an. Zwei Jungen werden geschm\u00fcckt und offiziell in die M\u00e4nnergemeinschaft des Dorfes aufgenommen.<\/p>\n<div class='polaroid-gallery galleryid-2197' style='width:auto;'>\n\t\t\t<a href=\"http:\/\/www.segunda-feira.de\/wp-content\/uploads\/2017\/09\/Initiation-I.jpg\" title=\"Initiation I\" rel=\"polaroid_1271820655\" class=\"polaroid-gallery-item showcaption\"><span class=\"polaroid-gallery-image\" title=\"\" style=\"background-image: url(http:\/\/www.segunda-feira.de\/wp-content\/uploads\/2017\/09\/Initiation-I-140x140.jpg); width: 140px; height: 140px;\"><\/span><\/a>\n\t\t\t<a href=\"http:\/\/www.segunda-feira.de\/wp-content\/uploads\/2017\/09\/Initiation-II.jpg\" title=\"Initiation II\" rel=\"polaroid_1271820655\" class=\"polaroid-gallery-item showcaption\"><span class=\"polaroid-gallery-image\" title=\"\" style=\"background-image: url(http:\/\/www.segunda-feira.de\/wp-content\/uploads\/2017\/09\/Initiation-II-140x140.jpg); width: 140px; height: 140px;\"><\/span><\/a>\n\t\t\t<a href=\"http:\/\/www.segunda-feira.de\/wp-content\/uploads\/2017\/09\/Initiation-III.jpg\" title=\"Initiation III\" rel=\"polaroid_1271820655\" class=\"polaroid-gallery-item showcaption\"><span class=\"polaroid-gallery-image\" title=\"\" style=\"background-image: url(http:\/\/www.segunda-feira.de\/wp-content\/uploads\/2017\/09\/Initiation-III-140x140.jpg); width: 140px; height: 140px;\"><\/span><\/a>\n\t\t\t<a href=\"http:\/\/www.segunda-feira.de\/wp-content\/uploads\/2017\/09\/Initiation-IV.jpg\" title=\"Initiation IV\" rel=\"polaroid_1271820655\" class=\"polaroid-gallery-item showcaption\"><span class=\"polaroid-gallery-image\" title=\"\" style=\"background-image: url(http:\/\/www.segunda-feira.de\/wp-content\/uploads\/2017\/09\/Initiation-IV-140x140.jpg); width: 140px; height: 140px;\"><\/span><\/a>\n\t\t\t<a href=\"http:\/\/www.segunda-feira.de\/wp-content\/uploads\/2017\/09\/Initiation-VI.jpg\" title=\"Initiation VI\" rel=\"polaroid_1271820655\" class=\"polaroid-gallery-item showcaption\"><span class=\"polaroid-gallery-image\" title=\"\" style=\"background-image: url(http:\/\/www.segunda-feira.de\/wp-content\/uploads\/2017\/09\/Initiation-VI-140x140.jpg); width: 140px; height: 140px;\"><\/span><\/a>\n\t\t\t<a href=\"http:\/\/www.segunda-feira.de\/wp-content\/uploads\/2017\/09\/Initiation-V.jpg\" title=\"Initiation V\" rel=\"polaroid_1271820655\" class=\"polaroid-gallery-item showcaption\"><span class=\"polaroid-gallery-image\" title=\"\" style=\"background-image: url(http:\/\/www.segunda-feira.de\/wp-content\/uploads\/2017\/09\/Initiation-V-140x140.jpg); width: 140px; height: 140px;\"><\/span><\/a>\n\t\t\t<br style=\"clear: both;\" \/><\/div>\n\n<p><iframe loading=\"lazy\" src=\"http:\/\/www.dailymotion.com\/embed\/video\/x5zb1yj\" width=\"560\" height=\"315\" frameborder=\"0\" allowfullscreen=\"allowfullscreen\"><\/iframe><\/p>\n<p>Die Hierarchiestruktur der Indigenen-Gemeinschaft ist f\u00fcr uns nicht vollkommen durchschaubar. Es gibt jeweils einen Oberh\u00e4uptling sowie Unterh\u00e4uptlinge auf beiden Seiten der Geschlechter. Allerdings wird uns nicht klar, ob die Hierarchiestufen an das Alter, die Familienabstammung oder eine Wahl gebunden ist. Eindeutig ist jedoch, dass die H\u00e4uptlinge sowie die \u00c4lteren des Dorfes die Traditionen der Indigenen fortf\u00fchren wollen, w\u00e4hrend viele J\u00fcngere sich nur m\u00e4\u00dfig an den Ritualen des Festes beteiligen. Entfernt erinnert die Situation an ein oberbayrisches Dorf, dessen \u00c4ltesten sich dar\u00fcber beklagen, dass die Jugend sich f\u00fcr die Kultur aus Radio und Fernsehen interessiert, die Traditionen nicht mehr pflegt und in die St\u00e4dte abwandert.<\/p>\n<p>Aus Neugierde frage ich einen 15-j\u00e4hrigen Indio-Jungen, dessen portugiesischer Name \u201ePaulo Seis\u201c lautet, wie er sich seine Zukunft vorstellt; ob er im Dorf bleiben oder in die Stadt will.<\/p>\n<p><img loading=\"lazy\" decoding=\"async\" class=\"alignnone size-full wp-image-2227\" src=\"http:\/\/www.segunda-feira.de\/wp-content\/uploads\/2017\/09\/Paulo-Seis.jpg\" alt=\"\" width=\"1023\" height=\"682\" srcset=\"http:\/\/www.segunda-feira.de\/wp-content\/uploads\/2017\/09\/Paulo-Seis.jpg 1023w, http:\/\/www.segunda-feira.de\/wp-content\/uploads\/2017\/09\/Paulo-Seis-300x200.jpg 300w, http:\/\/www.segunda-feira.de\/wp-content\/uploads\/2017\/09\/Paulo-Seis-768x512.jpg 768w, http:\/\/www.segunda-feira.de\/wp-content\/uploads\/2017\/09\/Paulo-Seis-450x300.jpg 450w\" sizes=\"auto, (max-width: 1023px) 100vw, 1023px\" \/><\/p>\n<p>Etwas z\u00f6gernd antwortet er, er wolle bleiben. Ich entgegne, dass ich ihn verstehen kann und auch so leben will wie die Krah\u00f4. V\u00f6llig baff fragt er mich, warum. Spontan und ehrlich antworte ich: \u201eWir Wei\u00dfen m\u00f6gen Flugzeuge und Autos besitzen, um zu reisen und die Welt kennenzulernen. Doch daf\u00fcr m\u00fcssen wir arbeiten. Viele arbeiten ihr ganzes Leben und k\u00f6nnen sich noch nicht einmal Reisen leisten. An die elf Monate im Jahr m\u00fcssen wir wie die Sklaven Land- oder Firmenbesitzern dienen, um einen Monat frei zu sein und das Leben zu genie\u00dfen. Die Krah\u00f4 hingegen genie\u00dfen fast das ganze Jahr ihr Leben und kennen keinen Landbesitz. Au\u00dferdem ist es unsere Kultur, welche f\u00fcr die Umweltzerst\u00f6rung und den Klimawandel verantwortlich ist, und nicht die der Indigenen.\u201c<\/p>\n<p>Sp\u00e4ter stelle ich mit Bedauern fest, wie ausgerechnet \u00e4ltere Frauen und M\u00e4nner der Dorfgemeinschaft versuchen, den wenigen wei\u00dfen G\u00e4sten handgefertigten Schmuck zu verkaufen, um an Geld zu kommen. Ich ahne, dass die indigene Kultur auf Dauer von der brasilianischen aufgesogen wird. Durch das Dorf der Indigenen geht ein Riss. Er ist \u00e4u\u00dferlich sichtbar durch Kleidung, Strommasten, Wasserversorgung, M\u00fcll, Mopeds und Smartphones. Doch auch in den K\u00f6pfen der Bewohner ist er sp\u00fcrbar. Durch den hohen Stellenwert technischer Ger\u00e4te und billiger Grundnahrungsmittel hat Geld die gleiche Bedeutung bekommen wie die Jagd oder der Anbau von Maniok. Das ist insofern bedauerlich, da unsere Kultur nicht das Gl\u00fcck und die Sicherung der Existenz der einzelnen Mitglieder der Gesellschaft zum Ziel hat, sondern die Maximierung des Gewinns einiger Weniger durch Ausbeutung von Menschen und Bodensch\u00e4tzen sowie die Umdeutung der Menschen zu individuellen Konsumenten, die unn\u00f6tige Dinge kaufen, um die Leere zu f\u00fcllen, welche eine gr\u00f6\u00dftenteils sinnentleerte Arbeit in ihnen hinterl\u00e4sst.<\/p>\n","protected":false},"excerpt":{"rendered":"<p>Um Aliens zu begegnen, muss man nicht von Reisen zu fernen Sternensystemen tr\u00e4umen. Ein Besuch in einem brasilianischen Indigenen-Reservat reicht aus, die unterschiedliche Betrachtungsweise der Umwelt und der Zeit aus der Perspektive einer vollkommen anderen Kultur zu erfahren. Das Dorf, &hellip; <a href=\"http:\/\/www.segunda-feira.de\/?p=2197\">Weiterlesen <span class=\"meta-nav\">&rarr;<\/span><\/a><\/p>\n","protected":false},"author":1,"featured_media":0,"comment_status":"open","ping_status":"open","sticky":false,"template":"","format":"standard","meta":{"jetpack_post_was_ever_published":false,"_jetpack_newsletter_access":"","_jetpack_dont_email_post_to_subs":false,"_jetpack_newsletter_tier_id":0,"_jetpack_memberships_contains_paywalled_content":false,"_jetpack_memberships_contains_paid_content":false,"footnotes":"","jetpack_publicize_message":"","jetpack_publicize_feature_enabled":true,"jetpack_social_post_already_shared":true,"jetpack_social_options":{"image_generator_settings":{"template":"highway","default_image_id":0,"font":"","enabled":false},"version":2}},"categories":[1,9],"tags":[],"class_list":["post-2197","post","type-post","status-publish","format-standard","hentry","category-allgemein","category-reise-entdeckungen"],"jetpack_publicize_connections":[],"jetpack_featured_media_url":"","jetpack_sharing_enabled":true,"jetpack_shortlink":"https:\/\/wp.me\/p64WYd-zr","jetpack_likes_enabled":true,"_links":{"self":[{"href":"http:\/\/www.segunda-feira.de\/index.php?rest_route=\/wp\/v2\/posts\/2197","targetHints":{"allow":["GET"]}}],"collection":[{"href":"http:\/\/www.segunda-feira.de\/index.php?rest_route=\/wp\/v2\/posts"}],"about":[{"href":"http:\/\/www.segunda-feira.de\/index.php?rest_route=\/wp\/v2\/types\/post"}],"author":[{"embeddable":true,"href":"http:\/\/www.segunda-feira.de\/index.php?rest_route=\/wp\/v2\/users\/1"}],"replies":[{"embeddable":true,"href":"http:\/\/www.segunda-feira.de\/index.php?rest_route=%2Fwp%2Fv2%2Fcomments&post=2197"}],"version-history":[{"count":12,"href":"http:\/\/www.segunda-feira.de\/index.php?rest_route=\/wp\/v2\/posts\/2197\/revisions"}],"predecessor-version":[{"id":2444,"href":"http:\/\/www.segunda-feira.de\/index.php?rest_route=\/wp\/v2\/posts\/2197\/revisions\/2444"}],"wp:attachment":[{"href":"http:\/\/www.segunda-feira.de\/index.php?rest_route=%2Fwp%2Fv2%2Fmedia&parent=2197"}],"wp:term":[{"taxonomy":"category","embeddable":true,"href":"http:\/\/www.segunda-feira.de\/index.php?rest_route=%2Fwp%2Fv2%2Fcategories&post=2197"},{"taxonomy":"post_tag","embeddable":true,"href":"http:\/\/www.segunda-feira.de\/index.php?rest_route=%2Fwp%2Fv2%2Ftags&post=2197"}],"curies":[{"name":"wp","href":"https:\/\/api.w.org\/{rel}","templated":true}]}}