{"id":22,"date":"2015-03-18T21:30:58","date_gmt":"2015-03-18T20:30:58","guid":{"rendered":"http:\/\/www.segunda-feira.de\/?p=22"},"modified":"2015-05-30T21:22:24","modified_gmt":"2015-05-30T19:22:24","slug":"abschiede-versoehnungen-und-abrechnungen","status":"publish","type":"post","link":"http:\/\/www.segunda-feira.de\/?p=22","title":{"rendered":"Abschiede, Vers\u00f6hnungen und Abrechnungen"},"content":{"rendered":"<p>Wenn man f\u00fcr drei Jahre ins ferne Ausland geht, dann erf\u00e4hrt man die eine oder andere traurige Abschiedsszene. Auch Vers\u00f6hnungen mit Menschen, mit denen man sich in der letzten Zeit nicht so gut verstanden hat, finden statt. Heute hatte ich jedoch eine richtige Abrechnung:<\/p>\n<p>Bei wundersch\u00f6nem Fr\u00fchlingswetter jogge ich in der Morgensonne mit unserem Hund Loukas durch die Felder um Lammersdorf. Von weitem sehe ich diesen f\u00fcrchterlichen Hundebesitzer, der seine vier ausgewachsenen Sch\u00e4ferhunde an der kurzen Leine spazieren f\u00fchrt. F\u00fcr gew\u00f6hnlich bl\u00f6kt er bereits von Weitem andere Hundebesitzer an, sie sollen ihre Hunde auch anleinen. Warum, ist mir schleierhaft. Hat er Angst, dass seine Hunde mit ihm an der Leine den Acker durchpfl\u00fcgen? Oder glaubt er, dass ein 13-Kilo-H\u00fcndchen seine Sch\u00e4ferhunde angreift?<\/p>\n<p>Ich laufe also in seine Richtung, w\u00e4hrend Loukas 100 Meter hinter mir bummelt. In ca. 200 Meter Entfernung bleibt er stehen und beobachtet mich. Ich laufe weiter. Bei 100 Metern f\u00e4ngt er an mir zuzurufen, dass ich meinen Hund anleinen solle. Ich laufe weiter. Einen Meter vor ihm komme ich zum Stehen, so dass mich seine Hunde, die absolut friedlich und menschenfreundlich sind, schwanzwedelnd an mir hochspringen und mir die H\u00e4nde ablecken. Damit hat er nicht gerechnet. Dann frage ich ihn, warum er sich nicht ein Hobby sucht, das er auch beherrscht. V\u00f6llig perplex starrt er mich an und murmelt etwas, dass so klingt wie: &#8222;Mein Hund k\u00f6nnte ja auf ihn zulaufen.&#8220; In diesem Moment l\u00e4uft Loukas einfach an uns vorbei. Ich frage ihn noch, warum er als Hundebesitzer Angst vor anderen Hunden hat, doch da l\u00e4uft er auch schon mit seinen vier bemitleidenswerten Vierbeinern weiter.<\/p>\n<p>Mann, das hat gut getan!<\/p>\n","protected":false},"excerpt":{"rendered":"<p>Wenn man f\u00fcr drei Jahre ins ferne Ausland geht, dann erf\u00e4hrt man die eine oder andere traurige Abschiedsszene. Auch Vers\u00f6hnungen mit Menschen, mit denen man sich in der letzten Zeit nicht so gut verstanden hat, finden statt. Heute hatte ich &hellip; <a href=\"http:\/\/www.segunda-feira.de\/?p=22\">Weiterlesen <span class=\"meta-nav\">&rarr;<\/span><\/a><\/p>\n","protected":false},"author":1,"featured_media":0,"comment_status":"open","ping_status":"open","sticky":false,"template":"","format":"standard","meta":{"jetpack_post_was_ever_published":false,"_jetpack_newsletter_access":"","_jetpack_dont_email_post_to_subs":false,"_jetpack_newsletter_tier_id":0,"_jetpack_memberships_contains_paywalled_content":false,"_jetpack_memberships_contains_paid_content":false,"footnotes":"","jetpack_publicize_message":"","jetpack_publicize_feature_enabled":true,"jetpack_social_post_already_shared":false,"jetpack_social_options":{"image_generator_settings":{"template":"highway","default_image_id":0,"font":"","enabled":false},"version":2}},"categories":[1,12],"tags":[],"class_list":["post-22","post","type-post","status-publish","format-standard","hentry","category-allgemein","category-erkenntnisse"],"jetpack_publicize_connections":[],"jetpack_featured_media_url":"","jetpack_sharing_enabled":true,"jetpack_shortlink":"https:\/\/wp.me\/p64WYd-m","jetpack_likes_enabled":true,"_links":{"self":[{"href":"http:\/\/www.segunda-feira.de\/index.php?rest_route=\/wp\/v2\/posts\/22","targetHints":{"allow":["GET"]}}],"collection":[{"href":"http:\/\/www.segunda-feira.de\/index.php?rest_route=\/wp\/v2\/posts"}],"about":[{"href":"http:\/\/www.segunda-feira.de\/index.php?rest_route=\/wp\/v2\/types\/post"}],"author":[{"embeddable":true,"href":"http:\/\/www.segunda-feira.de\/index.php?rest_route=\/wp\/v2\/users\/1"}],"replies":[{"embeddable":true,"href":"http:\/\/www.segunda-feira.de\/index.php?rest_route=%2Fwp%2Fv2%2Fcomments&post=22"}],"version-history":[{"count":1,"href":"http:\/\/www.segunda-feira.de\/index.php?rest_route=\/wp\/v2\/posts\/22\/revisions"}],"predecessor-version":[{"id":23,"href":"http:\/\/www.segunda-feira.de\/index.php?rest_route=\/wp\/v2\/posts\/22\/revisions\/23"}],"wp:attachment":[{"href":"http:\/\/www.segunda-feira.de\/index.php?rest_route=%2Fwp%2Fv2%2Fmedia&parent=22"}],"wp:term":[{"taxonomy":"category","embeddable":true,"href":"http:\/\/www.segunda-feira.de\/index.php?rest_route=%2Fwp%2Fv2%2Fcategories&post=22"},{"taxonomy":"post_tag","embeddable":true,"href":"http:\/\/www.segunda-feira.de\/index.php?rest_route=%2Fwp%2Fv2%2Ftags&post=22"}],"curies":[{"name":"wp","href":"https:\/\/api.w.org\/{rel}","templated":true}]}}