{"id":2269,"date":"2017-09-13T01:58:14","date_gmt":"2017-09-12T23:58:14","guid":{"rendered":"http:\/\/www.segunda-feira.de\/?p=2269"},"modified":"2017-09-14T13:05:09","modified_gmt":"2017-09-14T11:05:09","slug":"parque-estadual-do-jalapao","status":"publish","type":"post","link":"http:\/\/www.segunda-feira.de\/?p=2269","title":{"rendered":"Parque Estadual do Jalap\u00e3o"},"content":{"rendered":"<p>Auf dem R\u00fcckweg vom Indianerreservat nehmen Sylvia und ich sowie unsere G\u00e4ste Rike und Lauran einen kleinen Umweg \u00fcber den spektakul\u00e4ren <a href=\"https:\/\/en.wikipedia.org\/wiki\/Jalap%C3%A3o_State_Park\" target=\"_blank\" rel=\"noopener\">Parque Estadual do Jalap\u00e3o<\/a>, den man nur mit einem Allradfahrzeug besuchen kann. Knapp 170 Kilometer geht es auf der TO-255 von <a href=\"https:\/\/maps.google.de\/maps?q=-10.740192,-47.535747&amp;t=h\" target=\"_blank\" rel=\"noopener\">Ponte Alta do Tocantins<\/a> Richtung Osten nach <a href=\"https:\/\/maps.google.de\/maps?q=-10.546382,-46.418865&amp;t=h\" target=\"_blank\" rel=\"noopener\">Mateiros<\/a> \u00fcber eine buckelige Erdstra\u00dfe mit teils tiefen sandigen Stellen.<\/p>\n<p>Es ist schon dunkel, als wir Ponte Alta do Tocantins verlassen. Das Gebiet zwischen den beiden Orten ist \u00e4u\u00dferst d\u00fcnn besiedelt. Die Querrippen auf der Erdstra\u00dfe r\u00fctteln den Wagen durch und lassen das Licht der Zusatzscheinwerfer vor uns tanzen. Wir sind die Einzigen auf der Stra\u00dfe und suchen einen Platz zum \u00dcbernachten. Am sp\u00e4ten Morgen sind wir im Reservat aufgebrochen und haben 500 Kilometer Strecke hinter uns gebracht. In Brasilien ist ein Schnitt von \u00fcber 50 km\/h kaum zu schaffen, so dass wir bereits zehn Stunden im Auto sitzen.<\/p>\n<p>Wir kommen an einem Haus vorbei, in dem noch Licht brennt. Sylvia und ich steigen aus und erfahren von den Bewohnern, dass sich keine drei Kilometer entfernt ein sch\u00f6ner Standplatz an einem Wasserfall befindet. Wir biegen an der beschriebenen Stelle von der Stra\u00dfe und folgen einem schmalen Sandweg weitere 1,5 Kilometer. <a href=\"https:\/\/maps.google.de\/maps?q=-10.653671,-47.284200&amp;t=h\" target=\"_blank\" rel=\"noopener\">Am Ende angekommen<\/a> treffen wir auf einen deutsches P\u00e4rchen aus M\u00fcnchen mit einem Land Cruiser mit Aufstelldach &#8211; die ersten deutschen Weltreisenden, auf die wir nach zweieinhalb Jahren in S\u00fcdamerika treffen! Sie sind wahrscheinlich genauso verdattert wie wir, in dieser Ein\u00f6de Landsleuten zu begegnen. Wir unterhalten uns kurz mit ihnen und machen uns auch bettfertig.<\/p>\n<p>Am n\u00e4chsten Morgen verlassen uns <a href=\"http:\/\/www.m-ut-weltweit.com\" target=\"_blank\" rel=\"noopener\">Tina und Uwe aus M\u00fcnchen<\/a> wieder, nicht ohne vorher Adressen und Telefonnummern ausgetauscht zu haben. Man l\u00e4uft sich ja immer zweimal \u00fcber den Weg. Wir hingegen bleiben noch einen Tag und basteln uns einen Schattenplatz.<\/p>\n<p><img loading=\"lazy\" decoding=\"async\" class=\"alignnone size-full wp-image-2270\" src=\"http:\/\/www.segunda-feira.de\/wp-content\/uploads\/2017\/09\/Schatten-Selbstbaukit.jpg\" alt=\"\" width=\"1023\" height=\"682\" srcset=\"http:\/\/www.segunda-feira.de\/wp-content\/uploads\/2017\/09\/Schatten-Selbstbaukit.jpg 1023w, http:\/\/www.segunda-feira.de\/wp-content\/uploads\/2017\/09\/Schatten-Selbstbaukit-300x200.jpg 300w, http:\/\/www.segunda-feira.de\/wp-content\/uploads\/2017\/09\/Schatten-Selbstbaukit-768x512.jpg 768w, http:\/\/www.segunda-feira.de\/wp-content\/uploads\/2017\/09\/Schatten-Selbstbaukit-450x300.jpg 450w\" sizes=\"auto, (max-width: 1023px) 100vw, 1023px\" \/><\/p>\n<p>Nach einem Ruhetag brechen wir wieder auf und fahren die TO-255 weiter Richtung Osten. Auch bei Tageslicht treffen wir auf keine Menschenseele.<\/p>\n<p><img loading=\"lazy\" decoding=\"async\" class=\"alignnone size-full wp-image-2271\" src=\"http:\/\/www.segunda-feira.de\/wp-content\/uploads\/2017\/09\/Road-to-Nowhere.jpg\" alt=\"\" width=\"1023\" height=\"682\" srcset=\"http:\/\/www.segunda-feira.de\/wp-content\/uploads\/2017\/09\/Road-to-Nowhere.jpg 1023w, http:\/\/www.segunda-feira.de\/wp-content\/uploads\/2017\/09\/Road-to-Nowhere-300x200.jpg 300w, http:\/\/www.segunda-feira.de\/wp-content\/uploads\/2017\/09\/Road-to-Nowhere-768x512.jpg 768w, http:\/\/www.segunda-feira.de\/wp-content\/uploads\/2017\/09\/Road-to-Nowhere-450x300.jpg 450w\" sizes=\"auto, (max-width: 1023px) 100vw, 1023px\" \/><\/p>\n<p>Gegen Mittag landen wir am <a href=\"https:\/\/maps.google.de\/maps?q=-10.269926,-46.881104&amp;t=h\" target=\"_blank\" rel=\"noopener\">Chachoeira Velha am Rio Novo<\/a>, wo wir auch die Nacht verbringen.<\/p>\n<div class='polaroid-gallery galleryid-2269' style='width:auto;'>\n\t\t\t<a href=\"http:\/\/www.segunda-feira.de\/wp-content\/uploads\/2017\/09\/Wasserfall-Rio-Novo-I.jpg\" title=\"Wasserfall Rio Novo I\" rel=\"polaroid_667903605\" class=\"polaroid-gallery-item showcaption\"><span class=\"polaroid-gallery-image\" title=\"\" style=\"background-image: url(http:\/\/www.segunda-feira.de\/wp-content\/uploads\/2017\/09\/Wasserfall-Rio-Novo-I-140x140.jpg); width: 140px; height: 140px;\"><\/span><\/a>\n\t\t\t<a href=\"http:\/\/www.segunda-feira.de\/wp-content\/uploads\/2017\/09\/Wasserfall-Rio-Novo-II.jpg\" title=\"Wasserfall Rio Novo II\" rel=\"polaroid_667903605\" class=\"polaroid-gallery-item showcaption\"><span class=\"polaroid-gallery-image\" title=\"\" style=\"background-image: url(http:\/\/www.segunda-feira.de\/wp-content\/uploads\/2017\/09\/Wasserfall-Rio-Novo-II-140x140.jpg); width: 140px; height: 140px;\"><\/span><\/a>\n\t\t\t<a href=\"http:\/\/www.segunda-feira.de\/wp-content\/uploads\/2017\/09\/Wasserfall-Rio-Novo-III.jpg\" title=\"Wasserfall Rio Novo III\" rel=\"polaroid_667903605\" class=\"polaroid-gallery-item showcaption\"><span class=\"polaroid-gallery-image\" title=\"\" style=\"background-image: url(http:\/\/www.segunda-feira.de\/wp-content\/uploads\/2017\/09\/Wasserfall-Rio-Novo-III-140x140.jpg); width: 140px; height: 140px;\"><\/span><\/a>\n\t\t\t<a href=\"http:\/\/www.segunda-feira.de\/wp-content\/uploads\/2017\/09\/Wasserfall-Rio-Novo-IV.jpg\" title=\"Wasserfall Rio Novo IV\" rel=\"polaroid_667903605\" class=\"polaroid-gallery-item showcaption\"><span class=\"polaroid-gallery-image\" title=\"\" style=\"background-image: url(http:\/\/www.segunda-feira.de\/wp-content\/uploads\/2017\/09\/Wasserfall-Rio-Novo-IV-140x140.jpg); width: 140px; height: 140px;\"><\/span><\/a>\n\t\t\t<a href=\"http:\/\/www.segunda-feira.de\/wp-content\/uploads\/2017\/09\/Wasserfall-Rio-Novo-V.jpg\" title=\"Wasserfall Rio Novo V\" rel=\"polaroid_667903605\" class=\"polaroid-gallery-item showcaption\"><span class=\"polaroid-gallery-image\" title=\"\" style=\"background-image: url(http:\/\/www.segunda-feira.de\/wp-content\/uploads\/2017\/09\/Wasserfall-Rio-Novo-V-140x140.jpg); width: 140px; height: 140px;\"><\/span><\/a>\n\t\t\t<br style=\"clear: both;\" \/><\/div>\n\n<p>Am Folgetag brechen wir nach dem Fr\u00fchst\u00fcck auf, um uns wieder einige Kilometer auf der menschenleeren und teilweise nur sehr langsam zu befahrenden Landstra\u00dfe fortzubewegen. Wir folgen einem Wegweiser, auf dem &#8222;Survivor Camping&#8220; steht, und biegen auf eine Sandstra\u00dfe, die nach zehn Kilometern am Rio Novo endet.<\/p>\n<div class='polaroid-gallery galleryid-2269' style='width:auto;'>\n\t\t\t<a href=\"http:\/\/www.segunda-feira.de\/wp-content\/uploads\/2017\/09\/Survivor-Camping.jpg\" title=\"Survivor Camping\" rel=\"polaroid_783883940\" class=\"polaroid-gallery-item showcaption\"><span class=\"polaroid-gallery-image\" title=\"\" style=\"background-image: url(http:\/\/www.segunda-feira.de\/wp-content\/uploads\/2017\/09\/Survivor-Camping-140x140.jpg); width: 140px; height: 140px;\"><\/span><\/a>\n\t\t\t<a href=\"http:\/\/www.segunda-feira.de\/wp-content\/uploads\/2017\/09\/Sandstra\u00dfe-zum-Rio-Novo.jpg\" title=\"Sandstra\u00dfe zum Rio Novo\" rel=\"polaroid_783883940\" class=\"polaroid-gallery-item showcaption\"><span class=\"polaroid-gallery-image\" title=\"\" style=\"background-image: url(http:\/\/www.segunda-feira.de\/wp-content\/uploads\/2017\/09\/Sandstra\u00dfe-zum-Rio-Novo-140x140.jpg); width: 140px; height: 140px;\"><\/span><\/a>\n\t\t\t<br style=\"clear: both;\" \/><\/div>\n\n<p>Der <a href=\"https:\/\/maps.google.de\/maps?q=-10.452566,-46.878088&amp;t=h\" target=\"_blank\" rel=\"noopener\">Campingplatz am Rio Novo<\/a> wird von einem frustrierten \u00e4lteren P\u00e4rchen geleitet, das es 15 Jahre zuvor hierher verschlagen hat und das sich von seinem Unterfangen einen deutlich h\u00f6heren wirtschaftlichen Erfolg versprochen hat. Highlight des Platzes ist ein nur zehn Minuten Fu\u00dfweg entfernter <a href=\"https:\/\/maps.google.de\/maps?q=-10.450716,-46.873229&amp;t=h\" target=\"_blank\" rel=\"noopener\">Strand am Rio Novo<\/a>.<\/p>\n<div class='polaroid-gallery galleryid-2269' style='width:auto;'>\n\t\t\t<a href=\"http:\/\/www.segunda-feira.de\/wp-content\/uploads\/2017\/09\/Rike-und-Lauran-von-fern.jpg\" title=\"Rike und Lauran von fern\" rel=\"polaroid_209133521\" class=\"polaroid-gallery-item showcaption\"><span class=\"polaroid-gallery-image\" title=\"\" style=\"background-image: url(http:\/\/www.segunda-feira.de\/wp-content\/uploads\/2017\/09\/Rike-und-Lauran-von-fern-140x140.jpg); width: 140px; height: 140px;\"><\/span><\/a>\n\t\t\t<a href=\"http:\/\/www.segunda-feira.de\/wp-content\/uploads\/2017\/09\/Rike-und-Lauran-von-nah.jpg\" title=\"Rike und Lauran von nah\" rel=\"polaroid_209133521\" class=\"polaroid-gallery-item showcaption\"><span class=\"polaroid-gallery-image\" title=\"\" style=\"background-image: url(http:\/\/www.segunda-feira.de\/wp-content\/uploads\/2017\/09\/Rike-und-Lauran-von-nah-140x140.jpg); width: 140px; height: 140px;\"><\/span><\/a>\n\t\t\t<a href=\"http:\/\/www.segunda-feira.de\/wp-content\/uploads\/2017\/09\/Der-bewegte-Mann.jpg\" title=\"Der bewegte Mann\" rel=\"polaroid_209133521\" class=\"polaroid-gallery-item showcaption\"><span class=\"polaroid-gallery-image\" title=\"\" style=\"background-image: url(http:\/\/www.segunda-feira.de\/wp-content\/uploads\/2017\/09\/Der-bewegte-Mann-140x140.jpg); width: 140px; height: 140px;\"><\/span><\/a>\n\t\t\t<a href=\"http:\/\/www.segunda-feira.de\/wp-content\/uploads\/2017\/09\/Der-bewegte-Hund.jpg\" title=\"Der bewegte Hund\" rel=\"polaroid_209133521\" class=\"polaroid-gallery-item showcaption\"><span class=\"polaroid-gallery-image\" title=\"\" style=\"background-image: url(http:\/\/www.segunda-feira.de\/wp-content\/uploads\/2017\/09\/Der-bewegte-Hund-140x140.jpg); width: 140px; height: 140px;\"><\/span><\/a>\n\t\t\t<a href=\"http:\/\/www.segunda-feira.de\/wp-content\/uploads\/2017\/09\/Braver-Hund.jpg\" title=\"Braver Hund\" rel=\"polaroid_209133521\" class=\"polaroid-gallery-item showcaption\"><span class=\"polaroid-gallery-image\" title=\"\" style=\"background-image: url(http:\/\/www.segunda-feira.de\/wp-content\/uploads\/2017\/09\/Braver-Hund-140x140.jpg); width: 140px; height: 140px;\"><\/span><\/a>\n\t\t\t<br style=\"clear: both;\" \/><\/div>\n\n<p>Am letzten Tag der Parkdurchquerung kommen wir an der Hauptattraktion der Gegend an: den <a href=\"https:\/\/maps.google.de\/maps?q=-10.563617,-46.651944&amp;t=h\" target=\"_blank\" rel=\"noopener\">D\u00fcnen von Jalap\u00e3o<\/a>. Wir schmuggeln den Hund im Auto am bewachten Eingang vorbei und brutzeln in der Sp\u00e4tnachmittagssonne in einer w\u00fcsten\u00e4hnlichen Gegend vor uns hin.<\/p>\n<div class='polaroid-gallery galleryid-2269' style='width:auto;'>\n\t\t\t<a href=\"http:\/\/www.segunda-feira.de\/wp-content\/uploads\/2017\/09\/Dunas-do-Jalapao-I.jpg\" title=\"Dunas do Jalapao I\" rel=\"polaroid_662410943\" class=\"polaroid-gallery-item showcaption\"><span class=\"polaroid-gallery-image\" title=\"\" style=\"background-image: url(http:\/\/www.segunda-feira.de\/wp-content\/uploads\/2017\/09\/Dunas-do-Jalapao-I-140x140.jpg); width: 140px; height: 140px;\"><\/span><\/a>\n\t\t\t<a href=\"http:\/\/www.segunda-feira.de\/wp-content\/uploads\/2017\/09\/Dunas-do-Jalapao-II.jpg\" title=\"Dunas do Jalapao II\" rel=\"polaroid_662410943\" class=\"polaroid-gallery-item showcaption\"><span class=\"polaroid-gallery-image\" title=\"\" style=\"background-image: url(http:\/\/www.segunda-feira.de\/wp-content\/uploads\/2017\/09\/Dunas-do-Jalapao-II-140x140.jpg); width: 140px; height: 140px;\"><\/span><\/a>\n\t\t\t<a href=\"http:\/\/www.segunda-feira.de\/wp-content\/uploads\/2017\/09\/Dunas-do-Jalapao-III.jpg\" title=\"Dunas do Jalapao III\" rel=\"polaroid_662410943\" class=\"polaroid-gallery-item showcaption\"><span class=\"polaroid-gallery-image\" title=\"\" style=\"background-image: url(http:\/\/www.segunda-feira.de\/wp-content\/uploads\/2017\/09\/Dunas-do-Jalapao-III-140x140.jpg); width: 140px; height: 140px;\"><\/span><\/a>\n\t\t\t<a href=\"http:\/\/www.segunda-feira.de\/wp-content\/uploads\/2017\/09\/Dunas-do-Jalapao-IV.jpg\" title=\"Dunas do Jalapao IV\" rel=\"polaroid_662410943\" class=\"polaroid-gallery-item showcaption\"><span class=\"polaroid-gallery-image\" title=\"\" style=\"background-image: url(http:\/\/www.segunda-feira.de\/wp-content\/uploads\/2017\/09\/Dunas-do-Jalapao-IV-140x140.jpg); width: 140px; height: 140px;\"><\/span><\/a>\n\t\t\t<a href=\"http:\/\/www.segunda-feira.de\/wp-content\/uploads\/2017\/09\/Dunas-do-Jalapao-V.jpg\" title=\"Dunas do Jalapao V\" rel=\"polaroid_662410943\" class=\"polaroid-gallery-item showcaption\"><span class=\"polaroid-gallery-image\" title=\"\" style=\"background-image: url(http:\/\/www.segunda-feira.de\/wp-content\/uploads\/2017\/09\/Dunas-do-Jalapao-V-140x140.jpg); width: 140px; height: 140px;\"><\/span><\/a>\n\t\t\t<a href=\"http:\/\/www.segunda-feira.de\/wp-content\/uploads\/2017\/09\/Dunas-do-Jalapao-VI.jpg\" title=\"Dunas do Jalapao VI\" rel=\"polaroid_662410943\" class=\"polaroid-gallery-item showcaption\"><span class=\"polaroid-gallery-image\" title=\"\" style=\"background-image: url(http:\/\/www.segunda-feira.de\/wp-content\/uploads\/2017\/09\/Dunas-do-Jalapao-VI-140x140.jpg); width: 140px; height: 140px;\"><\/span><\/a>\n\t\t\t<br style=\"clear: both;\" \/><\/div>\n\n<p>Die Nacht verbringen wir ein paar Kilometer weiter auf einem <a href=\"https:\/\/maps.google.de\/maps?q=-10.601016,-46.597578&amp;t=h\" target=\"_blank\" rel=\"noopener\">Wanderparkplatz<\/a>, von dem aus ein Pfad auf das dahinterliegende Hochplateau f\u00fchrt. Am n\u00e4chsten Morgen steigen wir die 200 H\u00f6henmeter auf, genie\u00dfen kurz den Ausblick und machen uns dann auf den Heimweg Richtung Bras\u00edlia.<\/p>\n<p>Der Abschied von dieser optisch wundersch\u00f6nen Gegend f\u00e4llt uns erstaunlich leicht, denn was man auf den Bildern weder erkennen noch nachvollziehen kann, sind die unglaubliche Hitze und die unz\u00e4hligen M\u00fccken, die uns den ganzen Weg \u00fcber maltr\u00e4tiert haben.<\/p>\n","protected":false},"excerpt":{"rendered":"<p>Auf dem R\u00fcckweg vom Indianerreservat nehmen Sylvia und ich sowie unsere G\u00e4ste Rike und Lauran einen kleinen Umweg \u00fcber den spektakul\u00e4ren Parque Estadual do Jalap\u00e3o, den man nur mit einem Allradfahrzeug besuchen kann. Knapp 170 Kilometer geht es auf der &hellip; <a href=\"http:\/\/www.segunda-feira.de\/?p=2269\">Weiterlesen <span class=\"meta-nav\">&rarr;<\/span><\/a><\/p>\n","protected":false},"author":1,"featured_media":0,"comment_status":"open","ping_status":"open","sticky":false,"template":"","format":"standard","meta":{"jetpack_post_was_ever_published":false,"_jetpack_newsletter_access":"","_jetpack_dont_email_post_to_subs":false,"_jetpack_newsletter_tier_id":0,"_jetpack_memberships_contains_paywalled_content":false,"_jetpack_memberships_contains_paid_content":false,"footnotes":"","jetpack_publicize_message":"","jetpack_publicize_feature_enabled":true,"jetpack_social_post_already_shared":true,"jetpack_social_options":{"image_generator_settings":{"template":"highway","default_image_id":0,"font":"","enabled":false},"version":2}},"categories":[1,9],"tags":[],"class_list":["post-2269","post","type-post","status-publish","format-standard","hentry","category-allgemein","category-reise-entdeckungen"],"jetpack_publicize_connections":[],"jetpack_featured_media_url":"","jetpack_sharing_enabled":true,"jetpack_shortlink":"https:\/\/wp.me\/p64WYd-AB","jetpack_likes_enabled":true,"_links":{"self":[{"href":"http:\/\/www.segunda-feira.de\/index.php?rest_route=\/wp\/v2\/posts\/2269","targetHints":{"allow":["GET"]}}],"collection":[{"href":"http:\/\/www.segunda-feira.de\/index.php?rest_route=\/wp\/v2\/posts"}],"about":[{"href":"http:\/\/www.segunda-feira.de\/index.php?rest_route=\/wp\/v2\/types\/post"}],"author":[{"embeddable":true,"href":"http:\/\/www.segunda-feira.de\/index.php?rest_route=\/wp\/v2\/users\/1"}],"replies":[{"embeddable":true,"href":"http:\/\/www.segunda-feira.de\/index.php?rest_route=%2Fwp%2Fv2%2Fcomments&post=2269"}],"version-history":[{"count":12,"href":"http:\/\/www.segunda-feira.de\/index.php?rest_route=\/wp\/v2\/posts\/2269\/revisions"}],"predecessor-version":[{"id":2304,"href":"http:\/\/www.segunda-feira.de\/index.php?rest_route=\/wp\/v2\/posts\/2269\/revisions\/2304"}],"wp:attachment":[{"href":"http:\/\/www.segunda-feira.de\/index.php?rest_route=%2Fwp%2Fv2%2Fmedia&parent=2269"}],"wp:term":[{"taxonomy":"category","embeddable":true,"href":"http:\/\/www.segunda-feira.de\/index.php?rest_route=%2Fwp%2Fv2%2Fcategories&post=2269"},{"taxonomy":"post_tag","embeddable":true,"href":"http:\/\/www.segunda-feira.de\/index.php?rest_route=%2Fwp%2Fv2%2Ftags&post=2269"}],"curies":[{"name":"wp","href":"https:\/\/api.w.org\/{rel}","templated":true}]}}