{"id":287,"date":"2015-04-23T00:28:08","date_gmt":"2015-04-22T22:28:08","guid":{"rendered":"http:\/\/www.segunda-feira.de\/?p=287"},"modified":"2015-05-30T21:13:07","modified_gmt":"2015-05-30T19:13:07","slug":"leben-in-brasilia","status":"publish","type":"post","link":"http:\/\/www.segunda-feira.de\/?p=287","title":{"rendered":"Leben in Brasilia"},"content":{"rendered":"<p>Wie vieleicht dem einen oder anderen bekannt ist Brasilia eine Retortenstadt, die zwischen 1956 und 1960 aus dem Boden gestampft wurde. Die Einheimischen nennen die Stadt auch Plano Piloto, nach dem urspr\u00fcnglichen Plan des verantwortlichen St\u00e4dtebauers L\u00facio Costa. Von oben sieht sie aus wie ein Flugzeug, und tats\u00e4chlich hei\u00dfen die Stadtteile, die aussehen wie die Tragfl\u00e4chen, Nord- und S\u00fcdfl\u00fcgel. In Wirklichkeit sollte die Stadt jedoch eine Markierung auf einer Landkarte symbolisieren. Die runden Formen sind den geografischen Umst\u00e4nden geschuldet.<\/p>\n<p>Die Stadt wurde ausschlie\u00dflich f\u00fcr Autofahrer gebaut. Fu\u00dfg\u00e4nger waren von Beginn an nicht vorgesehen. Gr\u00f6\u00dfere sechs- bis achtspurige Stra\u00dfen haben manchmal einen Mittelstreifen, der 100 Meter breit ist. Die Stra\u00dfe auf der Hauptachse durch die Stadt hat 16 Spuren, und der zum Teil bebaute Mittelstreifen ist 200 Meter breit.<\/p>\n<p>Ob es sch\u00f6n ist, in Brasilia zu leben? Keine Ahnung. Wir wohnen au\u00dferhalb und fahren immer nur mit dem Auto in die Stadt.<\/p>\n<p>Hier ein Blick \u00fcber den See auf die Stadt sowie ein Foto aus einem Hochhaus auf die Hauptstra\u00dfe des Nordfl\u00fcgels:<\/p>\n<p><a href=\"http:\/\/www.segunda-feira.de\/wp-content\/uploads\/2015\/04\/Das-andere-Ufer.jpg\"><img loading=\"lazy\" decoding=\"async\" class=\"alignnone  wp-image-290\" src=\"http:\/\/www.segunda-feira.de\/wp-content\/uploads\/2015\/04\/Das-andere-Ufer-300x225.jpg\" alt=\"Das andere Ufer\" width=\"270\" height=\"205\" \/><\/a><a href=\"http:\/\/www.segunda-feira.de\/wp-content\/uploads\/2015\/04\/Blick-aus-einem-Hochhaus.jpg\"><img loading=\"lazy\" decoding=\"async\" class=\"alignnone  wp-image-289\" src=\"http:\/\/www.segunda-feira.de\/wp-content\/uploads\/2015\/04\/Blick-aus-einem-Hochhaus-300x225.jpg\" alt=\"Blick aus einem Hochhaus\" width=\"270\" height=\"205\" \/><\/a><\/p>\n<p>Zu Mittag gegessen wird in Stra\u00dfenrestaurants, in denen man sich das Essen von einem B\u00fcffet nimmt. Danach wird der Teller gewogen und der Preis nach Gewicht bezahlt.<\/p>\n<p><a href=\"http:\/\/www.segunda-feira.de\/wp-content\/uploads\/2015\/04\/Stra\u00dfenrestaurant.jpg\"><img loading=\"lazy\" decoding=\"async\" class=\"alignnone  wp-image-294\" src=\"http:\/\/www.segunda-feira.de\/wp-content\/uploads\/2015\/04\/Stra\u00dfenrestaurant-300x225.jpg\" alt=\"Stra\u00dfenrestaurant\" width=\"270\" height=\"205\" \/><\/a><a href=\"http:\/\/www.segunda-feira.de\/wp-content\/uploads\/2015\/04\/Essen-nach-Kilogramm.jpg\"><img loading=\"lazy\" decoding=\"async\" class=\"alignnone  wp-image-293\" src=\"http:\/\/www.segunda-feira.de\/wp-content\/uploads\/2015\/04\/Essen-nach-Kilogramm-300x225.jpg\" alt=\"Essen nach Kilogramm\" width=\"270\" height=\"205\" \/><\/a><\/p>\n<p>Derzeit sind wir noch dabei, unser Haus mit M\u00f6beln auszustatten. M\u00f6bel und Haushaltsutensilien kauft man in Brasilia \u00fcbrigens auf Garagesales.<\/p>\n<p><a href=\"http:\/\/www.segunda-feira.de\/wp-content\/uploads\/2015\/04\/Garagesale.jpg\"><img loading=\"lazy\" decoding=\"async\" class=\"alignnone  wp-image-296\" src=\"http:\/\/www.segunda-feira.de\/wp-content\/uploads\/2015\/04\/Garagesale-300x225.jpg\" alt=\"Garagesale\" width=\"270\" height=\"205\" \/><\/a><a href=\"http:\/\/www.segunda-feira.de\/wp-content\/uploads\/2015\/04\/Garagenverkauf.jpg\"><img loading=\"lazy\" decoding=\"async\" class=\"alignnone  wp-image-295\" src=\"http:\/\/www.segunda-feira.de\/wp-content\/uploads\/2015\/04\/Garagenverkauf-300x225.jpg\" alt=\"Garagenverkauf\" width=\"270\" height=\"205\" \/><\/a><\/p>\n<p>Dort trifft man dann zum Beispiel scheidende US-amerikanische Botschaftsangeh\u00f6rige, die einem von ihren Erfahrungen in Brasilien berichten.<\/p>\n<p>Bei den Elektroger\u00e4ten muss man aufpassen, f\u00fcr welche Spannung sie geeignet sind. In Brasilia gibt es Stadtteile mit 110 und mit 220 Volt. Bei uns zuhause haben wir 220, manchmal auch nur 110 und hin und wieder auch 0 Volt.<\/p>\n<p>Wenn man in den Garagenverk\u00e4ufen nicht das Richtige findet, kann man auch in die Stra\u00dfe mit den Antikm\u00f6belverk\u00e4ufern fahren. Die M\u00f6bel sind nicht wirklich antik, sondern nur aus altem Massivholz gefertigt, dann lackiert und wieder grob geschliffen, damit es antik aussieht. Der Preis hingegen gibt sich selbstbewusst. Wenn man bereit ist, tief in die Tasche zu greifen, kann man sich es zuhause einrichten wie bei den alten Kolonialherren.<\/p>\n<p><a href=\"http:\/\/www.segunda-feira.de\/wp-content\/uploads\/2015\/04\/Pseudoantik1.jpg\"><img loading=\"lazy\" decoding=\"async\" class=\"alignnone  wp-image-297\" src=\"http:\/\/www.segunda-feira.de\/wp-content\/uploads\/2015\/04\/Pseudoantik1-300x225.jpg\" alt=\"Pseudoantik1\" width=\"270\" height=\"205\" \/><\/a><a href=\"http:\/\/www.segunda-feira.de\/wp-content\/uploads\/2015\/04\/Pseudoantik2.jpg\"><img loading=\"lazy\" decoding=\"async\" class=\"alignnone  wp-image-298\" src=\"http:\/\/www.segunda-feira.de\/wp-content\/uploads\/2015\/04\/Pseudoantik2-300x225.jpg\" alt=\"Pseudoantik2\" width=\"270\" height=\"205\" \/><\/a><a href=\"http:\/\/www.segunda-feira.de\/wp-content\/uploads\/2015\/04\/Pseudoantik3.jpg\"><img loading=\"lazy\" decoding=\"async\" class=\"alignnone  wp-image-299\" src=\"http:\/\/www.segunda-feira.de\/wp-content\/uploads\/2015\/04\/Pseudoantik3-300x225.jpg\" alt=\"Pseudoantik3\" width=\"270\" height=\"205\" \/><\/a><a href=\"http:\/\/www.segunda-feira.de\/wp-content\/uploads\/2015\/04\/Pseudoantik4.jpg\"><img loading=\"lazy\" decoding=\"async\" class=\"alignnone  wp-image-300\" src=\"http:\/\/www.segunda-feira.de\/wp-content\/uploads\/2015\/04\/Pseudoantik4-300x225.jpg\" alt=\"Pseudoantik4\" width=\"270\" height=\"205\" \/><\/a><\/p>\n<p>Zum Schluss noch eine Stra\u00dfenszene aus einer der Satellitenst\u00e4dte au\u00dferhalb von Brasilia. Verkauft werden Schuhe zu einem g\u00fcnstigen Preis vor einem Haushaltswarenmarkt.<\/p>\n<p><iframe loading=\"lazy\" src=\"http:\/\/www.youtube.com\/embed\/lDbm59_ddCQ?rel=0&amp;modestbranding=1\" width=\"560\" height=\"315\" frameborder=\"0\"><\/iframe><\/p>\n","protected":false},"excerpt":{"rendered":"<p>Wie vieleicht dem einen oder anderen bekannt ist Brasilia eine Retortenstadt, die zwischen 1956 und 1960 aus dem Boden gestampft wurde. Die Einheimischen nennen die Stadt auch Plano Piloto, nach dem urspr\u00fcnglichen Plan des verantwortlichen St\u00e4dtebauers L\u00facio Costa. Von oben &hellip; <a href=\"http:\/\/www.segunda-feira.de\/?p=287\">Weiterlesen <span class=\"meta-nav\">&rarr;<\/span><\/a><\/p>\n","protected":false},"author":1,"featured_media":0,"comment_status":"open","ping_status":"open","sticky":false,"template":"","format":"standard","meta":{"jetpack_post_was_ever_published":false,"_jetpack_newsletter_access":"","_jetpack_dont_email_post_to_subs":false,"_jetpack_newsletter_tier_id":0,"_jetpack_memberships_contains_paywalled_content":false,"_jetpack_memberships_contains_paid_content":false,"footnotes":"","jetpack_publicize_message":"Leben in Brasilia http:\/\/wp.me\/p64WYd-4D","jetpack_publicize_feature_enabled":true,"jetpack_social_post_already_shared":true,"jetpack_social_options":{"image_generator_settings":{"template":"highway","default_image_id":0,"font":"","enabled":false},"version":2}},"categories":[1,15],"tags":[],"class_list":["post-287","post","type-post","status-publish","format-standard","hentry","category-allgemein","category-alltag"],"jetpack_publicize_connections":[],"jetpack_featured_media_url":"","jetpack_sharing_enabled":true,"jetpack_shortlink":"https:\/\/wp.me\/p64WYd-4D","jetpack_likes_enabled":true,"_links":{"self":[{"href":"http:\/\/www.segunda-feira.de\/index.php?rest_route=\/wp\/v2\/posts\/287","targetHints":{"allow":["GET"]}}],"collection":[{"href":"http:\/\/www.segunda-feira.de\/index.php?rest_route=\/wp\/v2\/posts"}],"about":[{"href":"http:\/\/www.segunda-feira.de\/index.php?rest_route=\/wp\/v2\/types\/post"}],"author":[{"embeddable":true,"href":"http:\/\/www.segunda-feira.de\/index.php?rest_route=\/wp\/v2\/users\/1"}],"replies":[{"embeddable":true,"href":"http:\/\/www.segunda-feira.de\/index.php?rest_route=%2Fwp%2Fv2%2Fcomments&post=287"}],"version-history":[{"count":9,"href":"http:\/\/www.segunda-feira.de\/index.php?rest_route=\/wp\/v2\/posts\/287\/revisions"}],"predecessor-version":[{"id":407,"href":"http:\/\/www.segunda-feira.de\/index.php?rest_route=\/wp\/v2\/posts\/287\/revisions\/407"}],"wp:attachment":[{"href":"http:\/\/www.segunda-feira.de\/index.php?rest_route=%2Fwp%2Fv2%2Fmedia&parent=287"}],"wp:term":[{"taxonomy":"category","embeddable":true,"href":"http:\/\/www.segunda-feira.de\/index.php?rest_route=%2Fwp%2Fv2%2Fcategories&post=287"},{"taxonomy":"post_tag","embeddable":true,"href":"http:\/\/www.segunda-feira.de\/index.php?rest_route=%2Fwp%2Fv2%2Ftags&post=287"}],"curies":[{"name":"wp","href":"https:\/\/api.w.org\/{rel}","templated":true}]}}